{"id":8179,"date":"2026-01-17T12:36:32","date_gmt":"2026-01-17T09:36:32","guid":{"rendered":"https:\/\/backlinkdanismani.com\/icerik\/?p=8179"},"modified":"2026-01-17T12:36:36","modified_gmt":"2026-01-17T09:36:36","slug":"cekemeyenlere-sozler","status":"publish","type":"post","link":"https:\/\/backlinkdanismani.com\/icerik\/cekemeyenlere-sozler\/","title":{"rendered":"\u00c7ekemeyenlere S\u00f6zler (A\u011f\u0131r, Kapak, K\u0131sa, Haval\u0131)"},"content":{"rendered":"\n<p>\u00c7ekemeyenlere s\u00f6zler; kendini savunmak i\u00e7in de\u011fil, <strong>seviyeni g\u00f6stermek<\/strong> i\u00e7indir. En etkili c\u00fcmleler kar\u015f\u0131 taraf\u0131 hedef almaz; <strong>kendi yoluna odakland\u0131\u011f\u0131n\u0131<\/strong> belli eder. Sosyal medyada en \u00e7ok payla\u015f\u0131lanlar; sakin ama iddial\u0131 olanlard\u0131r.<\/p>\n\n\n\n<blockquote class=\"wp-block-quote is-layout-flow wp-block-quote-is-layout-flow\">\n<p>Bilgi: Psikoloji ara\u015ft\u0131rmalar\u0131, k\u0131skan\u00e7l\u0131\u011fa verilen en g\u00fc\u00e7l\u00fc tepkinin <strong>ba\u015far\u0131y\u0131 normalle\u015ftirip mesafeyi korumak<\/strong> oldu\u011funu g\u00f6sterir. G\u00f6steri\u015f de\u011fil, tutarl\u0131l\u0131k daha \u00e7ok rahats\u0131z eder.<\/p>\n<\/blockquote>\n\n\n\n<h2 class=\"wp-block-heading\">\ud83d\ude0f K\u0131skan\u00e7 \u0130nsanlara Kapak S\u00f6zler<\/h2>\n\n\n\n<p>Kapak s\u00f6zler ba\u011f\u0131rmaz; <strong>yerine oturur<\/strong>.<\/p>\n\n\n\n<p><strong>Kapak S\u00f6zler<\/strong><\/p>\n\n\n\n<ul class=\"wp-block-list\">\n<li>Ben yoluma bakar\u0131m, sen beni izlersin.<\/li>\n\n\n\n<li>K\u0131skan\u00e7l\u0131k, ba\u015fkas\u0131n\u0131n hayat\u0131n\u0131 izleme hastal\u0131\u011f\u0131d\u0131r.<\/li>\n\n\n\n<li>U\u011fra\u015fan \u00e7ok, yeti\u015fen az.<\/li>\n\n\n\n<li>Ben y\u00fckselirken sen yorum yapt\u0131n.<\/li>\n\n\n\n<li>Aynaya bak, sorun orada.<\/li>\n\n\n\n<li>Ben \u00e7al\u0131\u015f\u0131r\u0131m, sen konu\u015fursun.<\/li>\n\n\n\n<li>Seviye fark\u0131 sessiz olur.<\/li>\n\n\n\n<li>Rahats\u0131z oluyorsan do\u011fru yolday\u0131m.<\/li>\n<\/ul>\n\n\n\n<h3 class=\"wp-block-heading\">Daha Fazla Kapak \ud83d\udee1\ufe0f<\/h3>\n\n\n\n<figure class=\"wp-block-table\"><table class=\"has-fixed-layout\"><thead><tr><th>S\u00f6z<\/th><th>Ton<\/th><th>His<\/th><\/tr><\/thead><tbody><tr><td>Yorum yapt\u0131n<\/td><td>\u00dcstten<\/td><td>\u00d6zg\u00fcven<\/td><\/tr><tr><td>Seviye fark\u0131<\/td><td>Net<\/td><td>G\u00fc\u00e7<\/td><\/tr><tr><td>Do\u011fru yol<\/td><td>Sakin<\/td><td>Kararl\u0131l\u0131k<\/td><\/tr><tr><td>\u0130zlersin<\/td><td>Mesafe<\/td><td>Kontrol<\/td><\/tr><\/tbody><\/table><\/figure>\n\n\n\n<h2 class=\"wp-block-heading\">\ud83c\udfad Dost Gibi G\u00f6r\u00fcnenler S\u00f6zler<\/h2>\n\n\n\n<p>Bu s\u00f6zler <strong>iki y\u00fczl\u00fc yak\u0131nl\u0131klar\u0131<\/strong> hedef al\u0131r.<\/p>\n\n\n\n<p><strong>Dost Gibi G\u00f6r\u00fcnenlere<\/strong><\/p>\n\n\n\n<ul class=\"wp-block-list\">\n<li>Dost gibi g\u00f6r\u00fcn\u00fcr, arkadan izler.<\/li>\n\n\n\n<li>Yan\u0131mda sessiz, arkamda konu\u015fkan.<\/li>\n\n\n\n<li>G\u00fcl\u00fc\u015f\u00fcn sahteyse mesafen ger\u00e7ek olsun.<\/li>\n\n\n\n<li>Dostluk maske kald\u0131rmaz.<\/li>\n\n\n\n<li>Yan\u0131mda de\u011fil, yolumda ol.<\/li>\n\n\n\n<li>Rol yapanla ba\u011f kurulmaz.<\/li>\n\n\n\n<li>Ger\u00e7ek dost k\u0131skanmaz.<\/li>\n\n\n\n<li>Maskeler zamanla d\u00fc\u015fer.<\/li>\n<\/ul>\n\n\n\n<h3 class=\"wp-block-heading\">Daha Fazla S\u00f6z \ud83c\udfad<\/h3>\n\n\n\n<figure class=\"wp-block-table\"><table class=\"has-fixed-layout\"><thead><tr><th>S\u00f6z<\/th><th>Vurgu<\/th><th>His<\/th><\/tr><\/thead><tbody><tr><td>Maskeler d\u00fc\u015fer<\/td><td>Ger\u00e7ek<\/td><td>Netlik<\/td><\/tr><tr><td>Rol yapan<\/td><td>\u0130kiy\u00fczl\u00fcl\u00fck<\/td><td>Mesafe<\/td><\/tr><tr><td>Ger\u00e7ek dost<\/td><td>De\u011fer<\/td><td>G\u00fcven<\/td><\/tr><tr><td>Yolumda ol<\/td><td>S\u0131n\u0131r<\/td><td>Kontrol<\/td><\/tr><\/tbody><\/table><\/figure>\n\n\n\n<h2 class=\"wp-block-heading\">\ud83c\udfc6 D\u00fc\u015fman\u0131 K\u0131skand\u0131ran S\u00f6zler<\/h2>\n\n\n\n<p>Bu s\u00f6zler <strong>sessiz ba\u015far\u0131y\u0131<\/strong> anlat\u0131r.<\/p>\n\n\n\n<p><strong>K\u0131skand\u0131ran S\u00f6zler<\/strong><\/p>\n\n\n\n<ul class=\"wp-block-list\">\n<li>Sessiz \u00e7al\u0131\u015f\u0131r\u0131m, g\u00fcr\u00fclt\u00fcl\u00fc kazan\u0131r\u0131m.<\/li>\n\n\n\n<li>Ben ilerlerim, dedikodu geride kal\u0131r.<\/li>\n\n\n\n<li>Ba\u015far\u0131 a\u00e7\u0131klama istemez.<\/li>\n\n\n\n<li>Yolum uzun, hedefim net.<\/li>\n\n\n\n<li>Ben i\u015fime bakar\u0131m.<\/li>\n\n\n\n<li>Sonu\u00e7lar konu\u015fur.<\/li>\n\n\n\n<li>Y\u00fckseli\u015f sessiz olur.<\/li>\n\n\n\n<li>Ayn\u0131 yerde saymam.<\/li>\n<\/ul>\n\n\n\n<h3 class=\"wp-block-heading\">Daha Fazla \ud83e\udd47<\/h3>\n\n\n\n<figure class=\"wp-block-table\"><table class=\"has-fixed-layout\"><thead><tr><th>S\u00f6z<\/th><th>Stil<\/th><th>His<\/th><\/tr><\/thead><tbody><tr><td>Sessiz \u00e7al\u0131\u015f\u0131r\u0131m<\/td><td>So\u011fukkanl\u0131<\/td><td>G\u00fc\u00e7<\/td><\/tr><tr><td>Sonu\u00e7lar konu\u015fur<\/td><td>Net<\/td><td>\u00d6zg\u00fcven<\/td><\/tr><tr><td>Hedefim net<\/td><td>Kararl\u0131<\/td><td>\u0130ddia<\/td><\/tr><tr><td>Y\u00fckseli\u015f<\/td><td>Minimal<\/td><td>Etki<\/td><\/tr><\/tbody><\/table><\/figure>\n\n\n\n<h2 class=\"wp-block-heading\">\ud83d\ude80 Ba\u015far\u0131y\u0131 K\u0131skananlara S\u00f6zler<\/h2>\n\n\n\n<p>Ba\u015far\u0131 k\u0131skan\u00e7l\u0131\u011f\u0131na verilen en iyi cevap <strong>istikrar<\/strong>d\u0131r.<\/p>\n\n\n\n<p><strong>Ba\u015far\u0131ya K\u0131skananlara<\/strong><\/p>\n\n\n\n<ul class=\"wp-block-list\">\n<li>Ben \u00e7al\u0131\u015ft\u0131m, \u015fans dediler.<\/li>\n\n\n\n<li>Emek g\u00f6r\u00fcnmez ama sonu\u00e7 parlar.<\/li>\n\n\n\n<li>Ba\u015far\u0131 rahats\u0131z eder.<\/li>\n\n\n\n<li>Ben vazge\u00e7medim.<\/li>\n\n\n\n<li>Zirve kalabal\u0131k sevmez.<\/li>\n\n\n\n<li>Herkes ister, az\u0131 \u00f6der.<\/li>\n\n\n\n<li>Yorum de\u011fil, emek laz\u0131m.<\/li>\n\n\n\n<li>Yoluma devam ediyorum.<\/li>\n<\/ul>\n\n\n\n<h3 class=\"wp-block-heading\">Daha Fazla \ud83d\udcc8<\/h3>\n\n\n\n<figure class=\"wp-block-table\"><table class=\"has-fixed-layout\"><thead><tr><th>S\u00f6z<\/th><th>Mesaj<\/th><th>His<\/th><\/tr><\/thead><tbody><tr><td>Emek<\/td><td>Ger\u00e7ek<\/td><td>Tatmin<\/td><\/tr><tr><td>Zirve<\/td><td>Se\u00e7icilik<\/td><td>\u00dcst\u00fcnl\u00fck<\/td><\/tr><tr><td>Bedel<\/td><td>Ciddiyet<\/td><td>Kararl\u0131l\u0131k<\/td><\/tr><tr><td>Devam<\/td><td>S\u00fcreklilik<\/td><td>G\u00fc\u00e7<\/td><\/tr><\/tbody><\/table><\/figure>\n\n\n\n<h2 class=\"wp-block-heading\">\ud83e\uddf1 \u00c7ekemeyenlere Kapak S\u00f6zler<\/h2>\n\n\n\n<p>Bu s\u00f6zler <strong>tek c\u00fcmlede mesaj<\/strong> verir.<\/p>\n\n\n\n<p><strong>Kapak S\u00f6zler<\/strong><\/p>\n\n\n\n<ul class=\"wp-block-list\">\n<li>Benimle yar\u0131\u015fma, yolum farkl\u0131.<\/li>\n\n\n\n<li>Ayn\u0131 yerde de\u011filiz.<\/li>\n\n\n\n<li>Ben ilerlerken sen bakt\u0131n.<\/li>\n\n\n\n<li>Mesafem sebebin.<\/li>\n\n\n\n<li>Seviye tart\u0131\u015fmam.<\/li>\n\n\n\n<li>Yolum net.<\/li>\n\n\n\n<li>\u0130\u015fime bak\u0131yorum.<\/li>\n\n\n\n<li>Geriye bakmam.<\/li>\n<\/ul>\n\n\n\n<h3 class=\"wp-block-heading\">Daha Fazla \u26a1<\/h3>\n\n\n\n<figure class=\"wp-block-table\"><table class=\"has-fixed-layout\"><thead><tr><th>S\u00f6z<\/th><th>Kullan\u0131m<\/th><th>His<\/th><\/tr><\/thead><tbody><tr><td>Yolum farkl\u0131<\/td><td>Bio<\/td><td>Netlik<\/td><\/tr><tr><td>Ayn\u0131 yerde de\u011filiz<\/td><td>Story<\/td><td>\u00dcst\u00fcnl\u00fck<\/td><\/tr><tr><td>Mesafem<\/td><td>Durum<\/td><td>S\u0131n\u0131r<\/td><\/tr><tr><td>Geriye bakmam<\/td><td>Post<\/td><td>Kararl\u0131l\u0131k<\/td><\/tr><\/tbody><\/table><\/figure>\n\n\n\n<h2 class=\"wp-block-heading\">\ud83d\udd25 \u00c7ekemeyenlere A\u011f\u0131r S\u00f6zler<\/h2>\n\n\n\n<p>A\u011f\u0131r ama <strong>hakaret etmeden<\/strong>.<\/p>\n\n\n\n<p><strong>A\u011f\u0131r S\u00f6zler<\/strong><\/p>\n\n\n\n<ul class=\"wp-block-list\">\n<li>K\u0131skan\u00e7l\u0131k, ba\u015far\u0131n\u0131n g\u00f6lgesidir.<\/li>\n\n\n\n<li>Ayn\u0131 anda hem izleyip hem yeti\u015femezsin.<\/li>\n\n\n\n<li>Duru\u015fum seni rahats\u0131z ediyor.<\/li>\n\n\n\n<li>Seviye fark\u0131 konu\u015fmaz.<\/li>\n\n\n\n<li>Benimle u\u011fra\u015fma, kendinle ilgilen.<\/li>\n\n\n\n<li>Y\u00fckseli\u015fim senin bahanen oldu.<\/li>\n\n\n\n<li>Laf\u0131n \u00e7ok, yolun k\u0131sa.<\/li>\n\n\n\n<li>Sessizlik cevapt\u0131r.<\/li>\n<\/ul>\n\n\n\n<h3 class=\"wp-block-heading\">Daha Fazla \u2696\ufe0f<\/h3>\n\n\n\n<figure class=\"wp-block-table\"><table class=\"has-fixed-layout\"><thead><tr><th>S\u00f6z<\/th><th>Ton<\/th><th>His<\/th><\/tr><\/thead><tbody><tr><td>G\u00f6lge<\/td><td>\u00dcstten<\/td><td>G\u00fc\u00e7<\/td><\/tr><tr><td>Seviye fark\u0131<\/td><td>Net<\/td><td>Otorite<\/td><\/tr><tr><td>Sessizlik<\/td><td>So\u011fuk<\/td><td>Kontrol<\/td><\/tr><tr><td>Yolun k\u0131sa<\/td><td>Sert<\/td><td>Ger\u00e7ek\u00e7ilik<\/td><\/tr><\/tbody><\/table><\/figure>\n\n\n\n<h2 class=\"wp-block-heading\">\u2728 \u00c7ekemeyenlere Haval\u0131 S\u00f6zler<\/h2>\n\n\n\n<p>Haval\u0131 s\u00f6zler <strong>ego yapmaz<\/strong>, tarz g\u00f6sterir.<\/p>\n\n\n\n<p><strong>Haval\u0131 S\u00f6zler<\/strong><\/p>\n\n\n\n<ul class=\"wp-block-list\">\n<li>Ben ak\u0131yorum.<\/li>\n\n\n\n<li>Kendi kulvar\u0131mday\u0131m.<\/li>\n\n\n\n<li>Tempo bende.<\/li>\n\n\n\n<li>Yolum a\u00e7\u0131k.<\/li>\n\n\n\n<li>Netim.<\/li>\n\n\n\n<li>Ayn\u0131 frekansta de\u011filiz.<\/li>\n\n\n\n<li>Ben devam ediyorum.<\/li>\n\n\n\n<li>Geri kalan izler.<\/li>\n<\/ul>\n\n\n\n<h3 class=\"wp-block-heading\">Daha Fazla \ud83d\ude0c<\/h3>\n\n\n\n<figure class=\"wp-block-table\"><table class=\"has-fixed-layout\"><thead><tr><th>S\u00f6z<\/th><th>Stil<\/th><th>His<\/th><\/tr><\/thead><tbody><tr><td>Kendi kulvar\u0131m<\/td><td>Modern<\/td><td>\u00d6zg\u00fcven<\/td><\/tr><tr><td>Tempo bende<\/td><td>Rahat<\/td><td>Kontrol<\/td><\/tr><tr><td>Frekans<\/td><td>Minimal<\/td><td>Mesafe<\/td><\/tr><tr><td>Yolum a\u00e7\u0131k<\/td><td>Net<\/td><td>Kararl\u0131l\u0131k<\/td><\/tr><\/tbody><\/table><\/figure>\n\n\n\n<h2 class=\"wp-block-heading\">En S\u0131k Yap\u0131lan Hatalar<\/h2>\n\n\n\n<ul class=\"wp-block-list\">\n<li>Hakaret ederek seviye d\u00fc\u015f\u00fcrmek<\/li>\n\n\n\n<li>S\u00fcrekli laf yeti\u015ftirmek<\/li>\n\n\n\n<li>Ba\u015far\u0131y\u0131 abart\u0131l\u0131 anlatmak<\/li>\n\n\n\n<li>Her ele\u015ftiriye cevap vermek<\/li>\n\n\n\n<li>Duygusal patlamayla payla\u015f\u0131m yapmak<\/li>\n<\/ul>\n\n\n\n<h2 class=\"wp-block-heading\">Uzman \u00d6nerisi<\/h2>\n\n\n\n<p>\u0130leti\u015fim ve performans uzmanlar\u0131na g\u00f6re k\u0131skan\u00e7l\u0131\u011f\u0131 en \u00e7ok tetikleyen \u015fey <strong>sessiz istikrar<\/strong>d\u0131r. K\u0131sa, net ve sakin s\u00f6zler; y\u00fcksek sesli savunmalardan \u00e7ok daha etkilidir. En iyi cevap, <strong>yola devam etmektir<\/strong>.<\/p>\n","protected":false},"excerpt":{"rendered":"<p>\u00c7ekemeyenlere s\u00f6zler; kendini savunmak i\u00e7in de\u011fil, seviyeni g\u00f6stermek i\u00e7indir. En etkili c\u00fcmleler kar\u015f\u0131 taraf\u0131 hedef almaz; kendi yoluna odakland\u0131\u011f\u0131n\u0131 belli eder. Sosyal medyada en \u00e7ok payla\u015f\u0131lanlar; sakin ama iddial\u0131 olanlard\u0131r. Bilgi: Psikoloji ara\u015ft\u0131rmalar\u0131, k\u0131skan\u00e7l\u0131\u011fa verilen en g\u00fc\u00e7l\u00fc tepkinin ba\u015far\u0131y\u0131 normalle\u015ftirip mesafeyi korumak oldu\u011funu g\u00f6sterir. G\u00f6steri\u015f de\u011fil, tutarl\u0131l\u0131k daha \u00e7ok rahats\u0131z eder. \ud83d\ude0f K\u0131skan\u00e7 \u0130nsanlara Kapak<\/p>\n","protected":false},"author":3,"featured_media":8180,"comment_status":"open","ping_status":"open","sticky":false,"template":"","format":"standard","meta":{"footnotes":"","_wpscppro_dont_share_socialmedia":false,"_wpscppro_custom_social_share_image":0,"_facebook_share_type":"default","_twitter_share_type":"default","_linkedin_share_type":"default","_pinterest_share_type":"default","_linkedin_share_type_page":"","_instagram_share_type":"default","_medium_share_type":"default","_threads_share_type":"default","_google_business_share_type":"default","_selected_social_profile":[],"_wpsp_enable_custom_social_template":false,"_wpsp_social_scheduling":{"enabled":false,"datetime":null,"platforms":[],"status":"template_only","dateOption":"today","timeOption":"now","customDays":"","customHours":"","customDate":"","customTime":"","schedulingType":"absolute"},"_wpsp_active_default_template":true},"categories":[34],"tags":[],"class_list":{"0":"post-8179","1":"post","2":"type-post","3":"status-publish","4":"format-standard","5":"has-post-thumbnail","7":"category-iliskiler-yasam"},"_links":{"self":[{"href":"https:\/\/backlinkdanismani.com\/icerik\/wp-json\/wp\/v2\/posts\/8179","targetHints":{"allow":["GET"]}}],"collection":[{"href":"https:\/\/backlinkdanismani.com\/icerik\/wp-json\/wp\/v2\/posts"}],"about":[{"href":"https:\/\/backlinkdanismani.com\/icerik\/wp-json\/wp\/v2\/types\/post"}],"author":[{"embeddable":true,"href":"https:\/\/backlinkdanismani.com\/icerik\/wp-json\/wp\/v2\/users\/3"}],"replies":[{"embeddable":true,"href":"https:\/\/backlinkdanismani.com\/icerik\/wp-json\/wp\/v2\/comments?post=8179"}],"version-history":[{"count":1,"href":"https:\/\/backlinkdanismani.com\/icerik\/wp-json\/wp\/v2\/posts\/8179\/revisions"}],"predecessor-version":[{"id":8181,"href":"https:\/\/backlinkdanismani.com\/icerik\/wp-json\/wp\/v2\/posts\/8179\/revisions\/8181"}],"wp:featuredmedia":[{"embeddable":true,"href":"https:\/\/backlinkdanismani.com\/icerik\/wp-json\/wp\/v2\/media\/8180"}],"wp:attachment":[{"href":"https:\/\/backlinkdanismani.com\/icerik\/wp-json\/wp\/v2\/media?parent=8179"}],"wp:term":[{"taxonomy":"category","embeddable":true,"href":"https:\/\/backlinkdanismani.com\/icerik\/wp-json\/wp\/v2\/categories?post=8179"},{"taxonomy":"post_tag","embeddable":true,"href":"https:\/\/backlinkdanismani.com\/icerik\/wp-json\/wp\/v2\/tags?post=8179"}],"curies":[{"name":"wp","href":"https:\/\/api.w.org\/{rel}","templated":true}]}}