{"id":8175,"date":"2026-01-17T12:29:31","date_gmt":"2026-01-17T09:29:31","guid":{"rendered":"https:\/\/backlinkdanismani.com\/icerik\/?p=8175"},"modified":"2026-01-17T12:29:35","modified_gmt":"2026-01-17T09:29:35","slug":"menfaat-sozleri","status":"publish","type":"post","link":"https:\/\/backlinkdanismani.com\/icerik\/menfaat-sozleri\/","title":{"rendered":"Menfaat S\u00f6zleri (A\u011f\u0131r, K\u0131sa, Kapak, Ayetler)"},"content":{"rendered":"\n<p>Menfaat s\u00f6zleri; ba\u011f\u0131rmak i\u00e7in de\u011fil <strong>ay\u0131rt etmek<\/strong> i\u00e7indir. En etkili c\u00fcmleler sald\u0131rmaz; <strong>niyeti a\u00e7\u0131\u011fa \u00e7\u0131kar\u0131r<\/strong>. Sosyal medyada en \u00e7ok payla\u015f\u0131lanlar, k\u0131sa ama karakteri i\u015faret eden s\u00f6zlerdir.<\/p>\n\n\n\n<blockquote class=\"wp-block-quote is-layout-flow wp-block-quote-is-layout-flow\">\n<p>Bilgi: Davran\u0131\u015f psikolojisine g\u00f6re \u00e7\u0131kar ili\u015fkilerinde en g\u00fc\u00e7l\u00fc tepki, <strong>duygusal patlama de\u011fil tutarl\u0131 mesafe<\/strong>dir. K\u0131sa ve net s\u00f6zler daha \u00e7ok kaydedilir, daha az tart\u0131\u015fma do\u011furur.<\/p>\n<\/blockquote>\n\n\n\n<h2 class=\"wp-block-heading\">\u2702\ufe0f Menfaat ve \u00c7\u0131kar \u00dczerine S\u00f6zler K\u0131sa<\/h2>\n\n\n\n<p>K\u0131sa s\u00f6zler <strong>story, bio ve durum<\/strong> i\u00e7in idealdir.<\/p>\n\n\n\n<p><strong>K\u0131sa S\u00f6zler<\/strong><\/p>\n\n\n\n<ul class=\"wp-block-list\">\n<li>Menfaat bitti, y\u00fczler de\u011fi\u015fti.<\/li>\n\n\n\n<li>\u00c7\u0131kar varsa kalabal\u0131k olur.<\/li>\n\n\n\n<li>\u0130\u015fi biten gider.<\/li>\n\n\n\n<li>Menfaat dostlu\u011fu uzun s\u00fcrmez.<\/li>\n\n\n\n<li>\u00c7\u0131kar bitince ses kesilir.<\/li>\n\n\n\n<li>Menfaat, maskeyi d\u00fc\u015f\u00fcr\u00fcr.<\/li>\n\n\n\n<li>Fayda biter, ba\u011f kopar.<\/li>\n\n\n\n<li>Ger\u00e7ek y\u00fcz ge\u00e7 ortaya \u00e7\u0131kar.<\/li>\n<\/ul>\n\n\n\n<h3 class=\"wp-block-heading\">Daha Fazla K\u0131sa S\u00f6z \u26a1<\/h3>\n\n\n\n<figure class=\"wp-block-table\"><table class=\"has-fixed-layout\"><thead><tr><th>S\u00f6z<\/th><th>Kullan\u0131m<\/th><th>His<\/th><\/tr><\/thead><tbody><tr><td>Menfaat bitti<\/td><td>Story<\/td><td>Netlik<\/td><\/tr><tr><td>Y\u00fczler de\u011fi\u015fti<\/td><td>Bio<\/td><td>Uyan\u0131kl\u0131k<\/td><\/tr><tr><td>Ba\u011f kopar<\/td><td>Durum<\/td><td>Mesafe<\/td><\/tr><tr><td>Maske d\u00fc\u015fer<\/td><td>Post<\/td><td>Ger\u00e7ek\u00e7ilik<\/td><\/tr><\/tbody><\/table><\/figure>\n\n\n\n<h2 class=\"wp-block-heading\">\ud83e\udde0 \u00c7\u0131karc\u0131 \u0130nsanlar \u0130\u00e7in S\u00f6zler<\/h2>\n\n\n\n<p>Bu s\u00f6zler, <strong>ki\u015fiyi de\u011fil davran\u0131\u015f\u0131<\/strong> hedef al\u0131r.<\/p>\n\n\n\n<p><strong>\u00c7\u0131karc\u0131 \u0130nsanlara<\/strong><\/p>\n\n\n\n<ul class=\"wp-block-list\">\n<li>Menfaat i\u00e7in yakla\u015fan, fayda bitince uzakla\u015f\u0131r.<\/li>\n\n\n\n<li>\u00c7\u0131kar \u00fczerine kurulan ba\u011f, ilk r\u00fczg\u00e2rda da\u011f\u0131l\u0131r.<\/li>\n\n\n\n<li>Fayda kadar samimiyet olur.<\/li>\n\n\n\n<li>\u0130\u015f d\u00fc\u015f\u00fcnce hat\u0131rlan\u0131rs\u0131n.<\/li>\n\n\n\n<li>\u00c7\u0131kar bitince vefa da biter.<\/li>\n\n\n\n<li>Menfaat, dostlu\u011fu s\u0131nar.<\/li>\n\n\n\n<li>Hesapla gelen, hesapla gider.<\/li>\n\n\n\n<li>Ger\u00e7ek ba\u011f pazarl\u0131k yapmaz.<\/li>\n<\/ul>\n\n\n\n<h3 class=\"wp-block-heading\">Daha Fazla S\u00f6z \ud83e\udde9<\/h3>\n\n\n\n<figure class=\"wp-block-table\"><table class=\"has-fixed-layout\"><thead><tr><th>S\u00f6z<\/th><th>Vurgu<\/th><th>His<\/th><\/tr><\/thead><tbody><tr><td>Hesapla gelen<\/td><td>Niyet<\/td><td>Netlik<\/td><\/tr><tr><td>Pazarl\u0131k yapmaz<\/td><td>De\u011fer<\/td><td>Duru\u015f<\/td><\/tr><tr><td>\u0130lk r\u00fczg\u00e2r<\/td><td>Dayan\u0131ks\u0131zl\u0131k<\/td><td>Ger\u00e7ek<\/td><\/tr><tr><td>Hat\u0131rlan\u0131rs\u0131n<\/td><td>Kullan\u0131lma<\/td><td>Uyar\u0131<\/td><\/tr><\/tbody><\/table><\/figure>\n\n\n\n<h2 class=\"wp-block-heading\">\u23f3 Herkesin \u0130\u015fi Bitene Kadar S\u00f6zleri<\/h2>\n\n\n\n<p>Bu ba\u015fl\u0131k, <strong>kullan\u0131l\u0131p unutulma<\/strong> hissini anlat\u0131r.<\/p>\n\n\n\n<p><strong>\u0130\u015fi Bitene Kadar<\/strong><\/p>\n\n\n\n<ul class=\"wp-block-list\">\n<li>\u0130\u015fi bitene kadar yan\u0131ndalar.<\/li>\n\n\n\n<li>Laz\u0131m olunca aran\u0131rs\u0131n.<\/li>\n\n\n\n<li>\u0130\u015f g\u00f6r\u00fcnce kap\u0131n \u00e7al\u0131n\u0131r.<\/li>\n\n\n\n<li>Menfaat varken dostluk olur.<\/li>\n\n\n\n<li>\u0130htiya\u00e7 bitince mesafe girer.<\/li>\n\n\n\n<li>G\u00fcn gelir telefon susar.<\/li>\n\n\n\n<li>Ba\u011f de\u011fil, ihtiya\u00e7t\u0131r.<\/li>\n\n\n\n<li>Sessizlik cevap olur.<\/li>\n<\/ul>\n\n\n\n<h3 class=\"wp-block-heading\">Daha Fazla S\u00f6z \ud83d\udd70\ufe0f<\/h3>\n\n\n\n<figure class=\"wp-block-table\"><table class=\"has-fixed-layout\"><thead><tr><th>S\u00f6z<\/th><th>Tema<\/th><th>His<\/th><\/tr><\/thead><tbody><tr><td>Kap\u0131n \u00e7al\u0131n\u0131r<\/td><td>Kullan\u0131m<\/td><td>Fark\u0131ndal\u0131k<\/td><\/tr><tr><td>Telefon susar<\/td><td>Kopu\u015f<\/td><td>So\u011fukluk<\/td><\/tr><tr><td>\u0130htiya\u00e7t\u0131r<\/td><td>Ger\u00e7ek<\/td><td>Uyan\u0131\u015f<\/td><\/tr><tr><td>Sessizlik<\/td><td>Sonu\u00e7<\/td><td>Netlik<\/td><\/tr><\/tbody><\/table><\/figure>\n\n\n\n<h2 class=\"wp-block-heading\">\ud83d\udd4a\ufe0f Menfaat S\u00f6zleri (Mevl\u00e2n\u00e2 \u2013 Mana \u0130tibar\u0131yla)<\/h2>\n\n\n\n<blockquote class=\"wp-block-quote is-layout-flow wp-block-quote-is-layout-flow\">\n<p><strong>Not:<\/strong> A\u015fa\u011f\u0131daki ifadeler, Mevl\u00e2n\u00e2\u2019n\u0131n eserlerindeki <strong>ahlak ve niyet<\/strong> vurgusunun <strong>mana itibar\u0131yla<\/strong> \u00f6zetidir. Birebir al\u0131nt\u0131 de\u011fildir; yanl\u0131\u015f isnattan ka\u00e7\u0131n\u0131lm\u0131\u015ft\u0131r.<\/p>\n<\/blockquote>\n\n\n\n<p><strong>Mevl\u00e2n\u00e2\u2019n\u0131n D\u00fc\u015f\u00fcncesinden<\/strong><\/p>\n\n\n\n<ul class=\"wp-block-list\">\n<li>Menfaatle kurulan ba\u011f, hakikatle y\u00fcr\u00fcmez.<\/li>\n\n\n\n<li>Niyet bozuksa s\u00f6z s\u00fcs olur.<\/li>\n\n\n\n<li>\u00c7\u0131kar, g\u00f6nl\u00fc k\u00f6r eder.<\/li>\n\n\n\n<li>Hakikat pazarl\u0131k kabul etmez.<\/li>\n\n\n\n<li>Menfaat, a\u015fk\u0131 k\u00fc\u00e7\u00fclt\u00fcr.<\/li>\n\n\n\n<li>G\u00f6n\u00fcl hesab\u0131 sevmez.<\/li>\n\n\n\n<li>Safiyet, \u00e7\u0131karla bar\u0131nmaz.<\/li>\n\n\n\n<li>Do\u011fruluk menfaate s\u0131\u011fmaz.<\/li>\n<\/ul>\n\n\n\n<h3 class=\"wp-block-heading\">Daha Fazla Mana \ud83d\udd6f\ufe0f<\/h3>\n\n\n\n<figure class=\"wp-block-table\"><table class=\"has-fixed-layout\"><thead><tr><th>Tema<\/th><th>Mana<\/th><th>His<\/th><\/tr><\/thead><tbody><tr><td>Niyet<\/td><td>Safl\u0131k<\/td><td>Huzur<\/td><\/tr><tr><td>Hakikat<\/td><td>Pazarl\u0131ks\u0131z<\/td><td>Duru\u015f<\/td><\/tr><tr><td>G\u00f6n\u00fcl<\/td><td>Hesaps\u0131z<\/td><td>Derinlik<\/td><\/tr><tr><td>Do\u011fruluk<\/td><td>Net<\/td><td>G\u00fcven<\/td><\/tr><\/tbody><\/table><\/figure>\n\n\n\n<h2 class=\"wp-block-heading\">\ud83d\udd25 Menfaat S\u00f6zleri A\u011f\u0131r<\/h2>\n\n\n\n<p>A\u011f\u0131r s\u00f6zler <strong>hakaret etmeden<\/strong> a\u011f\u0131rl\u0131k ta\u015f\u0131r.<\/p>\n\n\n\n<p><strong>A\u011f\u0131r S\u00f6zler<\/strong><\/p>\n\n\n\n<ul class=\"wp-block-list\">\n<li>Menfaatle y\u00fcr\u00fcyen, ilk virajda d\u00fc\u015fer.<\/li>\n\n\n\n<li>\u00c7\u0131kar \u00fczerine kurulan karakter eksiktir.<\/li>\n\n\n\n<li>Fayda bitince duru\u015f da biter.<\/li>\n\n\n\n<li>Hesap yapanla yol al\u0131nmaz.<\/li>\n\n\n\n<li>Menfaat, insan\u0131 k\u00fc\u00e7\u00fclt\u00fcr.<\/li>\n\n\n\n<li>Duru\u015f, \u00e7\u0131karla \u00f6l\u00e7\u00fclmez.<\/li>\n\n\n\n<li>Maskeler menfaatte d\u00fc\u015fer.<\/li>\n\n\n\n<li>Seviye pazarl\u0131k kabul etmez.<\/li>\n<\/ul>\n\n\n\n<h3 class=\"wp-block-heading\">Daha Fazla A\u011f\u0131r S\u00f6z \u2696\ufe0f<\/h3>\n\n\n\n<figure class=\"wp-block-table\"><table class=\"has-fixed-layout\"><thead><tr><th>S\u00f6z<\/th><th>Ton<\/th><th>His<\/th><\/tr><\/thead><tbody><tr><td>\u0130lk viraj<\/td><td>Sert<\/td><td>Ger\u00e7ek\u00e7ilik<\/td><\/tr><tr><td>Karakter eksik<\/td><td>Net<\/td><td>\u00dcst\u00fcnl\u00fck<\/td><\/tr><tr><td>Seviye<\/td><td>Duru\u015f<\/td><td>G\u00fc\u00e7<\/td><\/tr><tr><td>Maskeler<\/td><td>A\u00e7\u0131\u011fa \u00e7\u0131k\u0131\u015f<\/td><td>Netlik<\/td><\/tr><\/tbody><\/table><\/figure>\n\n\n\n<h2 class=\"wp-block-heading\">\ud83e\uddca Bencil Menfaat S\u00f6zleri<\/h2>\n\n\n\n<p>Bencillik ve menfaat, <strong>de\u011fer bilmemek<\/strong>te birle\u015fir.<\/p>\n\n\n\n<p><strong>Bencil Menfaat S\u00f6zleri<\/strong><\/p>\n\n\n\n<ul class=\"wp-block-list\">\n<li>Kendini d\u00fc\u015f\u00fcnen, kimseyi tutamaz.<\/li>\n\n\n\n<li>Menfaat, bencilli\u011fi b\u00fcy\u00fct\u00fcr.<\/li>\n\n\n\n<li>Alan \u00e7ok, veren unutulur.<\/li>\n\n\n\n<li>Bencillik ba\u011flar\u0131 kurutur.<\/li>\n\n\n\n<li>Menfaatle sevgi olmaz.<\/li>\n\n\n\n<li>Kendine \u00e7al\u0131\u015fan yaln\u0131z kal\u0131r.<\/li>\n\n\n\n<li>Fayda biter, selam biter.<\/li>\n\n\n\n<li>Ger\u00e7ek ba\u011f fedak\u00e2rl\u0131k ister.<\/li>\n<\/ul>\n\n\n\n<h3 class=\"wp-block-heading\">Daha Fazla S\u00f6z \ud83e\udde0<\/h3>\n\n\n\n<figure class=\"wp-block-table\"><table class=\"has-fixed-layout\"><thead><tr><th>S\u00f6z<\/th><th>Vurgu<\/th><th>His<\/th><\/tr><\/thead><tbody><tr><td>Yaln\u0131z kal\u0131r<\/td><td>Sonu\u00e7<\/td><td>Uyar\u0131<\/td><\/tr><tr><td>Kurutur<\/td><td>Etki<\/td><td>So\u011fukluk<\/td><\/tr><tr><td>Fedak\u00e2rl\u0131k<\/td><td>De\u011fer<\/td><td>Derinlik<\/td><\/tr><tr><td>Selam biter<\/td><td>Kopu\u015f<\/td><td>Netlik<\/td><\/tr><\/tbody><\/table><\/figure>\n\n\n\n<h2 class=\"wp-block-heading\">\ud83d\udcd6 Menfaat \u0130le \u0130lgili Ayetler (Anlam Olarak)<\/h2>\n\n\n\n<blockquote class=\"wp-block-quote is-layout-flow wp-block-quote-is-layout-flow\">\n<p><strong>Not:<\/strong> A\u015fa\u011f\u0131da ayetlerin <strong>anlam\u0131na dayal\u0131<\/strong> \u00f6zetler verilmi\u015ftir; birebir mealler de\u011fildir. Ama\u00e7, <strong>niyet\u2013ahlak<\/strong> \u00e7er\u00e7evesini aktarmakt\u0131r.<\/p>\n<\/blockquote>\n\n\n\n<p><strong>Ayetlerin Anlam\u0131ndan \u00c7\u0131kan \u0130lkeler<\/strong><\/p>\n\n\n\n<ul class=\"wp-block-list\">\n<li>\u0130yilik, kar\u015f\u0131l\u0131k bekleyerek yap\u0131lmaz.<\/li>\n\n\n\n<li>D\u00fcnya menfaati ge\u00e7icidir.<\/li>\n\n\n\n<li>Do\u011fruluk, \u00e7\u0131karla \u00f6l\u00e7\u00fclmez.<\/li>\n\n\n\n<li>Haks\u0131z kazan\u00e7 bereket getirmez.<\/li>\n\n\n\n<li>Niyet, amelin \u00f6z\u00fcd\u00fcr.<\/li>\n\n\n\n<li>\u0130nsan, yapt\u0131\u011f\u0131n\u0131n kar\u015f\u0131l\u0131\u011f\u0131n\u0131 g\u00f6r\u00fcr.<\/li>\n<\/ul>\n\n\n\n<h3 class=\"wp-block-heading\">Anlam Tablosu \ud83d\udcda<\/h3>\n\n\n\n<figure class=\"wp-block-table\"><table class=\"has-fixed-layout\"><thead><tr><th>\u0130lke<\/th><th>Anlam<\/th><th>His<\/th><\/tr><\/thead><tbody><tr><td>\u0130yilik<\/td><td>Kar\u015f\u0131l\u0131ks\u0131z<\/td><td>Erdem<\/td><\/tr><tr><td>D\u00fcnya<\/td><td>Ge\u00e7ici<\/td><td>Fark\u0131ndal\u0131k<\/td><\/tr><tr><td>Do\u011fruluk<\/td><td>Pazarl\u0131ks\u0131z<\/td><td>G\u00fcven<\/td><\/tr><tr><td>Niyet<\/td><td>Esas<\/td><td>Ahlak<\/td><\/tr><\/tbody><\/table><\/figure>\n\n\n\n<h2 class=\"wp-block-heading\">En S\u0131k Yap\u0131lan Hatalar<\/h2>\n\n\n\n<ul class=\"wp-block-list\">\n<li>Hakaret ederek seviye d\u00fc\u015f\u00fcrmek<\/li>\n\n\n\n<li>Din\u00ee metinleri yanl\u0131\u015f atfetmek<\/li>\n\n\n\n<li>Uzun a\u00e7\u0131klamalarla polemi\u011fe girmek<\/li>\n\n\n\n<li>Her \u00e7\u0131kar ili\u015fkisinde genelleme yapmak<\/li>\n\n\n\n<li>Duygusal anlarda payla\u015f\u0131m yapmak<\/li>\n<\/ul>\n\n\n\n<h2 class=\"wp-block-heading\">Uzman \u00d6nerisi<\/h2>\n\n\n\n<p>\u0130leti\u015fim ve ahlak uzmanlar\u0131na g\u00f6re menfaat temal\u0131 durumlarda en etkili tutum <strong>s\u0131n\u0131r koymak ve tutarl\u0131 kalmak<\/strong>t\u0131r. K\u0131sa, sakin ve net s\u00f6zler; ba\u011f\u0131ran uzun metinlerden daha g\u00fc\u00e7l\u00fcd\u00fcr. Din\u00ee referanslar kullan\u0131l\u0131rken <strong>mana aktar\u0131m\u0131<\/strong> tercih edilmeli, do\u011fruluk korunmal\u0131d\u0131r.<\/p>\n","protected":false},"excerpt":{"rendered":"<p>Menfaat s\u00f6zleri; ba\u011f\u0131rmak i\u00e7in de\u011fil ay\u0131rt etmek i\u00e7indir. En etkili c\u00fcmleler sald\u0131rmaz; niyeti a\u00e7\u0131\u011fa \u00e7\u0131kar\u0131r. Sosyal medyada en \u00e7ok payla\u015f\u0131lanlar, k\u0131sa ama karakteri i\u015faret eden s\u00f6zlerdir. Bilgi: Davran\u0131\u015f psikolojisine g\u00f6re \u00e7\u0131kar ili\u015fkilerinde en g\u00fc\u00e7l\u00fc tepki, duygusal patlama de\u011fil tutarl\u0131 mesafedir. K\u0131sa ve net s\u00f6zler daha \u00e7ok kaydedilir, daha az tart\u0131\u015fma do\u011furur. \u2702\ufe0f Menfaat ve \u00c7\u0131kar<\/p>\n","protected":false},"author":3,"featured_media":8176,"comment_status":"open","ping_status":"open","sticky":false,"template":"","format":"standard","meta":{"footnotes":"","_wpscppro_dont_share_socialmedia":false,"_wpscppro_custom_social_share_image":0,"_facebook_share_type":"default","_twitter_share_type":"default","_linkedin_share_type":"default","_pinterest_share_type":"default","_linkedin_share_type_page":"","_instagram_share_type":"default","_medium_share_type":"default","_threads_share_type":"default","_google_business_share_type":"default","_selected_social_profile":[],"_wpsp_enable_custom_social_template":false,"_wpsp_social_scheduling":{"enabled":false,"datetime":null,"platforms":[],"status":"template_only","dateOption":"today","timeOption":"now","customDays":"","customHours":"","customDate":"","customTime":"","schedulingType":"absolute"},"_wpsp_active_default_template":true},"categories":[34],"tags":[],"class_list":{"0":"post-8175","1":"post","2":"type-post","3":"status-publish","4":"format-standard","5":"has-post-thumbnail","7":"category-iliskiler-yasam"},"_links":{"self":[{"href":"https:\/\/backlinkdanismani.com\/icerik\/wp-json\/wp\/v2\/posts\/8175","targetHints":{"allow":["GET"]}}],"collection":[{"href":"https:\/\/backlinkdanismani.com\/icerik\/wp-json\/wp\/v2\/posts"}],"about":[{"href":"https:\/\/backlinkdanismani.com\/icerik\/wp-json\/wp\/v2\/types\/post"}],"author":[{"embeddable":true,"href":"https:\/\/backlinkdanismani.com\/icerik\/wp-json\/wp\/v2\/users\/3"}],"replies":[{"embeddable":true,"href":"https:\/\/backlinkdanismani.com\/icerik\/wp-json\/wp\/v2\/comments?post=8175"}],"version-history":[{"count":2,"href":"https:\/\/backlinkdanismani.com\/icerik\/wp-json\/wp\/v2\/posts\/8175\/revisions"}],"predecessor-version":[{"id":8178,"href":"https:\/\/backlinkdanismani.com\/icerik\/wp-json\/wp\/v2\/posts\/8175\/revisions\/8178"}],"wp:featuredmedia":[{"embeddable":true,"href":"https:\/\/backlinkdanismani.com\/icerik\/wp-json\/wp\/v2\/media\/8176"}],"wp:attachment":[{"href":"https:\/\/backlinkdanismani.com\/icerik\/wp-json\/wp\/v2\/media?parent=8175"}],"wp:term":[{"taxonomy":"category","embeddable":true,"href":"https:\/\/backlinkdanismani.com\/icerik\/wp-json\/wp\/v2\/categories?post=8175"},{"taxonomy":"post_tag","embeddable":true,"href":"https:\/\/backlinkdanismani.com\/icerik\/wp-json\/wp\/v2\/tags?post=8175"}],"curies":[{"name":"wp","href":"https:\/\/api.w.org\/{rel}","templated":true}]}}