{"id":8172,"date":"2026-01-17T12:25:15","date_gmt":"2026-01-17T09:25:15","guid":{"rendered":"https:\/\/backlinkdanismani.com\/icerik\/?p=8172"},"modified":"2026-01-17T12:25:20","modified_gmt":"2026-01-17T09:25:20","slug":"iki-yuzlu-insanlara-sozler","status":"publish","type":"post","link":"https:\/\/backlinkdanismani.com\/icerik\/iki-yuzlu-insanlara-sozler\/","title":{"rendered":"\u0130ki Y\u00fczl\u00fc \u0130nsanlara S\u00f6zler (A\u011f\u0131r, Kapak, K\u0131sa)"},"content":{"rendered":"\n<p>\u0130ki y\u00fczl\u00fc insanlara s\u00f6zler, ba\u011f\u0131rmak i\u00e7in de\u011fil <strong>ay\u0131rt etmek ve mesafe koymak<\/strong> i\u00e7indir. En etkili c\u00fcmleler sald\u0131rmaz; <strong>karakteri i\u015faret eder<\/strong>. Sosyal medyada en \u00e7ok payla\u015f\u0131lan s\u00f6zler, sakin ama net olanlard\u0131r.<\/p>\n\n\n\n<blockquote class=\"wp-block-quote is-layout-flow wp-block-quote-is-layout-flow\">\n<p>Bilgi: Psikoloji ve ileti\u015fim ara\u015ft\u0131rmalar\u0131, iki y\u00fczl\u00fc davran\u0131\u015flara verilen en g\u00fc\u00e7l\u00fc tepkinin <strong>duygusal patlama de\u011fil, tutarl\u0131 mesafe<\/strong> oldu\u011funu g\u00f6sterir. K\u0131sa ve net s\u00f6zler daha fazla kaydedilir.<\/p>\n<\/blockquote>\n\n\n\n<h2 class=\"wp-block-heading\">\ud83d\udd4c Peygamber Efendimizin \u0130ki Y\u00fczl\u00fc \u0130nsanlara S\u00f6zler (Hadislerden Anlam)<\/h2>\n\n\n\n<blockquote class=\"wp-block-quote is-layout-flow wp-block-quote-is-layout-flow\">\n<p><strong>\u00d6nemli Not:<\/strong> A\u015fa\u011f\u0131daki ifadeler, <strong>sahih hadislerin anlam\u0131na dayal\u0131 \u00f6zet\/parafraz<\/strong> niteli\u011findedir. Birebir al\u0131nt\u0131 de\u011fildir; yanl\u0131\u015f isnattan ka\u00e7\u0131nmak i\u00e7in <strong>mana aktar\u0131m\u0131<\/strong> yap\u0131lm\u0131\u015ft\u0131r.<\/p>\n<\/blockquote>\n\n\n\n<p><strong>Hadislerin Anlam\u0131ndan \u00c7\u0131kan Mesajlar<\/strong><\/p>\n\n\n\n<ul class=\"wp-block-list\">\n<li>M\u00fcnaf\u0131\u011f\u0131n alameti, konu\u015ftu\u011funda yalan s\u00f6ylemesidir.<\/li>\n\n\n\n<li>S\u00f6z verdi\u011finde s\u00f6z\u00fcnde durmayan g\u00fcven vermez.<\/li>\n\n\n\n<li>Emanete ihanet edenin iman\u0131 eksiktir.<\/li>\n\n\n\n<li>\u0130ki y\u00fczl\u00fcl\u00fck, ahlak zaaf\u0131d\u0131r.<\/li>\n\n\n\n<li>Dil ile kalp bir olmad\u0131k\u00e7a do\u011fruluk olmaz.<\/li>\n\n\n\n<li>\u0130nsanlar\u0131n en k\u00f6t\u00fcs\u00fc, iki y\u00fczle dola\u015fand\u0131r.<\/li>\n<\/ul>\n\n\n\n<h3 class=\"wp-block-heading\">Daha Fazla Din\u00ee Mana \ud83d\udd4a\ufe0f<\/h3>\n\n\n\n<figure class=\"wp-block-table\"><table class=\"has-fixed-layout\"><thead><tr><th>Tema<\/th><th>Anlam<\/th><th>Verdi\u011fi His<\/th><\/tr><\/thead><tbody><tr><td>Do\u011fruluk<\/td><td>S\u00f6z\u2013\u00f6z birli\u011fi<\/td><td>G\u00fcven<\/td><\/tr><tr><td>Emanet<\/td><td>Sadakat<\/td><td>Sorumluluk<\/td><\/tr><tr><td>Yalan<\/td><td>\u0130ki y\u00fczl\u00fcl\u00fck<\/td><td>Uyar\u0131<\/td><\/tr><tr><td>Ahlak<\/td><td>D\u00fcr\u00fcstl\u00fck<\/td><td>Huzur<\/td><\/tr><\/tbody><\/table><\/figure>\n\n\n\n<h2 class=\"wp-block-heading\">\ud83e\udde0 Bencil ve Nank\u00f6r \u0130nsanlara S\u00f6zler<\/h2>\n\n\n\n<p>Bencillik ve nank\u00f6rl\u00fck, ayn\u0131 k\u00f6kten beslenir: <strong>de\u011fer bilmemek<\/strong>.<\/p>\n\n\n\n<p><strong>Bencil ve Nank\u00f6rlere<\/strong><\/p>\n\n\n\n<ul class=\"wp-block-list\">\n<li>Kendini d\u00fc\u015f\u00fcnen, kimseyi tutamaz.<\/li>\n\n\n\n<li>\u0130yili\u011fi unutan, g\u00fcveni kaybeder.<\/li>\n\n\n\n<li>Alan \u00e7ok, hat\u0131rlayan az.<\/li>\n\n\n\n<li>Nank\u00f6rl\u00fck, karakter a\u00e7\u0131\u011f\u0131d\u0131r.<\/li>\n\n\n\n<li>Bencillik yaln\u0131z b\u0131rak\u0131r.<\/li>\n\n\n\n<li>De\u011fer bilmeyen, de\u011fer kaybeder.<\/li>\n\n\n\n<li>Minnet duymayan, ba\u011f kuramaz.<\/li>\n\n\n\n<li>Verilen eme\u011fi yok sayan kaybolur.<\/li>\n<\/ul>\n\n\n\n<h3 class=\"wp-block-heading\">Daha Fazla S\u00f6z \ud83e\udde9<\/h3>\n\n\n\n<figure class=\"wp-block-table\"><table class=\"has-fixed-layout\"><thead><tr><th>S\u00f6z<\/th><th>Vurgu<\/th><th>His<\/th><\/tr><\/thead><tbody><tr><td>De\u011fer bilmez<\/td><td>Karakter<\/td><td>Netlik<\/td><\/tr><tr><td>Yaln\u0131z b\u0131rak\u0131r<\/td><td>Sonu\u00e7<\/td><td>Ger\u00e7ek\u00e7ilik<\/td><\/tr><tr><td>G\u00fcven kayb\u0131<\/td><td>\u0130li\u015fki<\/td><td>Mesafe<\/td><\/tr><tr><td>Ba\u011f kopar<\/td><td>Uyar\u0131<\/td><td>So\u011fukluk<\/td><\/tr><\/tbody><\/table><\/figure>\n\n\n\n<h2 class=\"wp-block-heading\">\u2702\ufe0f \u0130ki Y\u00fczl\u00fc \u0130nsanlar \u0130\u00e7in K\u0131sa S\u00f6zler<\/h2>\n\n\n\n<p>K\u0131sa s\u00f6zler <strong>story, bio ve durum<\/strong> i\u00e7in idealdir.<\/p>\n\n\n\n<p><strong>K\u0131sa S\u00f6zler<\/strong><\/p>\n\n\n\n<ul class=\"wp-block-list\">\n<li>Maskeler d\u00fc\u015fer.<\/li>\n\n\n\n<li>Y\u00fcz ba\u015fka, kalp ba\u015fka.<\/li>\n\n\n\n<li>\u0130ki y\u00fcz, tek niyet.<\/li>\n\n\n\n<li>Duru\u015fun yok.<\/li>\n\n\n\n<li>S\u00f6z\u00fcnle yoksun.<\/li>\n\n\n\n<li>Samimiyet sahte.<\/li>\n\n\n\n<li>Mesafem net.<\/li>\n\n\n\n<li>Yoluma bakar\u0131m.<\/li>\n<\/ul>\n\n\n\n<h3 class=\"wp-block-heading\">Daha Fazla K\u0131sa S\u00f6z \u26a1<\/h3>\n\n\n\n<figure class=\"wp-block-table\"><table class=\"has-fixed-layout\"><thead><tr><th>S\u00f6z<\/th><th>Kullan\u0131m<\/th><th>His<\/th><\/tr><\/thead><tbody><tr><td>Maskeler d\u00fc\u015fer<\/td><td>Story<\/td><td>Netlik<\/td><\/tr><tr><td>Mesafem net<\/td><td>Bio<\/td><td>S\u0131n\u0131r<\/td><\/tr><tr><td>Yoluma bakar\u0131m<\/td><td>Durum<\/td><td>G\u00fc\u00e7<\/td><\/tr><tr><td>Samimiyet sahte<\/td><td>Post<\/td><td>Uyar\u0131<\/td><\/tr><\/tbody><\/table><\/figure>\n\n\n\n<h2 class=\"wp-block-heading\">\u2702\ufe0f \u0130ki Y\u00fczl\u00fc \u0130nsanlar \u0130\u00e7in K\u0131sa S\u00f6zler<\/h2>\n\n\n\n<p>K\u0131sa s\u00f6zler <strong>story, bio ve durum<\/strong> i\u00e7in idealdir.<\/p>\n\n\n\n<p><strong>K\u0131sa S\u00f6zler<\/strong><\/p>\n\n\n\n<ul class=\"wp-block-list\">\n<li>Maskeler d\u00fc\u015fer.<\/li>\n\n\n\n<li>Y\u00fcz ba\u015fka, kalp ba\u015fka.<\/li>\n\n\n\n<li>\u0130ki y\u00fcz, tek niyet.<\/li>\n\n\n\n<li>Duru\u015fun yok.<\/li>\n\n\n\n<li>S\u00f6z\u00fcnle yoksun.<\/li>\n\n\n\n<li>Samimiyet sahte.<\/li>\n\n\n\n<li>Mesafem net.<\/li>\n\n\n\n<li>Yoluma bakar\u0131m.<\/li>\n<\/ul>\n\n\n\n<h3 class=\"wp-block-heading\">Daha Fazla K\u0131sa S\u00f6z \u26a1<\/h3>\n\n\n\n<figure class=\"wp-block-table\"><table class=\"has-fixed-layout\"><thead><tr><th>S\u00f6z<\/th><th>Kullan\u0131m<\/th><th>His<\/th><\/tr><\/thead><tbody><tr><td>Maskeler d\u00fc\u015fer<\/td><td>Story<\/td><td>Netlik<\/td><\/tr><tr><td>Mesafem net<\/td><td>Bio<\/td><td>S\u0131n\u0131r<\/td><\/tr><tr><td>Yoluma bakar\u0131m<\/td><td>Durum<\/td><td>G\u00fc\u00e7<\/td><\/tr><tr><td>Samimiyet sahte<\/td><td>Post<\/td><td>Uyar\u0131<\/td><\/tr><\/tbody><\/table><\/figure>\n\n\n\n<h2 class=\"wp-block-heading\">\ud83d\udd25 \u0130ki Y\u00fcz \u0130nsanlara A\u011f\u0131r S\u00f6zler<\/h2>\n\n\n\n<p>A\u011f\u0131r s\u00f6zler <strong>hakaret etmeden<\/strong> a\u011f\u0131rl\u0131k ta\u015f\u0131r.<\/p>\n\n\n\n<p><strong>A\u011f\u0131r S\u00f6zler<\/strong><\/p>\n\n\n\n<ul class=\"wp-block-list\">\n<li>\u0130ki y\u00fczl\u00fcl\u00fck cesaret de\u011fil, korkudur.<\/li>\n\n\n\n<li>Ayn\u0131 anda iki masada oturan d\u00fc\u015fer.<\/li>\n\n\n\n<li>Maskeyle y\u00fcr\u00fcyen yolunu \u015fa\u015f\u0131r\u0131r.<\/li>\n\n\n\n<li>Duru\u015fun yoksa s\u00f6z\u00fcn de yok.<\/li>\n\n\n\n<li>Samimiyet rol olmaz.<\/li>\n\n\n\n<li>\u0130ki y\u00fcz, tek karakter etmez.<\/li>\n\n\n\n<li>Laf\u0131n \u00e7ok, a\u011f\u0131rl\u0131\u011f\u0131n yok.<\/li>\n\n\n\n<li>Mesafem seni korur.<\/li>\n<\/ul>\n\n\n\n<h3 class=\"wp-block-heading\">Daha Fazla A\u011f\u0131r S\u00f6z \u2696\ufe0f<\/h3>\n\n\n\n<figure class=\"wp-block-table\"><table class=\"has-fixed-layout\"><thead><tr><th>S\u00f6z<\/th><th>Ton<\/th><th>His<\/th><\/tr><\/thead><tbody><tr><td>Korkudur<\/td><td>Net<\/td><td>\u00dcst\u00fcnl\u00fck<\/td><\/tr><tr><td>Duru\u015f yok<\/td><td>Karakter<\/td><td>Sertlik<\/td><\/tr><tr><td>Rol olmaz<\/td><td>Ger\u00e7ek<\/td><td>Netlik<\/td><\/tr><tr><td>Mesafe<\/td><td>S\u0131n\u0131r<\/td><td>Kontrol<\/td><\/tr><\/tbody><\/table><\/figure>\n\n\n\n<h2 class=\"wp-block-heading\">\ud83d\uded1 \u0130ki Y\u00fczl\u00fc \u0130nsanlara Kapak S\u00f6zler<\/h2>\n\n\n\n<p>Bu s\u00f6zler <strong>do\u011frudan mesaj<\/strong> verir, polemi\u011fe girmez.<\/p>\n\n\n\n<p><strong>Kapak S\u00f6zler<\/strong><\/p>\n\n\n\n<ul class=\"wp-block-list\">\n<li>Y\u00fcz\u00fcme s\u00f6yleyemedi\u011fini arkama b\u0131rakma.<\/li>\n\n\n\n<li>Samimiyet maske sevmez.<\/li>\n\n\n\n<li>Benimle derdin varsa, y\u00fcz\u00fcme gel.<\/li>\n\n\n\n<li>\u0130ki y\u00fczl\u00fcl\u00fckle yol y\u00fcr\u00fcnmez.<\/li>\n\n\n\n<li>Maskeni \u00e7\u0131kar, konu\u015f.<\/li>\n\n\n\n<li>Duru\u015fun yoksa yakla\u015fma.<\/li>\n\n\n\n<li>Mesafemi korurum.<\/li>\n\n\n\n<li>Yolum a\u00e7\u0131k.<\/li>\n<\/ul>\n\n\n\n<h3 class=\"wp-block-heading\">Daha Fazla Kapak \ud83c\udfaf<\/h3>\n\n\n\n<figure class=\"wp-block-table\"><table class=\"has-fixed-layout\"><thead><tr><th>S\u00f6z<\/th><th>Kullan\u0131m<\/th><th>His<\/th><\/tr><\/thead><tbody><tr><td>Y\u00fcz\u00fcme gel<\/td><td>Bio<\/td><td>Cesaret<\/td><\/tr><tr><td>Maske sevmez<\/td><td>Story<\/td><td>Netlik<\/td><\/tr><tr><td>Mesafemi korurum<\/td><td>Durum<\/td><td>S\u0131n\u0131r<\/td><\/tr><tr><td>Yolum a\u00e7\u0131k<\/td><td>Post<\/td><td>Kararl\u0131l\u0131k<\/td><\/tr><\/tbody><\/table><\/figure>\n\n\n\n<h2 class=\"wp-block-heading\">En S\u0131k Yap\u0131lan Hatalar<\/h2>\n\n\n\n<ul class=\"wp-block-list\">\n<li>Hakaret ederek seviye d\u00fc\u015f\u00fcrmek<\/li>\n\n\n\n<li>Uzun a\u00e7\u0131klamalarla polemi\u011fe girmek<\/li>\n\n\n\n<li>Din\u00ee s\u00f6zleri yanl\u0131\u015f atfetmek<\/li>\n\n\n\n<li>Herkese cevap vermek<\/li>\n\n\n\n<li>Duygusal patlamayla payla\u015f\u0131m yapmak<\/li>\n<\/ul>\n\n\n\n<h2 class=\"wp-block-heading\">Uzman \u00d6nerisi<\/h2>\n\n\n\n<p>\u0130leti\u015fim ve ahlak uzmanlar\u0131na g\u00f6re iki y\u00fczl\u00fc davran\u0131\u015flara kar\u015f\u0131 en g\u00fc\u00e7l\u00fc duru\u015f <strong>tutarl\u0131l\u0131k ve mesafe<\/strong>dir. K\u0131sa, sakin ve net ifadeler; ba\u011f\u0131ran uzun metinlerden daha etkilidir. Din\u00ee referans kullan\u0131rken <strong>mana aktar\u0131m\u0131<\/strong> tercih edilmeli, yanl\u0131\u015f isnattan ka\u00e7\u0131n\u0131lmal\u0131d\u0131r.<\/p>\n","protected":false},"excerpt":{"rendered":"<p>\u0130ki y\u00fczl\u00fc insanlara s\u00f6zler, ba\u011f\u0131rmak i\u00e7in de\u011fil ay\u0131rt etmek ve mesafe koymak i\u00e7indir. En etkili c\u00fcmleler sald\u0131rmaz; karakteri i\u015faret eder. Sosyal medyada en \u00e7ok payla\u015f\u0131lan s\u00f6zler, sakin ama net olanlard\u0131r. Bilgi: Psikoloji ve ileti\u015fim ara\u015ft\u0131rmalar\u0131, iki y\u00fczl\u00fc davran\u0131\u015flara verilen en g\u00fc\u00e7l\u00fc tepkinin duygusal patlama de\u011fil, tutarl\u0131 mesafe oldu\u011funu g\u00f6sterir. K\u0131sa ve net s\u00f6zler daha fazla<\/p>\n","protected":false},"author":3,"featured_media":8173,"comment_status":"open","ping_status":"open","sticky":false,"template":"","format":"standard","meta":{"footnotes":"","_wpscppro_dont_share_socialmedia":false,"_wpscppro_custom_social_share_image":0,"_facebook_share_type":"default","_twitter_share_type":"default","_linkedin_share_type":"default","_pinterest_share_type":"default","_linkedin_share_type_page":"","_instagram_share_type":"default","_medium_share_type":"default","_threads_share_type":"default","_google_business_share_type":"default","_selected_social_profile":[],"_wpsp_enable_custom_social_template":false,"_wpsp_social_scheduling":{"enabled":false,"datetime":null,"platforms":[],"status":"template_only","dateOption":"today","timeOption":"now","customDays":"","customHours":"","customDate":"","customTime":"","schedulingType":"absolute"},"_wpsp_active_default_template":true},"categories":[34],"tags":[],"class_list":{"0":"post-8172","1":"post","2":"type-post","3":"status-publish","4":"format-standard","5":"has-post-thumbnail","7":"category-iliskiler-yasam"},"_links":{"self":[{"href":"https:\/\/backlinkdanismani.com\/icerik\/wp-json\/wp\/v2\/posts\/8172","targetHints":{"allow":["GET"]}}],"collection":[{"href":"https:\/\/backlinkdanismani.com\/icerik\/wp-json\/wp\/v2\/posts"}],"about":[{"href":"https:\/\/backlinkdanismani.com\/icerik\/wp-json\/wp\/v2\/types\/post"}],"author":[{"embeddable":true,"href":"https:\/\/backlinkdanismani.com\/icerik\/wp-json\/wp\/v2\/users\/3"}],"replies":[{"embeddable":true,"href":"https:\/\/backlinkdanismani.com\/icerik\/wp-json\/wp\/v2\/comments?post=8172"}],"version-history":[{"count":1,"href":"https:\/\/backlinkdanismani.com\/icerik\/wp-json\/wp\/v2\/posts\/8172\/revisions"}],"predecessor-version":[{"id":8174,"href":"https:\/\/backlinkdanismani.com\/icerik\/wp-json\/wp\/v2\/posts\/8172\/revisions\/8174"}],"wp:featuredmedia":[{"embeddable":true,"href":"https:\/\/backlinkdanismani.com\/icerik\/wp-json\/wp\/v2\/media\/8173"}],"wp:attachment":[{"href":"https:\/\/backlinkdanismani.com\/icerik\/wp-json\/wp\/v2\/media?parent=8172"}],"wp:term":[{"taxonomy":"category","embeddable":true,"href":"https:\/\/backlinkdanismani.com\/icerik\/wp-json\/wp\/v2\/categories?post=8172"},{"taxonomy":"post_tag","embeddable":true,"href":"https:\/\/backlinkdanismani.com\/icerik\/wp-json\/wp\/v2\/tags?post=8172"}],"curies":[{"name":"wp","href":"https:\/\/api.w.org\/{rel}","templated":true}]}}