{"id":8157,"date":"2026-01-16T03:19:41","date_gmt":"2026-01-16T00:19:41","guid":{"rendered":"https:\/\/backlinkdanismani.com\/icerik\/?p=8157"},"modified":"2026-01-16T03:19:45","modified_gmt":"2026-01-16T00:19:45","slug":"asik-edici-sozler","status":"publish","type":"post","link":"https:\/\/backlinkdanismani.com\/icerik\/asik-edici-sozler\/","title":{"rendered":"A\u015f\u0131k Edici S\u00f6zler (K\u0131sa, Uzun, Romantik)"},"content":{"rendered":"\n<p>A\u015f\u0131k edici s\u00f6zler; ba\u011f\u0131ran de\u011fil <strong>yakla\u015fan<\/strong>, iddial\u0131 de\u011fil <strong>samimi<\/strong> olan c\u00fcmlelerdir. Sosyal medyada en \u00e7ok etkile\u015fim alan s\u00f6zler, kar\u015f\u0131 taraf\u0131 etkilemeye \u00e7al\u0131\u015ft\u0131\u011f\u0131n\u0131 belli etmez; <strong>hissettirir<\/strong>.<\/p>\n\n\n\n<blockquote class=\"wp-block-quote is-layout-flow wp-block-quote-is-layout-flow\">\n<p>Bilgi: \u0130leti\u015fim ara\u015ft\u0131rmalar\u0131na g\u00f6re romantik mesajlarda en g\u00fc\u00e7l\u00fc etki, \u201csahip olma\u201d de\u011fil <strong>g\u00f6r\u00fclme hissi<\/strong> yaratan c\u00fcmlelerle olu\u015fur. \u201cSeninle\u2026\u201d ile ba\u015flayan, bask\u0131 kurmayan s\u00f6zler daha \u00e7ok kaydedilir ve cevap al\u0131r.<\/p>\n<\/blockquote>\n\n\n\n<h2 class=\"wp-block-heading\">\ud83d\udc9e K\u0131z\u0131 Kendine A\u015f\u0131k Edici S\u00f6zler Uzun<\/h2>\n\n\n\n<p>Uzun s\u00f6zler, derin ba\u011f kurmak i\u00e7in idealdir. Bu mesajlar genelde <strong>DM veya WhatsApp<\/strong>\u2019ta g\u00f6nderilir, sonra story olur.<\/p>\n\n\n\n<p><strong>Uzun A\u015f\u0131k Edici S\u00f6zler<\/strong><\/p>\n\n\n\n<ul class=\"wp-block-list\">\n<li>Seninle konu\u015ftu\u011fumda zaman\u0131n nas\u0131l ge\u00e7ti\u011fini anlam\u0131yorum. Bu hissi bana ba\u015fka kimse ya\u015fatmad\u0131.<\/li>\n\n\n\n<li>Yan\u0131mda olmad\u0131\u011f\u0131nda bile varl\u0131\u011f\u0131n\u0131 hissediyorum. Bu \u00e7ok garip ama \u00e7ok g\u00fczel.<\/li>\n\n\n\n<li>Seninle olmak, d\u00fcnyay\u0131 biraz daha yumu\u015fak yap\u0131yor.<\/li>\n\n\n\n<li>G\u00fcl\u00fc\u015f\u00fcnle kalbimde sessiz bir yer a\u00e7t\u0131n.<\/li>\n\n\n\n<li>Seni tan\u0131d\u0131k\u00e7a, hayat\u0131n acele edilmemesi gerekti\u011fini anl\u0131yorum.<\/li>\n\n\n\n<li>Seninle konu\u015fmak bana iyi geliyor.<\/li>\n\n\n\n<li>Kalbim seni tan\u0131d\u0131.<\/li>\n\n\n\n<li>Belki de arad\u0131\u011f\u0131m his sensin.<\/li>\n<\/ul>\n\n\n\n<h3 class=\"wp-block-heading\">Daha Fazla A\u015f\u0131k Edici S\u00f6z \ud83d\udc8c<\/h3>\n\n\n\n<figure class=\"wp-block-table\"><table class=\"has-fixed-layout\"><thead><tr><th>S\u00f6z<\/th><th>Stil<\/th><th>Verdi\u011fi His<\/th><\/tr><\/thead><tbody><tr><td>Zaman duruyor<\/td><td>Duygusal<\/td><td>Yak\u0131nl\u0131k<\/td><\/tr><tr><td>Varl\u0131\u011f\u0131n\u0131 hissediyorum<\/td><td>Derin<\/td><td>Ba\u011f<\/td><\/tr><tr><td>Bana iyi geliyorsun<\/td><td>Samimi<\/td><td>G\u00fcven<\/td><\/tr><tr><td>Arad\u0131\u011f\u0131m his<\/td><td>Romantik<\/td><td>Merak<\/td><\/tr><\/tbody><\/table><\/figure>\n\n\n\n<h2 class=\"wp-block-heading\">\ud83d\udcab K\u0131z\u0131 Kendine A\u015f\u0131k Edici S\u00f6zler K\u0131sa<\/h2>\n\n\n\n<p>K\u0131sa s\u00f6zler <strong>story, DM ve bio<\/strong> i\u00e7in en etkili format.<\/p>\n\n\n\n<p><strong>K\u0131sa A\u015f\u0131k Edici S\u00f6zler<\/strong><\/p>\n\n\n\n<ul class=\"wp-block-list\">\n<li>Seninle konu\u015fmak g\u00fczel.<\/li>\n\n\n\n<li>Kalbim seni sevdi.<\/li>\n\n\n\n<li>Sana bir \u015feyler hissediyorum.<\/li>\n\n\n\n<li>G\u00fcl\u00fc\u015f\u00fcn yetiyor.<\/li>\n\n\n\n<li>Sen farkl\u0131s\u0131n.<\/li>\n\n\n\n<li>Yan\u0131mda ol.<\/li>\n\n\n\n<li>Bana iyi geliyorsun.<\/li>\n\n\n\n<li>Seni merak ediyorum.<\/li>\n<\/ul>\n\n\n\n<h3 class=\"wp-block-heading\">Daha Fazla K\u0131sa S\u00f6z \u2728<\/h3>\n\n\n\n<figure class=\"wp-block-table\"><table class=\"has-fixed-layout\"><thead><tr><th>S\u00f6z<\/th><th>Kullan\u0131m<\/th><th>His<\/th><\/tr><\/thead><tbody><tr><td>Sen farkl\u0131s\u0131n<\/td><td>DM<\/td><td>Merak<\/td><\/tr><tr><td>G\u00fcl\u00fc\u015f\u00fcn yetiyor<\/td><td>Story<\/td><td>S\u0131cakl\u0131k<\/td><\/tr><tr><td>Bana iyi geliyorsun<\/td><td>Mesaj<\/td><td>G\u00fcven<\/td><\/tr><tr><td>Seni merak ediyorum<\/td><td>Bio<\/td><td>\u00c7ekim<\/td><\/tr><\/tbody><\/table><\/figure>\n\n\n\n<h2 class=\"wp-block-heading\">\u2764\ufe0f K\u0131sa A\u015fk S\u00f6zleri<\/h2>\n\n\n\n<p>Bu s\u00f6zler <strong>herkesle payla\u015f\u0131labilir<\/strong>, hafif ama etkili.<\/p>\n\n\n\n<p><strong>K\u0131sa A\u015fk S\u00f6zleri<\/strong><\/p>\n\n\n\n<ul class=\"wp-block-list\">\n<li>Kalbim seninle.<\/li>\n\n\n\n<li>Seni seviyorum.<\/li>\n\n\n\n<li>Yan\u0131mda ol.<\/li>\n\n\n\n<li>Birlikte g\u00fczeliz.<\/li>\n\n\n\n<li>Sen bana iyi geliyorsun.<\/li>\n\n\n\n<li>G\u00fcl\u00fc\u015f\u00fcn huzur.<\/li>\n\n\n\n<li>Sana aitim.<\/li>\n\n\n\n<li>Seninleyim.<\/li>\n<\/ul>\n\n\n\n<h3 class=\"wp-block-heading\">Daha Fazla K\u0131sa A\u015fk S\u00f6z\u00fc \ud83c\udf39<\/h3>\n\n\n\n<figure class=\"wp-block-table\"><table class=\"has-fixed-layout\"><thead><tr><th>S\u00f6z<\/th><th>Ton<\/th><th>His<\/th><\/tr><\/thead><tbody><tr><td>Kalbim seninle<\/td><td>Romantik<\/td><td>Ba\u011f<\/td><\/tr><tr><td>Yan\u0131mda ol<\/td><td>Yak\u0131n<\/td><td>G\u00fcven<\/td><\/tr><tr><td>Birlikte g\u00fczeliz<\/td><td>Pozitif<\/td><td>Aidiyet<\/td><\/tr><tr><td>G\u00fcl\u00fc\u015f\u00fcn huzur<\/td><td>Yumu\u015fak<\/td><td>Huzur<\/td><\/tr><\/tbody><\/table><\/figure>\n\n\n\n<h2 class=\"wp-block-heading\">\ud83d\udc95 Sevgili A\u015f\u0131k Edici S\u00f6zler<\/h2>\n\n\n\n<p>Sevgiliye s\u00f6ylenen a\u015f\u0131k edici s\u00f6zler, ili\u015fkiyi <strong>taze tutar<\/strong>. Sosyal medyada en \u00e7ok payla\u015f\u0131lanlar bu gruptur.<\/p>\n\n\n\n<p><strong>Sevgiliye A\u015f\u0131k Edici S\u00f6zler<\/strong><\/p>\n\n\n\n<ul class=\"wp-block-list\">\n<li>Seni her g\u00fcn yeniden seviyorum.<\/li>\n\n\n\n<li>Yan\u0131mda oldu\u011fun her an k\u0131ymetli.<\/li>\n\n\n\n<li>Seninle olmak bana cesaret veriyor.<\/li>\n\n\n\n<li>Kalbim seni se\u00e7ti.<\/li>\n\n\n\n<li>Sana bak\u0131nca ba\u015fka bir \u015fey d\u00fc\u015f\u00fcnemiyorum.<\/li>\n\n\n\n<li>Sen benim en g\u00fczel al\u0131\u015fkanl\u0131\u011f\u0131ms\u0131n.<\/li>\n\n\n\n<li>Seni sevmek \u00e7ok kolay.<\/li>\n\n\n\n<li>\u0130yi ki vars\u0131n.<\/li>\n<\/ul>\n\n\n\n<h3 class=\"wp-block-heading\">Daha Fazla S\u00f6z \ud83d\udc96<\/h3>\n\n\n\n<figure class=\"wp-block-table\"><table class=\"has-fixed-layout\"><thead><tr><th>S\u00f6z<\/th><th>Kullan\u0131m<\/th><th>His<\/th><\/tr><\/thead><tbody><tr><td>Yeniden seviyorum<\/td><td>Post<\/td><td>Tazelik<\/td><\/tr><tr><td>En g\u00fczel al\u0131\u015fkanl\u0131k<\/td><td>Story<\/td><td>Ba\u011f<\/td><\/tr><tr><td>Kalbim seni se\u00e7ti<\/td><td>DM<\/td><td>Kararl\u0131l\u0131k<\/td><\/tr><tr><td>\u0130yi ki vars\u0131n<\/td><td>Payla\u015f\u0131m<\/td><td>\u015e\u00fckran<\/td><\/tr><\/tbody><\/table><\/figure>\n\n\n\n<h2 class=\"wp-block-heading\">\ud83c\udf39 Romantik A\u015f\u0131k Edici S\u00f6zler<\/h2>\n\n\n\n<p>Romantik s\u00f6zler daha yumu\u015fak ve \u015fiirsel bir dil ta\u015f\u0131r.<\/p>\n\n\n\n<p><strong>Romantik S\u00f6zler<\/strong><\/p>\n\n\n\n<ul class=\"wp-block-list\">\n<li>G\u00f6zlerinde sakin bir yer var.<\/li>\n\n\n\n<li>Sesin kalbime iyi geliyor.<\/li>\n\n\n\n<li>Seninle hayat daha yava\u015f.<\/li>\n\n\n\n<li>G\u00fcl\u00fc\u015f\u00fcn i\u00e7imi \u0131s\u0131t\u0131yor.<\/li>\n\n\n\n<li>Yan\u0131nda olmak huzur.<\/li>\n\n\n\n<li>Seni d\u00fc\u015f\u00fcnmek g\u00fczel.<\/li>\n\n\n\n<li>Kalbim seni tan\u0131d\u0131.<\/li>\n\n\n\n<li>Sen benim en g\u00fczel tesad\u00fcf\u00fcms\u00fcn.<\/li>\n<\/ul>\n\n\n\n<h3 class=\"wp-block-heading\">Daha Fazla Romantik S\u00f6z \ud83c\udf19<\/h3>\n\n\n\n<figure class=\"wp-block-table\"><table class=\"has-fixed-layout\"><thead><tr><th>S\u00f6z<\/th><th>Stil<\/th><th>His<\/th><\/tr><\/thead><tbody><tr><td>En g\u00fczel tesad\u00fcf<\/td><td>\u015eiirsel<\/td><td>Romantizm<\/td><\/tr><tr><td>\u0130\u00e7imi \u0131s\u0131t\u0131yor<\/td><td>Yumu\u015fak<\/td><td>S\u0131cakl\u0131k<\/td><\/tr><tr><td>Hayat yava\u015f<\/td><td>Derin<\/td><td>Huzur<\/td><\/tr><tr><td>Kalbim tan\u0131d\u0131<\/td><td>Duygusal<\/td><td>Ba\u011f<\/td><\/tr><\/tbody><\/table><\/figure>\n\n\n\n<h2 class=\"wp-block-heading\">\ud83c\udf0d \u0130ngilizce A\u015f\u0131k Edici S\u00f6zler<\/h2>\n\n\n\n<p>\u0130ngilizce s\u00f6zler \u00f6zellikle <strong>story ve bio<\/strong> payla\u015f\u0131mlar\u0131nda y\u00fcksek etkile\u015fim al\u0131r.<\/p>\n\n\n\n<p><strong>English Romantic Lines<\/strong><\/p>\n\n\n\n<ul class=\"wp-block-list\">\n<li><em>You make my heart feel calm.<\/em><\/li>\n\n\n\n<li><em>I feel something real with you.<\/em><\/li>\n\n\n\n<li><em>You feel like home to me.<\/em><\/li>\n\n\n\n<li><em>I like who I am when I\u2019m with you.<\/em><\/li>\n\n\n\n<li><em>You make things softer.<\/em><\/li>\n\n\n\n<li><em>My heart chose you.<\/em><\/li>\n\n\n\n<li><em>You\u2019re my favorite feeling.<\/em><\/li>\n\n\n\n<li><em>I\u2019m drawn to you.<\/em><\/li>\n<\/ul>\n\n\n\n<h3 class=\"wp-block-heading\">More Romantic Lines \u2728<\/h3>\n\n\n\n<figure class=\"wp-block-table\"><table class=\"has-fixed-layout\"><thead><tr><th>English<\/th><th>Meaning<\/th><th>Feeling<\/th><\/tr><\/thead><tbody><tr><td>You feel like home<\/td><td>Ev gibi<\/td><td>G\u00fcven<\/td><\/tr><tr><td>My heart chose you<\/td><td>Kalbim seni se\u00e7ti<\/td><td>Ba\u011f<\/td><\/tr><tr><td>Favorite feeling<\/td><td>En g\u00fczel his<\/td><td>Sevgi<\/td><\/tr><tr><td>Drawn to you<\/td><td>Sana \u00e7ekiliyorum<\/td><td>\u00c7ekim<\/td><\/tr><\/tbody><\/table><\/figure>\n\n\n\n<h2 class=\"wp-block-heading\">En S\u0131k Yap\u0131lan Hatalar<\/h2>\n\n\n\n<ul class=\"wp-block-list\">\n<li>Fazla iddial\u0131, bask\u0131 kuran c\u00fcmleler<\/li>\n\n\n\n<li>Kopya ve herkesin kulland\u0131\u011f\u0131 s\u00f6zler<\/li>\n\n\n\n<li>Kar\u015f\u0131 taraf\u0131 idealize edip ger\u00e7eklikten kopmak<\/li>\n\n\n\n<li>\u00c7ok uzun ama ruhsuz metinler<\/li>\n\n\n\n<li>\u0130lk a\u015famada \u201csahiplenici\u201d dil kullanmak<\/li>\n<\/ul>\n\n\n\n<h2 class=\"wp-block-heading\">Uzman \u00d6nerisi<\/h2>\n\n\n\n<p>\u0130li\u015fki ve ileti\u015fim uzmanlar\u0131na g\u00f6re birini a\u015f\u0131k eden s\u00f6zler <strong>s\u00f6yleneni de\u011fil, hissettirileni<\/strong> merkeze al\u0131r. \u201cSeni istiyorum\u201d yerine \u201cSeninle iyi hissediyorum\u201d gibi ifadeler, kar\u015f\u0131 tarafta daha g\u00fc\u00e7l\u00fc ve g\u00fcvenli bir ba\u011f olu\u015fturur.<\/p>\n","protected":false},"excerpt":{"rendered":"<p>A\u015f\u0131k edici s\u00f6zler; ba\u011f\u0131ran de\u011fil yakla\u015fan, iddial\u0131 de\u011fil samimi olan c\u00fcmlelerdir. Sosyal medyada en \u00e7ok etkile\u015fim alan s\u00f6zler, kar\u015f\u0131 taraf\u0131 etkilemeye \u00e7al\u0131\u015ft\u0131\u011f\u0131n\u0131 belli etmez; hissettirir. Bilgi: \u0130leti\u015fim ara\u015ft\u0131rmalar\u0131na g\u00f6re romantik mesajlarda en g\u00fc\u00e7l\u00fc etki, \u201csahip olma\u201d de\u011fil g\u00f6r\u00fclme hissi yaratan c\u00fcmlelerle olu\u015fur. \u201cSeninle\u2026\u201d ile ba\u015flayan, bask\u0131 kurmayan s\u00f6zler daha \u00e7ok kaydedilir ve cevap al\u0131r. \ud83d\udc9e<\/p>\n","protected":false},"author":3,"featured_media":8158,"comment_status":"open","ping_status":"open","sticky":false,"template":"","format":"standard","meta":{"footnotes":"","_wpscppro_dont_share_socialmedia":false,"_wpscppro_custom_social_share_image":0,"_facebook_share_type":"default","_twitter_share_type":"default","_linkedin_share_type":"default","_pinterest_share_type":"default","_linkedin_share_type_page":"","_instagram_share_type":"default","_medium_share_type":"default","_threads_share_type":"default","_google_business_share_type":"default","_selected_social_profile":[],"_wpsp_enable_custom_social_template":false,"_wpsp_social_scheduling":{"enabled":false,"datetime":null,"platforms":[],"status":"template_only","dateOption":"today","timeOption":"now","customDays":"","customHours":"","customDate":"","customTime":"","schedulingType":"absolute"},"_wpsp_active_default_template":true},"categories":[34],"tags":[],"class_list":{"0":"post-8157","1":"post","2":"type-post","3":"status-publish","4":"format-standard","5":"has-post-thumbnail","7":"category-iliskiler-yasam"},"_links":{"self":[{"href":"https:\/\/backlinkdanismani.com\/icerik\/wp-json\/wp\/v2\/posts\/8157","targetHints":{"allow":["GET"]}}],"collection":[{"href":"https:\/\/backlinkdanismani.com\/icerik\/wp-json\/wp\/v2\/posts"}],"about":[{"href":"https:\/\/backlinkdanismani.com\/icerik\/wp-json\/wp\/v2\/types\/post"}],"author":[{"embeddable":true,"href":"https:\/\/backlinkdanismani.com\/icerik\/wp-json\/wp\/v2\/users\/3"}],"replies":[{"embeddable":true,"href":"https:\/\/backlinkdanismani.com\/icerik\/wp-json\/wp\/v2\/comments?post=8157"}],"version-history":[{"count":1,"href":"https:\/\/backlinkdanismani.com\/icerik\/wp-json\/wp\/v2\/posts\/8157\/revisions"}],"predecessor-version":[{"id":8159,"href":"https:\/\/backlinkdanismani.com\/icerik\/wp-json\/wp\/v2\/posts\/8157\/revisions\/8159"}],"wp:featuredmedia":[{"embeddable":true,"href":"https:\/\/backlinkdanismani.com\/icerik\/wp-json\/wp\/v2\/media\/8158"}],"wp:attachment":[{"href":"https:\/\/backlinkdanismani.com\/icerik\/wp-json\/wp\/v2\/media?parent=8157"}],"wp:term":[{"taxonomy":"category","embeddable":true,"href":"https:\/\/backlinkdanismani.com\/icerik\/wp-json\/wp\/v2\/categories?post=8157"},{"taxonomy":"post_tag","embeddable":true,"href":"https:\/\/backlinkdanismani.com\/icerik\/wp-json\/wp\/v2\/tags?post=8157"}],"curies":[{"name":"wp","href":"https:\/\/api.w.org\/{rel}","templated":true}]}}