{"id":8154,"date":"2026-01-16T03:09:49","date_gmt":"2026-01-16T00:09:49","guid":{"rendered":"https:\/\/backlinkdanismani.com\/icerik\/?p=8154"},"modified":"2026-01-16T03:09:53","modified_gmt":"2026-01-16T00:09:53","slug":"amca-yegen-sozleri-kisa-agir-canim-amcam","status":"publish","type":"post","link":"https:\/\/backlinkdanismani.com\/icerik\/amca-yegen-sozleri-kisa-agir-canim-amcam\/","title":{"rendered":"Amca Ye\u011fen S\u00f6zleri (K\u0131sa, A\u011f\u0131r, Can\u0131m Amcam)"},"content":{"rendered":"\n<p>Amca\u2013ye\u011fen ba\u011f\u0131, ne tamamen baba gibidir ne de s\u0131radan bir akrabal\u0131k. Bu ba\u011f; <strong>koruyucu, yol g\u00f6sterici ve sessiz bir destek<\/strong> i\u00e7erir. Sosyal medyada en \u00e7ok payla\u015f\u0131lan amca\u2013ye\u011fen s\u00f6zleri, g\u00f6steri\u015fli de\u011fil; <strong>samimi ve duru\u015flu<\/strong> olanlard\u0131r.<\/p>\n\n\n\n<blockquote class=\"wp-block-quote is-layout-flow wp-block-quote-is-layout-flow\">\n<p>Mikro: Aile ba\u011flar\u0131yla ilgili payla\u015f\u0131mlarda en y\u00fcksek etkile\u015fim alan s\u00f6zler; \u201crol\u201d anlatan de\u011fil, <strong>duygu ve duru\u015f<\/strong> anlatan k\u0131sa ama anlaml\u0131 c\u00fcmlelerdir. \u201cBaba yar\u0131s\u0131\u201d vurgusu \u00f6zellikle \u00f6ne \u00e7\u0131kar.<\/p>\n<\/blockquote>\n\n\n\n<h2 class=\"wp-block-heading\">\ud83c\udf1f En G\u00fczel Anlaml\u0131 Amca S\u00f6zleri<\/h2>\n\n\n\n<p>Bu s\u00f6zler, amcan\u0131n aile i\u00e7indeki yerini net \u015fekilde anlat\u0131r.<\/p>\n\n\n\n<p><strong>Anlaml\u0131 Amca S\u00f6zleri<\/strong><\/p>\n\n\n\n<ul class=\"wp-block-list\">\n<li>Amca dedi\u011fin, zor g\u00fcnde sessizce yan\u0131ndad\u0131r.<\/li>\n\n\n\n<li>Amcam varsa s\u0131rt\u0131m yere gelmez.<\/li>\n\n\n\n<li>Baba yar\u0131s\u0131 olmak laf de\u011fil, duru\u015ftur.<\/li>\n\n\n\n<li>Amca, g\u00fcven demektir.<\/li>\n\n\n\n<li>Ailemdeki en sa\u011flam dayanaklardan biri sensin.<\/li>\n\n\n\n<li>S\u00f6z\u00fc az, a\u011f\u0131rl\u0131\u011f\u0131 \u00e7ok oland\u0131r amca.<\/li>\n\n\n\n<li>Amcam\u0131n g\u00f6lgesi yeter.<\/li>\n\n\n\n<li>\u0130yi ki vars\u0131n amcam.<\/li>\n<\/ul>\n\n\n\n<h3 class=\"wp-block-heading\">Daha Fazla Anlaml\u0131 S\u00f6z \ud83c\udf3f<\/h3>\n\n\n\n<figure class=\"wp-block-table\"><table class=\"has-fixed-layout\"><thead><tr><th>S\u00f6z<\/th><th>Vurgu<\/th><th>Verdi\u011fi His<\/th><\/tr><\/thead><tbody><tr><td>Baba yar\u0131s\u0131<\/td><td>Aile rol\u00fc<\/td><td>G\u00fcven<\/td><\/tr><tr><td>Sessiz destek<\/td><td>Koruma<\/td><td>Huzur<\/td><\/tr><tr><td>A\u011f\u0131rl\u0131k<\/td><td>Karakter<\/td><td>Sayg\u0131<\/td><\/tr><tr><td>Dayanak<\/td><td>Ba\u011f<\/td><td>G\u00fc\u00e7<\/td><\/tr><\/tbody><\/table><\/figure>\n\n\n\n<h2 class=\"wp-block-heading\">\ud83e\uddd2 Ye\u011fen Amca S\u00f6zleri K\u0131sa<\/h2>\n\n\n\n<p>Ye\u011fenin amcaya s\u00f6yledi\u011fi s\u00f6zler genelde <strong>k\u0131sa ama i\u00e7tendir<\/strong>.<\/p>\n\n\n\n<p><strong>K\u0131sa Ye\u011fen\u2013Amca S\u00f6zleri<\/strong><\/p>\n\n\n\n<ul class=\"wp-block-list\">\n<li>\u0130yi ki amcams\u0131n.<\/li>\n\n\n\n<li>Sen yan\u0131mdayken tamam\u0131m.<\/li>\n\n\n\n<li>Amcam varsa sorun yok.<\/li>\n\n\n\n<li>G\u00fcven sensin.<\/li>\n\n\n\n<li>Hep arkamdas\u0131n.<\/li>\n\n\n\n<li>Amcam, can\u0131m.<\/li>\n\n\n\n<li>Varl\u0131\u011f\u0131n yeter.<\/li>\n\n\n\n<li>Sa\u011f ol amcam.<\/li>\n<\/ul>\n\n\n\n<h3 class=\"wp-block-heading\">Daha Fazla K\u0131sa S\u00f6z \u2728<\/h3>\n\n\n\n<figure class=\"wp-block-table\"><table class=\"has-fixed-layout\"><thead><tr><th>S\u00f6z<\/th><th>Kullan\u0131m<\/th><th>His<\/th><\/tr><\/thead><tbody><tr><td>\u0130yi ki amcams\u0131n<\/td><td>Story<\/td><td>Sevgi<\/td><\/tr><tr><td>Varl\u0131\u011f\u0131n yeter<\/td><td>DM<\/td><td>\u015e\u00fckran<\/td><\/tr><tr><td>G\u00fcven sensin<\/td><td>Payla\u015f\u0131m<\/td><td>Ba\u011f<\/td><\/tr><tr><td>Sa\u011f ol amcam<\/td><td>Mesaj<\/td><td>Samimiyet<\/td><\/tr><\/tbody><\/table><\/figure>\n\n\n\n<h2 class=\"wp-block-heading\">\ud83e\udde9 Ye\u011fen S\u00f6zleri K\u0131sa<\/h2>\n\n\n\n<p>Bu s\u00f6zler amcan\u0131n ye\u011fenine bak\u0131\u015f\u0131n\u0131 da yans\u0131t\u0131r; <strong>koruyucu ama mesafesiz<\/strong>.<\/p>\n\n\n\n<p><strong>K\u0131sa Ye\u011fen S\u00f6zleri<\/strong><\/p>\n\n\n\n<ul class=\"wp-block-list\">\n<li>Ye\u011fenim varsa umut var.<\/li>\n\n\n\n<li>Kan ba\u011f\u0131ndan \u00f6te ba\u011f\u0131m\u0131z var.<\/li>\n\n\n\n<li>Sen benim can\u0131ms\u0131n.<\/li>\n\n\n\n<li>Ye\u011fen, emanettir.<\/li>\n\n\n\n<li>Sana g\u00f6z\u00fcm gibi bakar\u0131m.<\/li>\n\n\n\n<li>Yolun a\u00e7\u0131k olsun.<\/li>\n\n\n\n<li>Yan\u0131nday\u0131m.<\/li>\n\n\n\n<li>G\u00fczel b\u00fcy\u00fc.<\/li>\n<\/ul>\n\n\n\n<h3 class=\"wp-block-heading\">Daha Fazla S\u00f6z \ud83e\udef6<\/h3>\n\n\n\n<figure class=\"wp-block-table\"><table class=\"has-fixed-layout\"><thead><tr><th>S\u00f6z<\/th><th>Y\u00f6n<\/th><th>His<\/th><\/tr><\/thead><tbody><tr><td>Emanetsin<\/td><td>Koruma<\/td><td>\u015eefkat<\/td><\/tr><tr><td>Yan\u0131nday\u0131m<\/td><td>Destek<\/td><td>G\u00fcven<\/td><\/tr><tr><td>Can\u0131ms\u0131n<\/td><td>Sevgi<\/td><td>Yak\u0131nl\u0131k<\/td><\/tr><tr><td>Yolun a\u00e7\u0131k<\/td><td>Dilek<\/td><td>Umut<\/td><\/tr><\/tbody><\/table><\/figure>\n\n\n\n<h2 class=\"wp-block-heading\">\ud83d\udc54 Amca Baba Yar\u0131s\u0131 S\u00f6zleri<\/h2>\n\n\n\n<p>\u201cBaba yar\u0131s\u0131\u201d s\u00f6z\u00fc, amcan\u0131n ailedeki <strong>a\u011f\u0131rl\u0131\u011f\u0131n\u0131 ve sorumlulu\u011funu<\/strong> anlat\u0131r.<\/p>\n\n\n\n<p><strong>Baba Yar\u0131s\u0131 Amca S\u00f6zleri<\/strong><\/p>\n\n\n\n<ul class=\"wp-block-list\">\n<li>Baba yoksa amca vard\u0131r.<\/li>\n\n\n\n<li>Amca, baban\u0131n sessiz h\u00e2lidir.<\/li>\n\n\n\n<li>Baba yar\u0131s\u0131 olmak s\u00f6zle olmaz.<\/li>\n\n\n\n<li>Omzu geni\u015ftir amcan\u0131n.<\/li>\n\n\n\n<li>Zor g\u00fcnde amca konu\u015fur.<\/li>\n\n\n\n<li>Amca varsa aile tamamd\u0131r.<\/li>\n\n\n\n<li>G\u00fcvenin ad\u0131 bazen amcad\u0131r.<\/li>\n\n\n\n<li>Baba gibi sever, amca gibi korur.<\/li>\n<\/ul>\n\n\n\n<h3 class=\"wp-block-heading\">Daha Fazla S\u00f6z \ud83e\uddf1<\/h3>\n\n\n\n<figure class=\"wp-block-table\"><table class=\"has-fixed-layout\"><thead><tr><th>S\u00f6z<\/th><th>Tema<\/th><th>His<\/th><\/tr><\/thead><tbody><tr><td>Baba yar\u0131s\u0131<\/td><td>Sorumluluk<\/td><td>G\u00fcven<\/td><\/tr><tr><td>Sessiz duru\u015f<\/td><td>Karakter<\/td><td>Sayg\u0131<\/td><\/tr><tr><td>Omuz<\/td><td>Koruma<\/td><td>G\u00fc\u00e7<\/td><\/tr><tr><td>Aile tamam<\/td><td>Aidiyet<\/td><td>Huzur<\/td><\/tr><\/tbody><\/table><\/figure>\n\n\n\n<h2 class=\"wp-block-heading\">\u2696\ufe0f Amca S\u00f6zleri K\u0131sa A\u011f\u0131r<\/h2>\n\n\n\n<p>A\u011f\u0131r s\u00f6zler <strong>hakaret etmez<\/strong>, a\u011f\u0131rl\u0131k ta\u015f\u0131r.<\/p>\n\n\n\n<p><strong>K\u0131sa ve A\u011f\u0131r Amca S\u00f6zleri<\/strong><\/p>\n\n\n\n<ul class=\"wp-block-list\">\n<li>Amcam varsa laf fazla.<\/li>\n\n\n\n<li>S\u00f6z\u00fc az, yeri b\u00fcy\u00fck.<\/li>\n\n\n\n<li>Ailede a\u011f\u0131rl\u0131k bellidir.<\/li>\n\n\n\n<li>Gerekti\u011finde konu\u015fur.<\/li>\n\n\n\n<li>Sessiz ama sa\u011flam.<\/li>\n\n\n\n<li>Amca demek duru\u015f demek.<\/li>\n\n\n\n<li>Lafla de\u011fil, duru\u015fla.<\/li>\n\n\n\n<li>A\u011f\u0131rl\u0131\u011f\u0131 yeter.<\/li>\n<\/ul>\n\n\n\n<h3 class=\"wp-block-heading\">Daha Fazla A\u011f\u0131r S\u00f6z \ud83d\uddff<\/h3>\n\n\n\n<figure class=\"wp-block-table\"><table class=\"has-fixed-layout\"><thead><tr><th>S\u00f6z<\/th><th>Ton<\/th><th>His<\/th><\/tr><\/thead><tbody><tr><td>Sessiz ama sa\u011flam<\/td><td>A\u011f\u0131r<\/td><td>G\u00fc\u00e7<\/td><\/tr><tr><td>Duru\u015f demek<\/td><td>Karakter<\/td><td>Sayg\u0131<\/td><\/tr><tr><td>A\u011f\u0131rl\u0131\u011f\u0131 yeter<\/td><td>Netlik<\/td><td>Otorite<\/td><\/tr><tr><td>Laf fazla<\/td><td>Mesafe<\/td><td>Kontrol<\/td><\/tr><\/tbody><\/table><\/figure>\n\n\n\n<h2 class=\"wp-block-heading\">\ud83d\udd25 Amca \u0130le \u0130lgili S\u00f6zler Racon<\/h2>\n\n\n\n<p>Racon s\u00f6zler <strong>tehdit etmez<\/strong>, \u00e7izgi \u00e7izer.<\/p>\n\n\n\n<p><strong>Racon Amca S\u00f6zleri<\/strong><\/p>\n\n\n\n<ul class=\"wp-block-list\">\n<li>Amcam varsa arkam sa\u011flam.<\/li>\n\n\n\n<li>Aile raconu sessiz yaz\u0131l\u0131r.<\/li>\n\n\n\n<li>Amca konu\u015ftuysa konu kapan\u0131r.<\/li>\n\n\n\n<li>Laf de\u011fil, duru\u015f belirler.<\/li>\n\n\n\n<li>Aile i\u015fi d\u0131\u015far\u0131 ta\u015fmaz.<\/li>\n\n\n\n<li>Amca, \u00e7izgiyi \u00e7izer.<\/li>\n\n\n\n<li>G\u00f6lgesi yeter.<\/li>\n\n\n\n<li>Fazlas\u0131 gerekmez.<\/li>\n<\/ul>\n\n\n\n<h3 class=\"wp-block-heading\">Daha Fazla Racon S\u00f6z \ud83d\udca5<\/h3>\n\n\n\n<figure class=\"wp-block-table\"><table class=\"has-fixed-layout\"><thead><tr><th>S\u00f6z<\/th><th>Mesaj<\/th><th>His<\/th><\/tr><\/thead><tbody><tr><td>Arkam sa\u011flam<\/td><td>G\u00fcvence<\/td><td>G\u00fc\u00e7<\/td><\/tr><tr><td>\u00c7izgi \u00e7izer<\/td><td>S\u0131n\u0131r<\/td><td>Otorite<\/td><\/tr><tr><td>Konu kapan\u0131r<\/td><td>Netlik<\/td><td>Kontrol<\/td><\/tr><tr><td>G\u00f6lge yeter<\/td><td>Koruma<\/td><td>G\u00fcven<\/td><\/tr><\/tbody><\/table><\/figure>\n\n\n\n<h2 class=\"wp-block-heading\">\u2764\ufe0f Can\u0131m Amcam \u2013 Amcaya G\u00fczel S\u00f6zler<\/h2>\n\n\n\n<p>Bu s\u00f6zler sevgi i\u00e7erir ama <strong>abartmaz<\/strong>.<\/p>\n\n\n\n<p><strong>Amcaya G\u00fczel S\u00f6zler<\/strong><\/p>\n\n\n\n<ul class=\"wp-block-list\">\n<li>Can\u0131m amcam, iyi ki vars\u0131n.<\/li>\n\n\n\n<li>Varl\u0131\u011f\u0131n bana g\u00fc\u00e7 veriyor.<\/li>\n\n\n\n<li>Her zaman arkamda oldun.<\/li>\n\n\n\n<li>Ailede seni ayr\u0131 tutar\u0131m.<\/li>\n\n\n\n<li>G\u00fczel kalbin daim olsun.<\/li>\n\n\n\n<li>Sa\u011f ol, var ol amcam.<\/li>\n\n\n\n<li>Seninle g\u00fcvendeyim.<\/li>\n\n\n\n<li>\u0130yi ki bizimlesin.<\/li>\n<\/ul>\n\n\n\n<h3 class=\"wp-block-heading\">Daha Fazla G\u00fczel S\u00f6z \ud83c\udf39<\/h3>\n\n\n\n<figure class=\"wp-block-table\"><table class=\"has-fixed-layout\"><thead><tr><th>S\u00f6z<\/th><th>Ton<\/th><th>His<\/th><\/tr><\/thead><tbody><tr><td>Can\u0131m amcam<\/td><td>Samimi<\/td><td>Sevgi<\/td><\/tr><tr><td>Arkamdas\u0131n<\/td><td>Destek<\/td><td>G\u00fcven<\/td><\/tr><tr><td>Sa\u011f ol<\/td><td>\u015e\u00fckran<\/td><td>Yak\u0131nl\u0131k<\/td><\/tr><tr><td>\u0130yi ki vars\u0131n<\/td><td>Kabul<\/td><td>Aidiyet<\/td><\/tr><\/tbody><\/table><\/figure>\n\n\n\n<h2 class=\"wp-block-heading\">En S\u0131k Yap\u0131lan Hatalar<\/h2>\n\n\n\n<ul class=\"wp-block-list\">\n<li>A\u015f\u0131r\u0131 duygusal ve yapay s\u00f6zler<\/li>\n\n\n\n<li>Amca\u2013baba rol\u00fcn\u00fc kar\u0131\u015ft\u0131rmak<\/li>\n\n\n\n<li>Bo\u015f racon c\u00fcmleleri kullanmak<\/li>\n\n\n\n<li>\u00c7ok uzun ve ruhsuz metinler<\/li>\n\n\n\n<li>Herkese uymayan sert ifadeler<\/li>\n<\/ul>\n\n\n\n<h2 class=\"wp-block-heading\">Uzman \u00d6nerisi<\/h2>\n\n\n\n<p>Aile ve ileti\u015fim uzmanlar\u0131na g\u00f6re amca\u2013ye\u011fen ili\u015fkisinde en g\u00fc\u00e7l\u00fc ba\u011f, <strong>sessiz destek ve net duru\u015f<\/strong> ile kurulur. Payla\u015f\u0131lan s\u00f6zlerde bunu yans\u0131tan k\u0131sa ve i\u00e7ten ifadeler, uzun metinlerden \u00e7ok daha kal\u0131c\u0131 etki b\u0131rak\u0131r.<\/p>\n","protected":false},"excerpt":{"rendered":"<p>Amca\u2013ye\u011fen ba\u011f\u0131, ne tamamen baba gibidir ne de s\u0131radan bir akrabal\u0131k. Bu ba\u011f; koruyucu, yol g\u00f6sterici ve sessiz bir destek i\u00e7erir. Sosyal medyada en \u00e7ok payla\u015f\u0131lan amca\u2013ye\u011fen s\u00f6zleri, g\u00f6steri\u015fli de\u011fil; samimi ve duru\u015flu olanlard\u0131r. Mikro: Aile ba\u011flar\u0131yla ilgili payla\u015f\u0131mlarda en y\u00fcksek etkile\u015fim alan s\u00f6zler; \u201crol\u201d anlatan de\u011fil, duygu ve duru\u015f anlatan k\u0131sa ama anlaml\u0131 c\u00fcmlelerdir.<\/p>\n","protected":false},"author":3,"featured_media":8155,"comment_status":"open","ping_status":"open","sticky":false,"template":"","format":"standard","meta":{"footnotes":"","_wpscppro_dont_share_socialmedia":false,"_wpscppro_custom_social_share_image":0,"_facebook_share_type":"default","_twitter_share_type":"default","_linkedin_share_type":"default","_pinterest_share_type":"default","_linkedin_share_type_page":"","_instagram_share_type":"default","_medium_share_type":"default","_threads_share_type":"default","_google_business_share_type":"default","_selected_social_profile":[],"_wpsp_enable_custom_social_template":false,"_wpsp_social_scheduling":{"enabled":false,"datetime":null,"platforms":[],"status":"template_only","dateOption":"today","timeOption":"now","customDays":"","customHours":"","customDate":"","customTime":"","schedulingType":"absolute"},"_wpsp_active_default_template":true},"categories":[34],"tags":[],"class_list":{"0":"post-8154","1":"post","2":"type-post","3":"status-publish","4":"format-standard","5":"has-post-thumbnail","7":"category-iliskiler-yasam"},"_links":{"self":[{"href":"https:\/\/backlinkdanismani.com\/icerik\/wp-json\/wp\/v2\/posts\/8154","targetHints":{"allow":["GET"]}}],"collection":[{"href":"https:\/\/backlinkdanismani.com\/icerik\/wp-json\/wp\/v2\/posts"}],"about":[{"href":"https:\/\/backlinkdanismani.com\/icerik\/wp-json\/wp\/v2\/types\/post"}],"author":[{"embeddable":true,"href":"https:\/\/backlinkdanismani.com\/icerik\/wp-json\/wp\/v2\/users\/3"}],"replies":[{"embeddable":true,"href":"https:\/\/backlinkdanismani.com\/icerik\/wp-json\/wp\/v2\/comments?post=8154"}],"version-history":[{"count":1,"href":"https:\/\/backlinkdanismani.com\/icerik\/wp-json\/wp\/v2\/posts\/8154\/revisions"}],"predecessor-version":[{"id":8156,"href":"https:\/\/backlinkdanismani.com\/icerik\/wp-json\/wp\/v2\/posts\/8154\/revisions\/8156"}],"wp:featuredmedia":[{"embeddable":true,"href":"https:\/\/backlinkdanismani.com\/icerik\/wp-json\/wp\/v2\/media\/8155"}],"wp:attachment":[{"href":"https:\/\/backlinkdanismani.com\/icerik\/wp-json\/wp\/v2\/media?parent=8154"}],"wp:term":[{"taxonomy":"category","embeddable":true,"href":"https:\/\/backlinkdanismani.com\/icerik\/wp-json\/wp\/v2\/categories?post=8154"},{"taxonomy":"post_tag","embeddable":true,"href":"https:\/\/backlinkdanismani.com\/icerik\/wp-json\/wp\/v2\/tags?post=8154"}],"curies":[{"name":"wp","href":"https:\/\/api.w.org\/{rel}","templated":true}]}}