{"id":8147,"date":"2026-01-16T02:58:10","date_gmt":"2026-01-15T23:58:10","guid":{"rendered":"https:\/\/backlinkdanismani.com\/icerik\/?p=8147"},"modified":"2026-01-16T02:58:14","modified_gmt":"2026-01-15T23:58:14","slug":"arkadan-konusanlara-sozler","status":"publish","type":"post","link":"https:\/\/backlinkdanismani.com\/icerik\/arkadan-konusanlara-sozler\/","title":{"rendered":"Arkadan Konu\u015fanlara S\u00f6zler (K\u0131sa, A\u011f\u0131r, Duygusal)"},"content":{"rendered":"\n<p>Arkadan konu\u015fanlara s\u00f6zler, ba\u011f\u0131rmak i\u00e7in de\u011fil <strong>s\u0131n\u0131r \u00e7izmek<\/strong> i\u00e7indir. En etkili c\u00fcmleler ses y\u00fckseltmez; <strong>mesaj\u0131 net verir<\/strong>. Sosyal medyada en \u00e7ok payla\u015f\u0131lan s\u00f6zler, kar\u015f\u0131 tarafa laf yeti\u015ftiren de\u011fil, <strong>kendinden emin duru\u015f sergileyen<\/strong> s\u00f6zlerdir.<\/p>\n\n\n\n<blockquote class=\"wp-block-quote is-layout-flow wp-block-quote-is-layout-flow\">\n<p>Mikro: Psikoloji ve ileti\u015fim \u00e7al\u0131\u015fmalar\u0131na g\u00f6re dedikoduya verilen en g\u00fc\u00e7l\u00fc tepki <strong>duygusal de\u011fil, mesafeli ve net<\/strong> ifadelerdir. Bu tarz s\u00f6zler hem kar\u015f\u0131 taraf\u0131 etkisizle\u015ftirir hem de payla\u015fan ki\u015fiyi g\u00fc\u00e7l\u00fc g\u00f6sterir.<\/p>\n<\/blockquote>\n\n\n\n<h2 class=\"wp-block-heading\">\ud83c\udfad Y\u00fcz\u00fcne G\u00fcl\u00fcp Arkandan Konu\u015fanlar \u0130\u00e7in S\u00f6zler<\/h2>\n\n\n\n<p>Bu s\u00f6zler iki y\u00fczl\u00fcl\u00fc\u011f\u00fc hedef al\u0131r. Serttir ama kontrol\u00fc kaybetmez.<\/p>\n\n\n\n<p><strong>Y\u00fcz\u00fcne G\u00fcl\u00fcp Arkandan Konu\u015fanlara<\/strong><\/p>\n\n\n\n<ul class=\"wp-block-list\">\n<li>Y\u00fcz\u00fcme g\u00fclen herkes dostum sanmas\u0131n.<\/li>\n\n\n\n<li>Arkadan konu\u015fanlar, \u00f6nden y\u00fcr\u00fcyemez.<\/li>\n\n\n\n<li>G\u00fcl\u00fc\u015f\u00fcn sahteyse mesafen ger\u00e7ek olsun.<\/li>\n\n\n\n<li>Y\u00fcz\u00fcmde de\u011fil, arkamda cesursun.<\/li>\n\n\n\n<li>D\u00fcr\u00fcstl\u00fck \u00f6nden konu\u015fabilmektir.<\/li>\n\n\n\n<li>Maskeler d\u00fc\u015fer, karakter kal\u0131r.<\/li>\n\n\n\n<li>G\u00fcl\u00fc\u015f\u00fcne de\u011fil, duru\u015funa bakar\u0131m.<\/li>\n\n\n\n<li>Sessizli\u011fim seni rahatlatmas\u0131n.<\/li>\n<\/ul>\n\n\n\n<h3 class=\"wp-block-heading\">Daha Fazla S\u00f6z \ud83c\udfad<\/h3>\n\n\n\n<figure class=\"wp-block-table\"><table class=\"has-fixed-layout\"><thead><tr><th>S\u00f6z<\/th><th>Vurgu<\/th><th>Verdi\u011fi His<\/th><\/tr><\/thead><tbody><tr><td>Maskeler d\u00fc\u015fer<\/td><td>\u0130kiy\u00fczl\u00fcl\u00fck<\/td><td>Netlik<\/td><\/tr><tr><td>Cesaret arkada<\/td><td>Korkakl\u0131k<\/td><td>\u00dcst\u00fcnl\u00fck<\/td><\/tr><tr><td>Duru\u015f \u00f6nemli<\/td><td>Karakter<\/td><td>\u00d6zg\u00fcven<\/td><\/tr><tr><td>Sessizli\u011fim<\/td><td>Mesafe<\/td><td>Kontrol<\/td><\/tr><\/tbody><\/table><\/figure>\n\n\n\n<h2 class=\"wp-block-heading\">\ud83e\udde0 Dedikodu Arkamdan Konu\u015fanlara Kapak S\u00f6zler<\/h2>\n\n\n\n<p>Kapak s\u00f6zler ba\u011f\u0131rmaz, <strong>yerine oturur<\/strong>. Sosyal medyada en \u00e7ok etkile\u015fim alan grup buras\u0131d\u0131r.<\/p>\n\n\n\n<p><strong>Kapak S\u00f6zler<\/strong><\/p>\n\n\n\n<ul class=\"wp-block-list\">\n<li>Ben i\u015fime bakar\u0131m, sen laf\u0131ma.<\/li>\n\n\n\n<li>Dedikodu, bo\u015f vaktin \u00fcr\u00fcn\u00fcd\u00fcr.<\/li>\n\n\n\n<li>Konu\u015fmak kolay, durmak zordur.<\/li>\n\n\n\n<li>Arkamdan konu\u015fanlar \u00f6n\u00fcmde susar.<\/li>\n\n\n\n<li>Seviyem laf ta\u015f\u0131maz.<\/li>\n\n\n\n<li>Ben yoluma, sen dedikoduya devam et.<\/li>\n\n\n\n<li>Ad\u0131m\u0131 a\u011fz\u0131na alma, y\u00fck gelir.<\/li>\n\n\n\n<li>Sessizlik bazen en a\u011f\u0131r cevapt\u0131r.<\/li>\n<\/ul>\n\n\n\n<h3 class=\"wp-block-heading\">Daha Fazla Kapak S\u00f6z \ud83e\uddf1<\/h3>\n\n\n\n<figure class=\"wp-block-table\"><table class=\"has-fixed-layout\"><thead><tr><th>S\u00f6z<\/th><th>Kullan\u0131m<\/th><th>His<\/th><\/tr><\/thead><tbody><tr><td>Ben yoluma<\/td><td>Story<\/td><td>Netlik<\/td><\/tr><tr><td>Sessizlik cevap<\/td><td>Durum<\/td><td>So\u011fukkanl\u0131l\u0131k<\/td><\/tr><tr><td>Seviyem laf ta\u015f\u0131maz<\/td><td>Bio<\/td><td>\u00d6zg\u00fcven<\/td><\/tr><tr><td>Bo\u015f vaktin \u00fcr\u00fcn\u00fc<\/td><td>Post<\/td><td>\u00dcst\u00fcnl\u00fck<\/td><\/tr><\/tbody><\/table><\/figure>\n\n\n\n<h2 class=\"wp-block-heading\">\ud83e\ude9e Y\u00fcz\u00fcme G\u00fcl\u00fcp Arkamdan Konu\u015fanlara<\/h2>\n\n\n\n<p>Bu ba\u015fl\u0131k do\u011frudan mesaj verir. En \u00e7ok <strong>story<\/strong> format\u0131nda payla\u015f\u0131l\u0131r.<\/p>\n\n\n\n<p><strong>Net Mesajlar<\/strong><\/p>\n\n\n\n<ul class=\"wp-block-list\">\n<li>G\u00fcl\u00fc\u015f\u00fcn samimi de\u011filse yakla\u015fma.<\/li>\n\n\n\n<li>Y\u00fcz\u00fcme s\u00f6yleyemedi\u011fini arkama b\u0131rakma.<\/li>\n\n\n\n<li>\u0130ki y\u00fczl\u00fcl\u00fck karakter de\u011fildir.<\/li>\n\n\n\n<li>Arkamdan konu\u015fman beni k\u00fc\u00e7\u00fcltmez.<\/li>\n\n\n\n<li>Benimle derdin varsa, y\u00fcz\u00fcme gel.<\/li>\n\n\n\n<li>Laf\u0131n\u0131 ta\u015f\u0131yamayan susmay\u0131 \u00f6\u011frenir.<\/li>\n\n\n\n<li>G\u00fcl\u00fc\u015f\u00fcn de\u011fil, niyetin \u00f6nemli.<\/li>\n\n\n\n<li>Mesafeni koru.<\/li>\n<\/ul>\n\n\n\n<h3 class=\"wp-block-heading\">Daha Fazla Net S\u00f6z \ud83e\uddca<\/h3>\n\n\n\n<figure class=\"wp-block-table\"><table class=\"has-fixed-layout\"><thead><tr><th>S\u00f6z<\/th><th>Mesaj<\/th><th>His<\/th><\/tr><\/thead><tbody><tr><td>Y\u00fcz\u00fcme gel<\/td><td>Cesaret<\/td><td>G\u00fc\u00e7<\/td><\/tr><tr><td>Karakter de\u011fil<\/td><td>De\u011fer<\/td><td>Netlik<\/td><\/tr><tr><td>Mesafeni koru<\/td><td>S\u0131n\u0131r<\/td><td>Kontrol<\/td><\/tr><tr><td>Beni k\u00fc\u00e7\u00fcltmez<\/td><td>\u00d6zg\u00fcven<\/td><td>\u00dcst\u00fcnl\u00fck<\/td><\/tr><\/tbody><\/table><\/figure>\n\n\n\n<h2 class=\"wp-block-heading\">\ud83d\udce3 Arkamdan Konu\u015fanlara Sesleniyorum<\/h2>\n\n\n\n<p>Bu s\u00f6zler do\u011frudan hitap eder ama polemi\u011fe girmez.<\/p>\n\n\n\n<p><strong>Sesleni\u015f S\u00f6zleri<\/strong><\/p>\n\n\n\n<ul class=\"wp-block-list\">\n<li>Arkamdan konu\u015fuyorsan yolum do\u011fru.<\/li>\n\n\n\n<li>Benimle derdi olan gelsin.<\/li>\n\n\n\n<li>Konu\u015fmak yerine yoluna bak.<\/li>\n\n\n\n<li>Benimle yar\u0131\u015facak seviyede de\u011filsin.<\/li>\n\n\n\n<li>Sessizli\u011fim zay\u0131fl\u0131k de\u011fil.<\/li>\n\n\n\n<li>Laf de\u011fil, i\u015f konu\u015fur.<\/li>\n\n\n\n<li>Ben buraday\u0131m, saklanm\u0131yorum.<\/li>\n\n\n\n<li>Yolum a\u00e7\u0131k.<\/li>\n<\/ul>\n\n\n\n<h3 class=\"wp-block-heading\">Daha Fazla Sesleni\u015f \ud83c\udfaf<\/h3>\n\n\n\n<figure class=\"wp-block-table\"><table class=\"has-fixed-layout\"><thead><tr><th>S\u00f6z<\/th><th>Kullan\u0131m<\/th><th>His<\/th><\/tr><\/thead><tbody><tr><td>Yolum do\u011fru<\/td><td>Story<\/td><td>Kararl\u0131l\u0131k<\/td><\/tr><tr><td>Gelsin<\/td><td>Post<\/td><td>Cesaret<\/td><\/tr><tr><td>Laf de\u011fil i\u015f<\/td><td>Bio<\/td><td>Netlik<\/td><\/tr><tr><td>Saklanm\u0131yorum<\/td><td>Durum<\/td><td>G\u00fc\u00e7<\/td><\/tr><\/tbody><\/table><\/figure>\n\n\n\n<h2 class=\"wp-block-heading\">\u2702\ufe0f Arkadan Konu\u015fanlara S\u00f6zler K\u0131sa<\/h2>\n\n\n\n<p>K\u0131sa s\u00f6zler <strong>bio, durum, story<\/strong> i\u00e7in idealdir.<\/p>\n\n\n\n<p><strong>K\u0131sa S\u00f6zler<\/strong><\/p>\n\n\n\n<ul class=\"wp-block-list\">\n<li>Arkamdan konu\u015fma.<\/li>\n\n\n\n<li>Y\u00fcz\u00fcme gel.<\/li>\n\n\n\n<li>Sessizlik yeter.<\/li>\n\n\n\n<li>Seviye fark\u0131.<\/li>\n\n\n\n<li>Yoluma bak\u0131yorum.<\/li>\n\n\n\n<li>Laf de\u011fil duru\u015f.<\/li>\n\n\n\n<li>Mesafe koydum.<\/li>\n\n\n\n<li>Beni ge\u00e7emezsin.<\/li>\n<\/ul>\n\n\n\n<h3 class=\"wp-block-heading\">Daha Fazla K\u0131sa S\u00f6z \u26a1<\/h3>\n\n\n\n<figure class=\"wp-block-table\"><table class=\"has-fixed-layout\"><thead><tr><th>S\u00f6z<\/th><th>Kullan\u0131m<\/th><th>His<\/th><\/tr><\/thead><tbody><tr><td>Y\u00fcz\u00fcme gel<\/td><td>Bio<\/td><td>Cesaret<\/td><\/tr><tr><td>Seviye fark\u0131<\/td><td>Story<\/td><td>\u00dcst\u00fcnl\u00fck<\/td><\/tr><tr><td>Mesafe koydum<\/td><td>Durum<\/td><td>S\u0131n\u0131r<\/td><\/tr><tr><td>Laf de\u011fil duru\u015f<\/td><td>Post<\/td><td>G\u00fc\u00e7<\/td><\/tr><\/tbody><\/table><\/figure>\n\n\n\n<h2 class=\"wp-block-heading\">Uzman \u00d6nerisi<\/h2>\n\n\n\n<p>\u0130leti\u015fim ve davran\u0131\u015f uzmanlar\u0131na g\u00f6re dedikoduya verilen en etkili cevap <strong>s\u0131n\u0131r koymak ve devam etmektir<\/strong>. En g\u00fc\u00e7l\u00fc s\u00f6zler, kar\u015f\u0131 taraf\u0131 susturmak i\u00e7in de\u011fil; <strong>kendi alan\u0131n\u0131 korumak<\/strong> i\u00e7in yaz\u0131lanlard\u0131r. K\u0131sa, net ve sakin ifadeler her zaman daha etkilidir.<\/p>\n","protected":false},"excerpt":{"rendered":"<p>Arkadan konu\u015fanlara s\u00f6zler, ba\u011f\u0131rmak i\u00e7in de\u011fil s\u0131n\u0131r \u00e7izmek i\u00e7indir. En etkili c\u00fcmleler ses y\u00fckseltmez; mesaj\u0131 net verir. Sosyal medyada en \u00e7ok payla\u015f\u0131lan s\u00f6zler, kar\u015f\u0131 tarafa laf yeti\u015ftiren de\u011fil, kendinden emin duru\u015f sergileyen s\u00f6zlerdir. Mikro: Psikoloji ve ileti\u015fim \u00e7al\u0131\u015fmalar\u0131na g\u00f6re dedikoduya verilen en g\u00fc\u00e7l\u00fc tepki duygusal de\u011fil, mesafeli ve net ifadelerdir. Bu tarz s\u00f6zler hem kar\u015f\u0131<\/p>\n","protected":false},"author":3,"featured_media":8148,"comment_status":"open","ping_status":"open","sticky":false,"template":"","format":"standard","meta":{"footnotes":"","_wpscppro_dont_share_socialmedia":false,"_wpscppro_custom_social_share_image":0,"_facebook_share_type":"default","_twitter_share_type":"default","_linkedin_share_type":"default","_pinterest_share_type":"default","_linkedin_share_type_page":"","_instagram_share_type":"default","_medium_share_type":"default","_threads_share_type":"default","_google_business_share_type":"default","_selected_social_profile":[],"_wpsp_enable_custom_social_template":false,"_wpsp_social_scheduling":{"enabled":false,"datetime":null,"platforms":[],"status":"template_only","dateOption":"today","timeOption":"now","customDays":"","customHours":"","customDate":"","customTime":"","schedulingType":"absolute"},"_wpsp_active_default_template":true},"categories":[34],"tags":[],"class_list":{"0":"post-8147","1":"post","2":"type-post","3":"status-publish","4":"format-standard","5":"has-post-thumbnail","7":"category-iliskiler-yasam"},"_links":{"self":[{"href":"https:\/\/backlinkdanismani.com\/icerik\/wp-json\/wp\/v2\/posts\/8147","targetHints":{"allow":["GET"]}}],"collection":[{"href":"https:\/\/backlinkdanismani.com\/icerik\/wp-json\/wp\/v2\/posts"}],"about":[{"href":"https:\/\/backlinkdanismani.com\/icerik\/wp-json\/wp\/v2\/types\/post"}],"author":[{"embeddable":true,"href":"https:\/\/backlinkdanismani.com\/icerik\/wp-json\/wp\/v2\/users\/3"}],"replies":[{"embeddable":true,"href":"https:\/\/backlinkdanismani.com\/icerik\/wp-json\/wp\/v2\/comments?post=8147"}],"version-history":[{"count":1,"href":"https:\/\/backlinkdanismani.com\/icerik\/wp-json\/wp\/v2\/posts\/8147\/revisions"}],"predecessor-version":[{"id":8149,"href":"https:\/\/backlinkdanismani.com\/icerik\/wp-json\/wp\/v2\/posts\/8147\/revisions\/8149"}],"wp:featuredmedia":[{"embeddable":true,"href":"https:\/\/backlinkdanismani.com\/icerik\/wp-json\/wp\/v2\/media\/8148"}],"wp:attachment":[{"href":"https:\/\/backlinkdanismani.com\/icerik\/wp-json\/wp\/v2\/media?parent=8147"}],"wp:term":[{"taxonomy":"category","embeddable":true,"href":"https:\/\/backlinkdanismani.com\/icerik\/wp-json\/wp\/v2\/categories?post=8147"},{"taxonomy":"post_tag","embeddable":true,"href":"https:\/\/backlinkdanismani.com\/icerik\/wp-json\/wp\/v2\/tags?post=8147"}],"curies":[{"name":"wp","href":"https:\/\/api.w.org\/{rel}","templated":true}]}}