{"id":8141,"date":"2026-01-16T02:44:42","date_gmt":"2026-01-15T23:44:42","guid":{"rendered":"https:\/\/backlinkdanismani.com\/icerik\/?p=8141"},"modified":"2026-01-16T02:44:46","modified_gmt":"2026-01-15T23:44:46","slug":"cezaevi-sozleri","status":"publish","type":"post","link":"https:\/\/backlinkdanismani.com\/icerik\/cezaevi-sozleri\/","title":{"rendered":"Cezaevi S\u00f6zleri (A\u011f\u0131r, K\u0131sa, Sevgiliye, Abiye, Karde\u015fe)"},"content":{"rendered":"\n<p>Cezaevi s\u00f6zleri; i\u00e7eride olan\u0131n de\u011fil, <strong>bekleyenin, \u00f6zleyenin, susan\u0131n<\/strong> s\u00f6zleridir. Bu c\u00fcmleler ac\u0131y\u0131 ba\u011f\u0131rmaz, <strong>sessizce ta\u015f\u0131r<\/strong>. Sosyal medyada en \u00e7ok payla\u015f\u0131lan cezaevi s\u00f6zleri; abart\u0131l\u0131 de\u011fil, <strong>ger\u00e7ek ve sade<\/strong> olanlard\u0131r.<\/p>\n\n\n\n<blockquote class=\"wp-block-quote is-layout-flow wp-block-quote-is-layout-flow\">\n<p>Mikro: Cezaevi temal\u0131 payla\u015f\u0131mlarda en y\u00fcksek etkile\u015fim alan i\u00e7erikler; <strong>umut, sab\u0131r ve sadakat<\/strong> vurgusu ta\u015f\u0131yan k\u0131sa ama a\u011f\u0131r c\u00fcmlelerdir. \u201cGurur\u201d ve \u201cdayanma g\u00fcc\u00fc\u201d temalar\u0131 \u00f6ne \u00e7\u0131kar.<\/p>\n<\/blockquote>\n\n\n\n<h2 class=\"wp-block-heading\">\ud83d\udda4 Cezaevi S\u00f6zleri A\u011f\u0131r<\/h2>\n\n\n\n<p>A\u011f\u0131r cezaevi s\u00f6zleri, ya\u015fanan\u0131 s\u00fcslemez. Ger\u00e7e\u011fi oldu\u011fu gibi b\u0131rak\u0131r.<\/p>\n\n\n\n<p><strong>A\u011f\u0131r Cezaevi S\u00f6zleri<\/strong><\/p>\n\n\n\n<ul class=\"wp-block-list\">\n<li>D\u0131\u015far\u0131s\u0131 kalabal\u0131k, i\u00e7erisi ger\u00e7ek.<\/li>\n\n\n\n<li>Demir kap\u0131 kapand\u0131, insan tan\u0131d\u0131m.<\/li>\n\n\n\n<li>\u00d6zg\u00fcrl\u00fck bazen d\u00f6rt duvar\u0131n i\u00e7inde kal\u0131r.<\/li>\n\n\n\n<li>\u0130\u00e7eride zaman de\u011fil, insan eskir.<\/li>\n\n\n\n<li>Herkes gider, sab\u0131r kal\u0131r.<\/li>\n\n\n\n<li>Demir de\u011fil, hasret a\u011f\u0131r.<\/li>\n\n\n\n<li>Sessizlik en uzun cezad\u0131r.<\/li>\n\n\n\n<li>\u0130\u00e7erisi \u00f6\u011fretir, d\u0131\u015far\u0131s\u0131 unutur.<\/li>\n<\/ul>\n\n\n\n<h3 class=\"wp-block-heading\">Daha Fazla Cezaevi S\u00f6z\u00fc \u2696\ufe0f<\/h3>\n\n\n\n<figure class=\"wp-block-table\"><table class=\"has-fixed-layout\"><thead><tr><th>T\u00fcr<\/th><th>S\u00f6z<\/th><th>Verdi\u011fi His<\/th><\/tr><\/thead><tbody><tr><td>A\u011f\u0131r<\/td><td>Hasret a\u011f\u0131r.<\/td><td>Ac\u0131<\/td><\/tr><tr><td>A\u011f\u0131r<\/td><td>\u0130nsan eskir.<\/td><td>Yorgunluk<\/td><\/tr><tr><td>A\u011f\u0131r<\/td><td>Sessizlik ceza.<\/td><td>Derinlik<\/td><\/tr><tr><td>A\u011f\u0131r<\/td><td>Sab\u0131r kal\u0131r.<\/td><td>Dayanma<\/td><\/tr><\/tbody><\/table><\/figure>\n\n\n\n<h2 class=\"wp-block-heading\">\ud83e\udd0d Cezaevi S\u00f6zleri Karde\u015fe<\/h2>\n\n\n\n<p>Karde\u015fe yaz\u0131lan cezaevi s\u00f6zleri <strong>umut ve ba\u011f<\/strong> ta\u015f\u0131r. Y\u0131kmaz, ayakta tutar.<\/p>\n\n\n\n<p><strong>Karde\u015fe Cezaevi S\u00f6zleri<\/strong><\/p>\n\n\n\n<ul class=\"wp-block-list\">\n<li>\u0130\u00e7eride olman seni eksiltmedi.<\/li>\n\n\n\n<li>Ba\u015f\u0131n dik, biz buraday\u0131z.<\/li>\n\n\n\n<li>Zaman ge\u00e7er, karde\u015flik kal\u0131r.<\/li>\n\n\n\n<li>Sabret, bu g\u00fcnler de bitecek.<\/li>\n\n\n\n<li>Seni bekleyen bir hayat var.<\/li>\n\n\n\n<li>Yaln\u0131z de\u011filsin.<\/li>\n\n\n\n<li>D\u0131\u015far\u0131da bir karde\u015fin var.<\/li>\n\n\n\n<li>G\u00fcc\u00fcn sabr\u0131ndan geliyor.<\/li>\n<\/ul>\n\n\n\n<h3 class=\"wp-block-heading\">Daha Fazla S\u00f6z \ud83e\udd32<\/h3>\n\n\n\n<figure class=\"wp-block-table\"><table class=\"has-fixed-layout\"><thead><tr><th>T\u00fcr<\/th><th>S\u00f6z<\/th><th>Verdi\u011fi His<\/th><\/tr><\/thead><tbody><tr><td>Karde\u015f<\/td><td>Yaln\u0131z de\u011filsin.<\/td><td>Destek<\/td><\/tr><tr><td>Karde\u015f<\/td><td>Sabret.<\/td><td>Umut<\/td><\/tr><tr><td>Karde\u015f<\/td><td>Ba\u015f\u0131n dik.<\/td><td>Gurur<\/td><\/tr><tr><td>Karde\u015f<\/td><td>Bekliyoruz.<\/td><td>Ba\u011f<\/td><\/tr><\/tbody><\/table><\/figure>\n\n\n\n<h2 class=\"wp-block-heading\">\ud83d\udc4a Cezaevi S\u00f6zleri Abiye<\/h2>\n\n\n\n<p>Abiye yaz\u0131lan s\u00f6zler daha <strong>net ve g\u00fc\u00e7l\u00fc<\/strong> olur. Sayg\u0131 ve duru\u015f \u00f6n plandad\u0131r.<\/p>\n\n\n\n<p><strong>Abiye Cezaevi S\u00f6zleri<\/strong><\/p>\n\n\n\n<ul class=\"wp-block-list\">\n<li>\u0130\u00e7erisi seni e\u011fmedi.<\/li>\n\n\n\n<li>Duru\u015fun h\u00e2l\u00e2 ayn\u0131.<\/li>\n\n\n\n<li>Sab\u0131r adam\u0131 b\u00fcy\u00fct\u00fcr.<\/li>\n\n\n\n<li>G\u00fcn gelir kap\u0131lar a\u00e7\u0131l\u0131r.<\/li>\n\n\n\n<li>Ba\u015f\u0131n\u0131 e\u011fme.<\/li>\n\n\n\n<li>Biz buraday\u0131z.<\/li>\n\n\n\n<li>G\u00fc\u00e7l\u00fc kal.<\/li>\n\n\n\n<li>G\u00fcn say\u0131yoruz.<\/li>\n<\/ul>\n\n\n\n<h3 class=\"wp-block-heading\">Daha Fazla S\u00f6z \ud83e\uddf1<\/h3>\n\n\n\n<figure class=\"wp-block-table\"><table class=\"has-fixed-layout\"><thead><tr><th>T\u00fcr<\/th><th>S\u00f6z<\/th><th>Verdi\u011fi His<\/th><\/tr><\/thead><tbody><tr><td>Abi<\/td><td>Duru\u015fun ayn\u0131.<\/td><td>Sayg\u0131<\/td><\/tr><tr><td>Abi<\/td><td>G\u00fc\u00e7l\u00fc kal.<\/td><td>Dayan\u0131kl\u0131l\u0131k<\/td><\/tr><tr><td>Abi<\/td><td>G\u00fcn gelir.<\/td><td>Umut<\/td><\/tr><tr><td>Abi<\/td><td>Buraday\u0131z.<\/td><td>Sadakat<\/td><\/tr><\/tbody><\/table><\/figure>\n\n\n\n<h2 class=\"wp-block-heading\">\ud83d\udc4a Cezaevi S\u00f6zleri Abiye<\/h2>\n\n\n\n<p>Abiye yaz\u0131lan s\u00f6zler daha <strong>net ve g\u00fc\u00e7l\u00fc<\/strong> olur. Sayg\u0131 ve duru\u015f \u00f6n plandad\u0131r.<\/p>\n\n\n\n<p><strong>Abiye Cezaevi S\u00f6zleri<\/strong><\/p>\n\n\n\n<ul class=\"wp-block-list\">\n<li>\u0130\u00e7erisi seni e\u011fmedi.<\/li>\n\n\n\n<li>Duru\u015fun h\u00e2l\u00e2 ayn\u0131.<\/li>\n\n\n\n<li>Sab\u0131r adam\u0131 b\u00fcy\u00fct\u00fcr.<\/li>\n\n\n\n<li>G\u00fcn gelir kap\u0131lar a\u00e7\u0131l\u0131r.<\/li>\n\n\n\n<li>Ba\u015f\u0131n\u0131 e\u011fme.<\/li>\n\n\n\n<li>Biz buraday\u0131z.<\/li>\n\n\n\n<li>G\u00fc\u00e7l\u00fc kal.<\/li>\n\n\n\n<li>G\u00fcn say\u0131yoruz.<\/li>\n<\/ul>\n\n\n\n<h3 class=\"wp-block-heading\">Daha Fazla S\u00f6z \ud83e\uddf1<\/h3>\n\n\n\n<figure class=\"wp-block-table\"><table class=\"has-fixed-layout\"><thead><tr><th>T\u00fcr<\/th><th>S\u00f6z<\/th><th>Verdi\u011fi His<\/th><\/tr><\/thead><tbody><tr><td>Abi<\/td><td>Duru\u015fun ayn\u0131.<\/td><td>Sayg\u0131<\/td><\/tr><tr><td>Abi<\/td><td>G\u00fc\u00e7l\u00fc kal.<\/td><td>Dayan\u0131kl\u0131l\u0131k<\/td><\/tr><tr><td>Abi<\/td><td>G\u00fcn gelir.<\/td><td>Umut<\/td><\/tr><tr><td>Abi<\/td><td>Buraday\u0131z.<\/td><td>Sadakat<\/td><\/tr><\/tbody><\/table><\/figure>\n\n\n\n<h2 class=\"wp-block-heading\">\u23f3 Cezaevine Girenlere S\u00f6z K\u0131sa<\/h2>\n\n\n\n<p>K\u0131sa s\u00f6zler; mektup ba\u015f\u0131, mesaj veya durum payla\u015f\u0131m\u0131 i\u00e7in idealdir.<\/p>\n\n\n\n<p><strong>K\u0131sa Cezaevi S\u00f6zleri<\/strong><\/p>\n\n\n\n<ul class=\"wp-block-list\">\n<li>Sab\u0131r g\u00fc\u00e7t\u00fcr.<\/li>\n\n\n\n<li>Yaln\u0131z de\u011filsin.<\/li>\n\n\n\n<li>G\u00fcnler ge\u00e7er.<\/li>\n\n\n\n<li>Ba\u015f\u0131n dik olsun.<\/li>\n\n\n\n<li>Biz buraday\u0131z.<\/li>\n\n\n\n<li>Umut bitmez.<\/li>\n\n\n\n<li>Hasret ge\u00e7er.<\/li>\n\n\n\n<li>G\u00fc\u00e7l\u00fc kal.<\/li>\n<\/ul>\n\n\n\n<h3 class=\"wp-block-heading\">Daha Fazla K\u0131sa S\u00f6z \u2709\ufe0f<\/h3>\n\n\n\n<figure class=\"wp-block-table\"><table class=\"has-fixed-layout\"><thead><tr><th>S\u00f6z<\/th><th>Kullan\u0131m<\/th><th>Verdi\u011fi His<\/th><\/tr><\/thead><tbody><tr><td>Sab\u0131r g\u00fc\u00e7t\u00fcr<\/td><td>Mektup<\/td><td>Dayanma<\/td><\/tr><tr><td>Yaln\u0131z de\u011filsin<\/td><td>Mesaj<\/td><td>Destek<\/td><\/tr><tr><td>G\u00fcnler ge\u00e7er<\/td><td>Durum<\/td><td>Umut<\/td><\/tr><tr><td>G\u00fc\u00e7l\u00fc kal<\/td><td>Kart<\/td><td>Moral<\/td><\/tr><\/tbody><\/table><\/figure>\n\n\n\n<h2 class=\"wp-block-heading\">\u23f3 Cezaevine Girenlere S\u00f6z K\u0131sa<\/h2>\n\n\n\n<p>K\u0131sa s\u00f6zler; mektup ba\u015f\u0131, mesaj veya durum payla\u015f\u0131m\u0131 i\u00e7in idealdir.<\/p>\n\n\n\n<p><strong>K\u0131sa Cezaevi S\u00f6zleri<\/strong><\/p>\n\n\n\n<ul class=\"wp-block-list\">\n<li>Sab\u0131r g\u00fc\u00e7t\u00fcr.<\/li>\n\n\n\n<li>Yaln\u0131z de\u011filsin.<\/li>\n\n\n\n<li>G\u00fcnler ge\u00e7er.<\/li>\n\n\n\n<li>Ba\u015f\u0131n dik olsun.<\/li>\n\n\n\n<li>Biz buraday\u0131z.<\/li>\n\n\n\n<li>Umut bitmez.<\/li>\n\n\n\n<li>Hasret ge\u00e7er.<\/li>\n\n\n\n<li>G\u00fc\u00e7l\u00fc kal.<\/li>\n<\/ul>\n\n\n\n<h3 class=\"wp-block-heading\">Daha Fazla K\u0131sa S\u00f6z \u2709\ufe0f<\/h3>\n\n\n\n<figure class=\"wp-block-table\"><table class=\"has-fixed-layout\"><thead><tr><th>S\u00f6z<\/th><th>Kullan\u0131m<\/th><th>Verdi\u011fi His<\/th><\/tr><\/thead><tbody><tr><td>Sab\u0131r g\u00fc\u00e7t\u00fcr<\/td><td>Mektup<\/td><td>Dayanma<\/td><\/tr><tr><td>Yaln\u0131z de\u011filsin<\/td><td>Mesaj<\/td><td>Destek<\/td><\/tr><tr><td>G\u00fcnler ge\u00e7er<\/td><td>Durum<\/td><td>Umut<\/td><\/tr><tr><td>G\u00fc\u00e7l\u00fc kal<\/td><td>Kart<\/td><td>Moral<\/td><\/tr><\/tbody><\/table><\/figure>\n\n\n\n<h2 class=\"wp-block-heading\">\ud83d\udd25 Cezaevi S\u00f6zleri Racon<\/h2>\n\n\n\n<p>Racon s\u00f6zler serttir ama bo\u015f de\u011fildir. <strong>Duru\u015f<\/strong> anlat\u0131r, tehdit etmez.<\/p>\n\n\n\n<p><strong>Racon Cezaevi S\u00f6zleri<\/strong><\/p>\n\n\n\n<ul class=\"wp-block-list\">\n<li>\u0130\u00e7eri giren k\u00fc\u00e7\u00fclmez, sabr\u0131 olan b\u00fcy\u00fcr.<\/li>\n\n\n\n<li>Demir kap\u0131 karakteri bozmaz.<\/li>\n\n\n\n<li>Adaml\u0131k d\u0131\u015far\u0131da de\u011fil, duru\u015fta.<\/li>\n\n\n\n<li>Susmak bazen en b\u00fcy\u00fck cevapt\u0131r.<\/li>\n\n\n\n<li>\u0130\u00e7erisi \u00f6\u011fretir.<\/li>\n\n\n\n<li>Laf de\u011fil, sab\u0131r konu\u015fur.<\/li>\n\n\n\n<li>Duru\u015fun yeter.<\/li>\n\n\n\n<li>G\u00fcn gelir.<\/li>\n<\/ul>\n\n\n\n<h3 class=\"wp-block-heading\">Daha Fazla Racon S\u00f6z \ud83e\udde8<\/h3>\n\n\n\n<figure class=\"wp-block-table\"><table class=\"has-fixed-layout\"><thead><tr><th>T\u00fcr<\/th><th>S\u00f6z<\/th><th>Verdi\u011fi His<\/th><\/tr><\/thead><tbody><tr><td>Racon<\/td><td>Duru\u015f yeter.<\/td><td>Karakter<\/td><\/tr><tr><td>Racon<\/td><td>Sab\u0131r konu\u015fur.<\/td><td>G\u00fc\u00e7<\/td><\/tr><tr><td>Racon<\/td><td>G\u00fcn gelir.<\/td><td>Umut<\/td><\/tr><tr><td>Racon<\/td><td>Susmak cevap.<\/td><td>A\u011f\u0131rba\u015fl\u0131l\u0131k<\/td><\/tr><\/tbody><\/table><\/figure>\n\n\n\n<h2 class=\"wp-block-heading\">En S\u0131k Yap\u0131lan Hatalar<\/h2>\n\n\n\n<ul class=\"wp-block-list\">\n<li>Cezaevini y\u00fccelten veya romantize eden s\u00f6zler<\/li>\n\n\n\n<li>A\u015f\u0131r\u0131 tehditk\u00e2r, \u015fiddet \u00e7a\u011fr\u0131\u015f\u0131ml\u0131 ifadeler<\/li>\n\n\n\n<li>Ger\u00e7ek duygusu olmayan sert raconlar<\/li>\n\n\n\n<li>Yanl\u0131\u015f dil veya anlam hatalar\u0131 (\u00f6zellikle K\u00fcrt\u00e7e)<\/li>\n\n\n\n<li>Umudu tamamen yok sayan mesajlar<\/li>\n<\/ul>\n\n\n\n<h2 class=\"wp-block-heading\">Uzman \u00d6nerisi<\/h2>\n\n\n\n<p>Sosyolog ve ileti\u015fim uzmanlar\u0131na g\u00f6re cezaevi temal\u0131 mesajlarda <strong>umut ve insan onuru<\/strong> korunmal\u0131d\u0131r. En g\u00fc\u00e7l\u00fc s\u00f6zler ba\u011f\u0131ranlar de\u011fil, <strong>sessizce ayakta duranlar<\/strong> taraf\u0131ndan yaz\u0131l\u0131r. K\u0131sa ama anlaml\u0131 c\u00fcmleler, uzun ve sert metinlerden \u00e7ok daha etkilidir.<\/p>\n\n\n\n<p><\/p>\n","protected":false},"excerpt":{"rendered":"<p>Cezaevi s\u00f6zleri; i\u00e7eride olan\u0131n de\u011fil, bekleyenin, \u00f6zleyenin, susan\u0131n s\u00f6zleridir. Bu c\u00fcmleler ac\u0131y\u0131 ba\u011f\u0131rmaz, sessizce ta\u015f\u0131r. Sosyal medyada en \u00e7ok payla\u015f\u0131lan cezaevi s\u00f6zleri; abart\u0131l\u0131 de\u011fil, ger\u00e7ek ve sade olanlard\u0131r. Mikro: Cezaevi temal\u0131 payla\u015f\u0131mlarda en y\u00fcksek etkile\u015fim alan i\u00e7erikler; umut, sab\u0131r ve sadakat vurgusu ta\u015f\u0131yan k\u0131sa ama a\u011f\u0131r c\u00fcmlelerdir. \u201cGurur\u201d ve \u201cdayanma g\u00fcc\u00fc\u201d temalar\u0131 \u00f6ne \u00e7\u0131kar. \ud83d\udda4<\/p>\n","protected":false},"author":3,"featured_media":8142,"comment_status":"open","ping_status":"open","sticky":false,"template":"","format":"standard","meta":{"footnotes":"","_wpscppro_dont_share_socialmedia":false,"_wpscppro_custom_social_share_image":0,"_facebook_share_type":"default","_twitter_share_type":"default","_linkedin_share_type":"default","_pinterest_share_type":"default","_linkedin_share_type_page":"","_instagram_share_type":"default","_medium_share_type":"default","_threads_share_type":"default","_google_business_share_type":"default","_selected_social_profile":[],"_wpsp_enable_custom_social_template":false,"_wpsp_social_scheduling":{"enabled":false,"datetime":null,"platforms":[],"status":"template_only","dateOption":"today","timeOption":"now","customDays":"","customHours":"","customDate":"","customTime":"","schedulingType":"absolute"},"_wpsp_active_default_template":true},"categories":[34],"tags":[],"class_list":{"0":"post-8141","1":"post","2":"type-post","3":"status-publish","4":"format-standard","5":"has-post-thumbnail","7":"category-iliskiler-yasam"},"_links":{"self":[{"href":"https:\/\/backlinkdanismani.com\/icerik\/wp-json\/wp\/v2\/posts\/8141","targetHints":{"allow":["GET"]}}],"collection":[{"href":"https:\/\/backlinkdanismani.com\/icerik\/wp-json\/wp\/v2\/posts"}],"about":[{"href":"https:\/\/backlinkdanismani.com\/icerik\/wp-json\/wp\/v2\/types\/post"}],"author":[{"embeddable":true,"href":"https:\/\/backlinkdanismani.com\/icerik\/wp-json\/wp\/v2\/users\/3"}],"replies":[{"embeddable":true,"href":"https:\/\/backlinkdanismani.com\/icerik\/wp-json\/wp\/v2\/comments?post=8141"}],"version-history":[{"count":2,"href":"https:\/\/backlinkdanismani.com\/icerik\/wp-json\/wp\/v2\/posts\/8141\/revisions"}],"predecessor-version":[{"id":8187,"href":"https:\/\/backlinkdanismani.com\/icerik\/wp-json\/wp\/v2\/posts\/8141\/revisions\/8187"}],"wp:featuredmedia":[{"embeddable":true,"href":"https:\/\/backlinkdanismani.com\/icerik\/wp-json\/wp\/v2\/media\/8142"}],"wp:attachment":[{"href":"https:\/\/backlinkdanismani.com\/icerik\/wp-json\/wp\/v2\/media?parent=8141"}],"wp:term":[{"taxonomy":"category","embeddable":true,"href":"https:\/\/backlinkdanismani.com\/icerik\/wp-json\/wp\/v2\/categories?post=8141"},{"taxonomy":"post_tag","embeddable":true,"href":"https:\/\/backlinkdanismani.com\/icerik\/wp-json\/wp\/v2\/tags?post=8141"}],"curies":[{"name":"wp","href":"https:\/\/api.w.org\/{rel}","templated":true}]}}