{"id":8132,"date":"2026-01-15T22:22:03","date_gmt":"2026-01-15T19:22:03","guid":{"rendered":"https:\/\/backlinkdanismani.com\/icerik\/?p=8132"},"modified":"2026-01-15T22:22:09","modified_gmt":"2026-01-15T19:22:09","slug":"nisanliya-dogum-gunu-mesaji","status":"publish","type":"post","link":"https:\/\/backlinkdanismani.com\/icerik\/nisanliya-dogum-gunu-mesaji\/","title":{"rendered":"Ni\u015fanl\u0131ya Do\u011fum G\u00fcn\u00fc Mesaj\u0131 (K\u0131sa, Komik, Duygusal)"},"content":{"rendered":"\n<p>Ni\u015fanl\u0131ya do\u011fum g\u00fcn\u00fc mesaj\u0131, sevgiliden bir ad\u0131m ileride; e\u015ften bir ad\u0131m \u00f6ncedir. Bu mesajlar sadece \u201ciyi ki do\u011fdun\u201d demek i\u00e7in de\u011fil, <strong>birlikte kurulacak hayat\u0131n alt\u0131n\u0131 \u00e7izmek<\/strong> i\u00e7in yaz\u0131l\u0131r. G\u00fcncel mesajlar romantik ama yapmac\u0131k de\u011fil, net ama duygusuz de\u011fildir.<\/p>\n\n\n\n<blockquote class=\"wp-block-quote is-layout-flow wp-block-quote-is-layout-flow\">\n<p>Mikro: Sosyal medyada en \u00e7ok etkile\u015fim alan ni\u015fanl\u0131 mesajlar\u0131; \u201cgelecek\u201d vurgusu yapan ama bask\u0131 kurmayan c\u00fcmlelerden olu\u015fur. <em>\u201cSeninle\u2026\u201d<\/em> ile ba\u015flayan mesajlar en \u00e7ok kaydedilenler aras\u0131ndad\u0131r.<\/p>\n<\/blockquote>\n\n\n\n<h2 class=\"wp-block-heading\">\u2764\ufe0f Ni\u015fanl\u0131ya Do\u011fum G\u00fcn\u00fc Mesaj\u0131<\/h2>\n\n\n\n<p>Genel ni\u015fanl\u0131 mesajlar\u0131 hem sevgi hem ba\u011fl\u0131l\u0131k i\u00e7erir. Ne sevgili gibi hafif ne evli gibi resm\u00eedir.<\/p>\n\n\n\n<p><strong>Ni\u015fanl\u0131ya Do\u011fum G\u00fcn\u00fc Mesajlar\u0131<\/strong><\/p>\n\n\n\n<ul class=\"wp-block-list\">\n<li>Hayat seni bana, beni sana yakla\u015ft\u0131rd\u0131.<\/li>\n\n\n\n<li>Seninle her \u015fey daha anlaml\u0131.<\/li>\n\n\n\n<li>Yan\u0131mda olman bana yetiyor.<\/li>\n\n\n\n<li>Birlikte kuraca\u011f\u0131m\u0131z yar\u0131nlar\u0131 seviyorum.<\/li>\n\n\n\n<li>Sen benim en g\u00fczel ihtimalimsin.<\/li>\n\n\n\n<li>Hayat yolunda seni se\u00e7tim.<\/li>\n\n\n\n<li>Seninle ayn\u0131 hayali kuruyorum.<\/li>\n\n\n\n<li>Do\u011fum g\u00fcn\u00fcn kutlu olsun sevgilim.<\/li>\n<\/ul>\n\n\n\n<h3 class=\"wp-block-heading\">Daha Fazla Do\u011fum G\u00fcn\u00fc Mesaj\u0131 \ud83d\udcab<\/h3>\n\n\n\n<figure class=\"wp-block-table\"><table class=\"has-fixed-layout\"><thead><tr><th>Mesaj T\u00fcr\u00fc<\/th><th>Mesaj<\/th><th>Verdi\u011fi His<\/th><\/tr><\/thead><tbody><tr><td>Genel<\/td><td>Sen benim gelece\u011fimsin.<\/td><td>Ba\u011f<\/td><\/tr><tr><td>Genel<\/td><td>Seninle tamam\u0131m.<\/td><td>Aidiyet<\/td><\/tr><tr><td>Genel<\/td><td>Yan\u0131mdas\u0131n.<\/td><td>G\u00fcven<\/td><\/tr><tr><td>Genel<\/td><td>Seni se\u00e7tim.<\/td><td>Kararl\u0131l\u0131k<\/td><\/tr><\/tbody><\/table><\/figure>\n\n\n\n<h2 class=\"wp-block-heading\">\u2764\ufe0f Ni\u015fanl\u0131ya Do\u011fum G\u00fcn\u00fc Mesaj\u0131<\/h2>\n\n\n\n<p>Genel ni\u015fanl\u0131 mesajlar\u0131 hem sevgi hem ba\u011fl\u0131l\u0131k i\u00e7erir. Ne sevgili gibi hafif ne evli gibi resm\u00eedir.<\/p>\n\n\n\n<p><strong>Ni\u015fanl\u0131ya Do\u011fum G\u00fcn\u00fc Mesajlar\u0131<\/strong><\/p>\n\n\n\n<ul class=\"wp-block-list\">\n<li>Hayat seni bana, beni sana yakla\u015ft\u0131rd\u0131.<\/li>\n\n\n\n<li>Seninle her \u015fey daha anlaml\u0131.<\/li>\n\n\n\n<li>Yan\u0131mda olman bana yetiyor.<\/li>\n\n\n\n<li>Birlikte kuraca\u011f\u0131m\u0131z yar\u0131nlar\u0131 seviyorum.<\/li>\n\n\n\n<li>Sen benim en g\u00fczel ihtimalimsin.<\/li>\n\n\n\n<li>Hayat yolunda seni se\u00e7tim.<\/li>\n\n\n\n<li>Seninle ayn\u0131 hayali kuruyorum.<\/li>\n\n\n\n<li>Do\u011fum g\u00fcn\u00fcn kutlu olsun sevgilim.<\/li>\n<\/ul>\n\n\n\n<h3 class=\"wp-block-heading\">Daha Fazla Do\u011fum G\u00fcn\u00fc Mesaj\u0131 \ud83d\udcab<\/h3>\n\n\n\n<figure class=\"wp-block-table\"><table class=\"has-fixed-layout\"><thead><tr><th>Mesaj T\u00fcr\u00fc<\/th><th>Mesaj<\/th><th>Verdi\u011fi His<\/th><\/tr><\/thead><tbody><tr><td>Genel<\/td><td>Sen benim gelece\u011fimsin.<\/td><td>Ba\u011f<\/td><\/tr><tr><td>Genel<\/td><td>Seninle tamam\u0131m.<\/td><td>Aidiyet<\/td><\/tr><tr><td>Genel<\/td><td>Yan\u0131mdas\u0131n.<\/td><td>G\u00fcven<\/td><\/tr><tr><td>Genel<\/td><td>Seni se\u00e7tim.<\/td><td>Kararl\u0131l\u0131k<\/td><\/tr><\/tbody><\/table><\/figure>\n\n\n\n<h2 class=\"wp-block-heading\">\ud83e\uddd4 Erkek Ni\u015fanl\u0131ya Do\u011fum G\u00fcn\u00fc Mesaj\u0131 K\u0131sa<\/h2>\n\n\n\n<p>Erkek ni\u015fanl\u0131ya mesajlar daha net, g\u00fc\u00e7l\u00fc ve kararl\u0131 bir ton ta\u015f\u0131r. Takdir hissi \u00f6nemlidir.<\/p>\n\n\n\n<p><strong>Erkek Ni\u015fanl\u0131ya K\u0131sa Mesajlar<\/strong><\/p>\n\n\n\n<ul class=\"wp-block-list\">\n<li>Yan\u0131mda oldu\u011fun i\u00e7in te\u015fekk\u00fcr ederim.<\/li>\n\n\n\n<li>G\u00fcc\u00fcn bana g\u00fcven veriyor.<\/li>\n\n\n\n<li>Seninle her \u015fey daha sa\u011flam.<\/li>\n\n\n\n<li>Hayat yolunda yan\u0131mdas\u0131n.<\/li>\n\n\n\n<li>Do\u011fru insan sensin.<\/li>\n\n\n\n<li>Seninle gurur duyuyorum.<\/li>\n\n\n\n<li>Birlikte g\u00fc\u00e7l\u00fcy\u00fcz.<\/li>\n\n\n\n<li>Do\u011fum g\u00fcn\u00fcn kutlu olsun.<\/li>\n<\/ul>\n\n\n\n<h3 class=\"wp-block-heading\">Daha Fazla Mesaj \ud83e\udded<\/h3>\n\n\n\n<figure class=\"wp-block-table\"><table class=\"has-fixed-layout\"><thead><tr><th>Mesaj T\u00fcr\u00fc<\/th><th>Mesaj<\/th><th>Verdi\u011fi His<\/th><\/tr><\/thead><tbody><tr><td>Erkek<\/td><td>G\u00fcveniyorum.<\/td><td>G\u00fcvence<\/td><\/tr><tr><td>Erkek<\/td><td>Yan\u0131mdas\u0131n.<\/td><td>Dayanak<\/td><\/tr><tr><td>Erkek<\/td><td>Sen g\u00fc\u00e7l\u00fcs\u00fcn.<\/td><td>Takdir<\/td><\/tr><tr><td>Erkek<\/td><td>Birlikteyiz.<\/td><td>Kararl\u0131l\u0131k<\/td><\/tr><\/tbody><\/table><\/figure>\n\n\n\n<h2 class=\"wp-block-heading\">\ud83d\udc69 Kad\u0131n Ni\u015fanl\u0131ya Do\u011fum G\u00fcn\u00fc Mesaj\u0131<\/h2>\n\n\n\n<p>Kad\u0131n ni\u015fanl\u0131ya mesajlar daha s\u0131cak, romantik ama h\u00e2l\u00e2 modern bir dil ta\u015f\u0131r. Sosyal medyada en \u00e7ok payla\u015f\u0131lan grup buras\u0131d\u0131r.<\/p>\n\n\n\n<p><strong>Kad\u0131n Ni\u015fanl\u0131ya Mesajlar<\/strong><\/p>\n\n\n\n<ul class=\"wp-block-list\">\n<li>G\u00fcl\u00fc\u015f\u00fcnle hayat\u0131m g\u00fczelle\u015fti.<\/li>\n\n\n\n<li>Seninle her \u015fey daha yumu\u015fak.<\/li>\n\n\n\n<li>Hayat seni bana hediye etti.<\/li>\n\n\n\n<li>Yan\u0131mda olman huzur veriyor.<\/li>\n\n\n\n<li>Sen benim en g\u00fczel yolumsun.<\/li>\n\n\n\n<li>Kalbim seni se\u00e7ti.<\/li>\n\n\n\n<li>Seninle hayal kurmak \u00e7ok g\u00fczel.<\/li>\n\n\n\n<li>Do\u011fum g\u00fcn\u00fcn kutlu olsun.<\/li>\n<\/ul>\n\n\n\n<h3 class=\"wp-block-heading\">Daha Fazla Mesaj \ud83c\udf38<\/h3>\n\n\n\n<figure class=\"wp-block-table\"><table class=\"has-fixed-layout\"><thead><tr><th>Mesaj T\u00fcr\u00fc<\/th><th>Mesaj<\/th><th>Verdi\u011fi His<\/th><\/tr><\/thead><tbody><tr><td>Kad\u0131n<\/td><td>G\u00fcl\u00fc\u015f\u00fcn yeter.<\/td><td>Huzur<\/td><\/tr><tr><td>Kad\u0131n<\/td><td>Seni se\u00e7tim.<\/td><td>Sevgi<\/td><\/tr><tr><td>Kad\u0131n<\/td><td>Yan\u0131mda ol.<\/td><td>Yak\u0131nl\u0131k<\/td><\/tr><tr><td>Kad\u0131n<\/td><td>Hayalim sensin.<\/td><td>Romantizm<\/td><\/tr><\/tbody><\/table><\/figure>\n\n\n\n<h2 class=\"wp-block-heading\">\ud83d\udc69 Kad\u0131n Ni\u015fanl\u0131ya Do\u011fum G\u00fcn\u00fc Mesaj\u0131<\/h2>\n\n\n\n<p>Kad\u0131n ni\u015fanl\u0131ya mesajlar daha s\u0131cak, romantik ama h\u00e2l\u00e2 modern bir dil ta\u015f\u0131r. Sosyal medyada en \u00e7ok payla\u015f\u0131lan grup buras\u0131d\u0131r.<\/p>\n\n\n\n<p><strong>Kad\u0131n Ni\u015fanl\u0131ya Mesajlar<\/strong><\/p>\n\n\n\n<ul class=\"wp-block-list\">\n<li>G\u00fcl\u00fc\u015f\u00fcnle hayat\u0131m g\u00fczelle\u015fti.<\/li>\n\n\n\n<li>Seninle her \u015fey daha yumu\u015fak.<\/li>\n\n\n\n<li>Hayat seni bana hediye etti.<\/li>\n\n\n\n<li>Yan\u0131mda olman huzur veriyor.<\/li>\n\n\n\n<li>Sen benim en g\u00fczel yolumsun.<\/li>\n\n\n\n<li>Kalbim seni se\u00e7ti.<\/li>\n\n\n\n<li>Seninle hayal kurmak \u00e7ok g\u00fczel.<\/li>\n\n\n\n<li>Do\u011fum g\u00fcn\u00fcn kutlu olsun.<\/li>\n<\/ul>\n\n\n\n<h3 class=\"wp-block-heading\">Daha Fazla Mesaj \ud83c\udf38<\/h3>\n\n\n\n<figure class=\"wp-block-table\"><table class=\"has-fixed-layout\"><thead><tr><th>Mesaj T\u00fcr\u00fc<\/th><th>Mesaj<\/th><th>Verdi\u011fi His<\/th><\/tr><\/thead><tbody><tr><td>Kad\u0131n<\/td><td>G\u00fcl\u00fc\u015f\u00fcn yeter.<\/td><td>Huzur<\/td><\/tr><tr><td>Kad\u0131n<\/td><td>Seni se\u00e7tim.<\/td><td>Sevgi<\/td><\/tr><tr><td>Kad\u0131n<\/td><td>Yan\u0131mda ol.<\/td><td>Yak\u0131nl\u0131k<\/td><\/tr><tr><td>Kad\u0131n<\/td><td>Hayalim sensin.<\/td><td>Romantizm<\/td><\/tr><\/tbody><\/table><\/figure>\n\n\n\n<h2 class=\"wp-block-heading\">\ud83e\uddd4 Ni\u015fanl\u0131ya Do\u011fum G\u00fcn\u00fc Mesaj\u0131 (Erkek \u0130\u00e7in \u2013 Uzun Paragraf)<\/h2>\n\n\n\n<p>Bu mesajlar genelde <strong>WhatsApp\u2019ta g\u00f6nderilir<\/strong>, sonra story olur. Duygu nettir, g\u00f6steri\u015f yoktur.<\/p>\n\n\n\n<p><strong>Paragraf Mesajlar<\/strong><\/p>\n\n\n\n<ul class=\"wp-block-list\">\n<li>Hayat\u0131mda verdi\u011fim en do\u011fru kararlardan biri sensin. Yan\u0131mda olu\u015fun bana g\u00fcven, duru\u015fun bana g\u00fc\u00e7 veriyor. Birlikte kuraca\u011f\u0131m\u0131z her yar\u0131n\u0131 seviyorum. Do\u011fum g\u00fcn\u00fcn kutlu olsun.<\/li>\n\n\n\n<li>Seninle y\u00fcr\u00fcd\u00fc\u011f\u00fcm bu yol bana huzur veriyor. Ne olursa olsun yan yana olmay\u0131 se\u00e7iyorum. \u0130yi ki vars\u0131n, iyi ki do\u011fdun.<\/li>\n\n\n\n<li>Hayat seni bana e\u015flik etsin diye getirmi\u015f gibi. Seninle olmak bana iyi geliyor. Nice birlikte ya\u015f alaca\u011f\u0131m\u0131z y\u0131llara.<\/li>\n<\/ul>\n\n\n\n<h3 class=\"wp-block-heading\">Daha Fazla Paragraf \u270d\ufe0f<\/h3>\n\n\n\n<figure class=\"wp-block-table\"><table class=\"has-fixed-layout\"><thead><tr><th>Mesaj T\u00fcr\u00fc<\/th><th>Mesaj<\/th><th>Verdi\u011fi His<\/th><\/tr><\/thead><tbody><tr><td>Paragraf<\/td><td>Seninle yol al\u0131yorum.<\/td><td>Kararl\u0131l\u0131k<\/td><\/tr><tr><td>Paragraf<\/td><td>Yan\u0131mda oldu\u011fun i\u00e7in.<\/td><td>\u015e\u00fckran<\/td><\/tr><tr><td>Paragraf<\/td><td>Gelece\u011fim sensin.<\/td><td>Ba\u011f<\/td><\/tr><tr><td>Paragraf<\/td><td>\u0130yi ki vars\u0131n.<\/td><td>Yak\u0131nl\u0131k<\/td><\/tr><\/tbody><\/table><\/figure>\n\n\n\n<h2 class=\"wp-block-heading\">En S\u0131k Yap\u0131lan Hatalar<\/h2>\n\n\n\n<ul class=\"wp-block-list\">\n<li>Sevgili diliyle yaz\u0131p ni\u015fan ba\u011f\u0131n\u0131 yok saymak<\/li>\n\n\n\n<li>A\u015f\u0131r\u0131 evlilik bask\u0131s\u0131 hissettiren c\u00fcmleler<\/li>\n\n\n\n<li>Kli\u015fe ve internette dola\u015fan mesajlar<\/li>\n\n\n\n<li>Uzun ama ruhsuz metinler<\/li>\n\n\n\n<li>Sosyal medya dilini tamamen g\u00f6rmezden gelmek<\/li>\n<\/ul>\n\n\n\n<h2 class=\"wp-block-heading\">Uzman \u00d6nerisi<\/h2>\n\n\n\n<p>\u0130li\u015fki ve ileti\u015fim uzmanlar\u0131na g\u00f6re ni\u015fanl\u0131ya yaz\u0131lan mesajlarda en g\u00fc\u00e7l\u00fc etkiyi yaratan unsur **\u201cgelece\u011fi birlikte ama \u00f6zg\u00fcrce d\u00fc\u015f\u00fcnmek\u201d**tir. \u201cSeninle olmak g\u00fczel\u201d gibi sade ama net c\u00fcmleler, s\u00fcsl\u00fc romantik metinlerden \u00e7ok daha kal\u0131c\u0131 bir ba\u011f kurar.<\/p>\n","protected":false},"excerpt":{"rendered":"<p>Ni\u015fanl\u0131ya do\u011fum g\u00fcn\u00fc mesaj\u0131, sevgiliden bir ad\u0131m ileride; e\u015ften bir ad\u0131m \u00f6ncedir. Bu mesajlar sadece \u201ciyi ki do\u011fdun\u201d demek i\u00e7in de\u011fil, birlikte kurulacak hayat\u0131n alt\u0131n\u0131 \u00e7izmek i\u00e7in yaz\u0131l\u0131r. G\u00fcncel mesajlar romantik ama yapmac\u0131k de\u011fil, net ama duygusuz de\u011fildir. Mikro: Sosyal medyada en \u00e7ok etkile\u015fim alan ni\u015fanl\u0131 mesajlar\u0131; \u201cgelecek\u201d vurgusu yapan ama bask\u0131 kurmayan c\u00fcmlelerden olu\u015fur.<\/p>\n","protected":false},"author":3,"featured_media":8133,"comment_status":"open","ping_status":"open","sticky":false,"template":"","format":"standard","meta":{"footnotes":"","_wpscppro_dont_share_socialmedia":false,"_wpscppro_custom_social_share_image":0,"_facebook_share_type":"default","_twitter_share_type":"default","_linkedin_share_type":"default","_pinterest_share_type":"default","_linkedin_share_type_page":"","_instagram_share_type":"default","_medium_share_type":"default","_threads_share_type":"default","_google_business_share_type":"default","_selected_social_profile":[],"_wpsp_enable_custom_social_template":false,"_wpsp_social_scheduling":{"enabled":false,"datetime":null,"platforms":[],"status":"template_only","dateOption":"today","timeOption":"now","customDays":"","customHours":"","customDate":"","customTime":"","schedulingType":"absolute"},"_wpsp_active_default_template":true},"categories":[34],"tags":[],"class_list":{"0":"post-8132","1":"post","2":"type-post","3":"status-publish","4":"format-standard","5":"has-post-thumbnail","7":"category-iliskiler-yasam"},"_links":{"self":[{"href":"https:\/\/backlinkdanismani.com\/icerik\/wp-json\/wp\/v2\/posts\/8132","targetHints":{"allow":["GET"]}}],"collection":[{"href":"https:\/\/backlinkdanismani.com\/icerik\/wp-json\/wp\/v2\/posts"}],"about":[{"href":"https:\/\/backlinkdanismani.com\/icerik\/wp-json\/wp\/v2\/types\/post"}],"author":[{"embeddable":true,"href":"https:\/\/backlinkdanismani.com\/icerik\/wp-json\/wp\/v2\/users\/3"}],"replies":[{"embeddable":true,"href":"https:\/\/backlinkdanismani.com\/icerik\/wp-json\/wp\/v2\/comments?post=8132"}],"version-history":[{"count":1,"href":"https:\/\/backlinkdanismani.com\/icerik\/wp-json\/wp\/v2\/posts\/8132\/revisions"}],"predecessor-version":[{"id":8134,"href":"https:\/\/backlinkdanismani.com\/icerik\/wp-json\/wp\/v2\/posts\/8132\/revisions\/8134"}],"wp:featuredmedia":[{"embeddable":true,"href":"https:\/\/backlinkdanismani.com\/icerik\/wp-json\/wp\/v2\/media\/8133"}],"wp:attachment":[{"href":"https:\/\/backlinkdanismani.com\/icerik\/wp-json\/wp\/v2\/media?parent=8132"}],"wp:term":[{"taxonomy":"category","embeddable":true,"href":"https:\/\/backlinkdanismani.com\/icerik\/wp-json\/wp\/v2\/categories?post=8132"},{"taxonomy":"post_tag","embeddable":true,"href":"https:\/\/backlinkdanismani.com\/icerik\/wp-json\/wp\/v2\/tags?post=8132"}],"curies":[{"name":"wp","href":"https:\/\/api.w.org\/{rel}","templated":true}]}}