{"id":8125,"date":"2026-01-15T22:15:38","date_gmt":"2026-01-15T19:15:38","guid":{"rendered":"https:\/\/backlinkdanismani.com\/icerik\/?p=8125"},"modified":"2026-01-15T22:15:43","modified_gmt":"2026-01-15T19:15:43","slug":"can-dosta-dogum-gunu-mesaji","status":"publish","type":"post","link":"https:\/\/backlinkdanismani.com\/icerik\/can-dosta-dogum-gunu-mesaji\/","title":{"rendered":"Can Dosta Do\u011fum G\u00fcn\u00fc Mesaj\u0131 (K\u0131sa, Uzun, Anlaml\u0131)"},"content":{"rendered":"\n<p>Can dosta do\u011fum g\u00fcn\u00fc mesaj\u0131, s\u0131radan bir kutlama de\u011fildir. Bu mesaj; <strong>herkes giderken kalan<\/strong>, anlatmadan anla\u015fan, iyi g\u00fcnde de k\u00f6t\u00fc g\u00fcnde de yan yana duran ba\u011f\u0131n kelimelere d\u00f6k\u00fclm\u00fc\u015f h\u00e2lidir. G\u00fcncel mesajlar g\u00f6steri\u015fli de\u011fil, <strong>ger\u00e7ektir<\/strong>.<\/p>\n\n\n\n<blockquote class=\"wp-block-quote is-layout-flow wp-block-quote-is-layout-flow\">\n<p>Mikro: Sosyal medyada en \u00e7ok payla\u015f\u0131lan dostluk mesajlar\u0131; \u201cuzun uzun \u00f6vmek\u201d yerine <strong>birlikte ya\u015fanm\u0131\u015fl\u0131\u011f\u0131 hissettiren<\/strong> c\u00fcmlelerden olu\u015fur. \u201cSen varken\u2026\u201d ile ba\u015flayan mesajlar en y\u00fcksek etkile\u015fimi al\u0131r.<\/p>\n<\/blockquote>\n\n\n\n<h2 class=\"wp-block-heading\">\ud83e\udd0d Can Dosta Do\u011fum G\u00fcn\u00fc S\u00f6zleri K\u0131sa<\/h2>\n\n\n\n<p>K\u0131sa s\u00f6zler; story, DM ve yorumlarda <strong>en \u00e7ok kullan\u0131lan format<\/strong>. Az kelime, net duygu.<\/p>\n\n\n\n<p><strong>K\u0131sa Do\u011fum G\u00fcn\u00fc S\u00f6zleri<\/strong><\/p>\n\n\n\n<ul class=\"wp-block-list\">\n<li>Sen varken her \u015fey tamam.<\/li>\n\n\n\n<li>\u0130yi ki vars\u0131n can\u0131m dostum.<\/li>\n\n\n\n<li>Yan\u0131mda oldu\u011fun s\u00fcrece sorun yok.<\/li>\n\n\n\n<li>Sen benim \u015fans\u0131m oldun.<\/li>\n\n\n\n<li>Birlikteyiz, yeter.<\/li>\n\n\n\n<li>G\u00fcl\u00fc\u015f\u00fcn iyi geliyor.<\/li>\n\n\n\n<li>\u0130yi ki do\u011fdun.<\/li>\n\n\n\n<li>Nice g\u00fczel y\u0131llara.<\/li>\n<\/ul>\n\n\n\n<h3 class=\"wp-block-heading\">Daha Fazla K\u0131sa S\u00f6z \u2728<\/h3>\n\n\n\n<figure class=\"wp-block-table\"><table class=\"has-fixed-layout\"><thead><tr><th>S\u00f6z T\u00fcr\u00fc<\/th><th>S\u00f6z<\/th><th>Verdi\u011fi His<\/th><\/tr><\/thead><tbody><tr><td>K\u0131sa<\/td><td>Sen varken tamam\u0131m.<\/td><td>G\u00fcven<\/td><\/tr><tr><td>K\u0131sa<\/td><td>Birlikteyiz.<\/td><td>Aidiyet<\/td><\/tr><tr><td>K\u0131sa<\/td><td>\u0130yi ki vars\u0131n.<\/td><td>Sevgi<\/td><\/tr><tr><td>K\u0131sa<\/td><td>Yan\u0131mdas\u0131n.<\/td><td>Dayan\u0131\u015fma<\/td><\/tr><\/tbody><\/table><\/figure>\n\n\n\n<h2 class=\"wp-block-heading\">\ud83d\udc99 En Yak\u0131n Arkada\u015fa Duygusal Do\u011fum G\u00fcn\u00fc Mesaj\u0131<\/h2>\n\n\n\n<p>Bu mesajlar genelde <strong>WhatsApp\u2019ta at\u0131l\u0131r<\/strong>, sonra story olur. Duygu nettir, s\u00fcs yoktur.<\/p>\n\n\n\n<p><strong>Duygusal Mesajlar<\/strong><\/p>\n\n\n\n<ul class=\"wp-block-list\">\n<li>Herkes gitti\u011finde sen kald\u0131n.<\/li>\n\n\n\n<li>En da\u011f\u0131n\u0131k h\u00e2limi bile yarg\u0131lamadan sevdin.<\/li>\n\n\n\n<li>Yan\u0131mda olman bana cesaret verdi.<\/li>\n\n\n\n<li>Sessizli\u011fimi anlayan tek ki\u015fisin.<\/li>\n\n\n\n<li>Hayat seni bana dost olarak verdi.<\/li>\n\n\n\n<li>Sen benim g\u00fcvenli alan\u0131ms\u0131n.<\/li>\n\n\n\n<li>\u0130yi ki hayat\u0131mdas\u0131n.<\/li>\n\n\n\n<li>Do\u011fum g\u00fcn\u00fcn kutlu olsun.<\/li>\n<\/ul>\n\n\n\n<h3 class=\"wp-block-heading\">Daha Fazla Duygusal Mesaj \ud83c\udf19<\/h3>\n\n\n\n<figure class=\"wp-block-table\"><table class=\"has-fixed-layout\"><thead><tr><th>Mesaj T\u00fcr\u00fc<\/th><th>Mesaj<\/th><th>Verdi\u011fi His<\/th><\/tr><\/thead><tbody><tr><td>Duygusal<\/td><td>Sen kald\u0131n.<\/td><td>Sadakat<\/td><\/tr><tr><td>Duygusal<\/td><td>Yan\u0131mda oldun.<\/td><td>\u015e\u00fckran<\/td><\/tr><tr><td>Duygusal<\/td><td>G\u00fcven sensin.<\/td><td>Derin ba\u011f<\/td><\/tr><tr><td>Duygusal<\/td><td>\u0130yi ki vars\u0131n.<\/td><td>Yak\u0131nl\u0131k<\/td><\/tr><\/tbody><\/table><\/figure>\n\n\n\n<h2 class=\"wp-block-heading\">\ud83d\udcdd Yak\u0131n Arkada\u015fa Do\u011fum G\u00fcn\u00fc Mesaj\u0131 Uzun<\/h2>\n\n\n\n<p>Uzun mesajlar, ger\u00e7ek dostluklar\u0131 anlat\u0131r. <strong>Okunur, ge\u00e7ilmez.<\/strong><\/p>\n\n\n\n<p><strong>Uzun Do\u011fum G\u00fcn\u00fc Mesajlar\u0131<\/strong><\/p>\n\n\n\n<ul class=\"wp-block-list\">\n<li>Hayat\u0131mda \u00e7ok insan oldu ama sen farkl\u0131 bir yerde durdun. Zor zamanlar\u0131mda ka\u00e7mad\u0131n, sustu\u011fumda anlad\u0131n.<\/li>\n\n\n\n<li>Seninle g\u00fclmek kolay, susmak daha da kolay. \u00c7\u00fcnk\u00fc biliyorum ki yan\u0131mdas\u0131n.<\/li>\n\n\n\n<li>Dostluk dedi\u011fim \u015fey sende v\u00fccut buldu.<\/li>\n\n\n\n<li>Yan\u0131mda oldu\u011fun her an i\u00e7in minnettar\u0131m.<\/li>\n\n\n\n<li>Hayat seni bana dost olarak verdi\u011fi i\u00e7in \u015fansl\u0131y\u0131m.<\/li>\n\n\n\n<li>Daha \u00e7ok an\u0131m\u0131z, daha \u00e7ok kahkaham\u0131z var.<\/li>\n\n\n\n<li>\u0130yi ki do\u011fdun, iyi ki benimlesin.<\/li>\n<\/ul>\n\n\n\n<h3 class=\"wp-block-heading\">Daha Fazla Uzun Mesaj \ud83d\udcac<\/h3>\n\n\n\n<figure class=\"wp-block-table\"><table class=\"has-fixed-layout\"><thead><tr><th>Mesaj T\u00fcr\u00fc<\/th><th>Mesaj<\/th><th>Verdi\u011fi His<\/th><\/tr><\/thead><tbody><tr><td>Uzun<\/td><td>Sen farkl\u0131s\u0131n.<\/td><td>De\u011fer<\/td><\/tr><tr><td>Uzun<\/td><td>Yan\u0131mda kald\u0131n.<\/td><td>G\u00fcven<\/td><\/tr><tr><td>Uzun<\/td><td>Dostluk sensin.<\/td><td>Ba\u011f<\/td><\/tr><tr><td>Uzun<\/td><td>Minnettar\u0131m.<\/td><td>\u015e\u00fckran<\/td><\/tr><\/tbody><\/table><\/figure>\n\n\n\n<h2 class=\"wp-block-heading\">\ud83e\udde9 Karde\u015f Gibi Dosta Do\u011fum G\u00fcn\u00fc Mesaj\u0131<\/h2>\n\n\n\n<p>Bu mesajlar \u201carkada\u015f\u201d de\u011fil, <strong>se\u00e7ilmi\u015f aile<\/strong> dilindedir.<\/p>\n\n\n\n<p><strong>Karde\u015f Gibi Dost Mesajlar\u0131<\/strong><\/p>\n\n\n\n<ul class=\"wp-block-list\">\n<li>Kan ba\u011f\u0131 de\u011fil, kalp ba\u011f\u0131.<\/li>\n\n\n\n<li>Karde\u015fim gibi de\u011fil, karde\u015fim gibisin.<\/li>\n\n\n\n<li>Yan\u0131mda olman her \u015feye yetiyor.<\/li>\n\n\n\n<li>Hayat seni bana aile yapt\u0131.<\/li>\n\n\n\n<li>En zor g\u00fcnlerimde omzum oldun.<\/li>\n\n\n\n<li>Sen benim evimsin.<\/li>\n\n\n\n<li>Ne olursa olsun buraday\u0131z.<\/li>\n\n\n\n<li>Do\u011fum g\u00fcn\u00fcn kutlu olsun karde\u015fim.<\/li>\n<\/ul>\n\n\n\n<h3 class=\"wp-block-heading\">Daha Fazla Mesaj \ud83e\udef6<\/h3>\n\n\n\n<figure class=\"wp-block-table\"><table class=\"has-fixed-layout\"><thead><tr><th>Mesaj T\u00fcr\u00fc<\/th><th>Mesaj<\/th><th>Verdi\u011fi His<\/th><\/tr><\/thead><tbody><tr><td>Karde\u015f<\/td><td>Sen ailemsin.<\/td><td>Aidiyet<\/td><\/tr><tr><td>Karde\u015f<\/td><td>Yan\u0131mdas\u0131n.<\/td><td>G\u00fcvence<\/td><\/tr><tr><td>Karde\u015f<\/td><td>Birlikteyiz.<\/td><td>G\u00fc\u00e7<\/td><\/tr><tr><td>Karde\u015f<\/td><td>Evim sensin.<\/td><td>Yak\u0131nl\u0131k<\/td><\/tr><\/tbody><\/table><\/figure>\n\n\n\n<h2 class=\"wp-block-heading\">\ud83c\udf0d Uzaktaki Dosta Do\u011fum G\u00fcn\u00fc Mesaj\u0131<\/h2>\n\n\n\n<p>Mesafe varsa mesaj <strong>daha anlaml\u0131 olmak zorunda<\/strong>. En \u00e7ok payla\u015f\u0131lan mesajlar bu gruptan \u00e7\u0131k\u0131yor.<\/p>\n\n\n\n<p><strong>Uzaktaki Dost Mesajlar\u0131<\/strong><\/p>\n\n\n\n<ul class=\"wp-block-list\">\n<li>Mesafeler seni benden uzak yapmad\u0131.<\/li>\n\n\n\n<li>Yan\u0131mda de\u011filsin ama kalbimdesin.<\/li>\n\n\n\n<li>Ayn\u0131 \u015fehirde olmasak da ayn\u0131 yerdeyiz.<\/li>\n\n\n\n<li>\u00d6zlemek ba\u011f\u0131m\u0131z\u0131 zay\u0131flatmad\u0131.<\/li>\n\n\n\n<li>Yan yana olamasak da birlikteyiz.<\/li>\n\n\n\n<li>Bir g\u00fcn yine ayn\u0131 masada g\u00fclece\u011fiz.<\/li>\n\n\n\n<li>Seni \u00e7ok \u00f6zl\u00fcyorum.<\/li>\n\n\n\n<li>Do\u011fum g\u00fcn\u00fcn kutlu olsun.<\/li>\n<\/ul>\n\n\n\n<h3 class=\"wp-block-heading\">Daha Fazla Mesaj \u2708\ufe0f<\/h3>\n\n\n\n<figure class=\"wp-block-table\"><table class=\"has-fixed-layout\"><thead><tr><th>Mesaj T\u00fcr\u00fc<\/th><th>Mesaj<\/th><th>Verdi\u011fi His<\/th><\/tr><\/thead><tbody><tr><td>Uzaktaki<\/td><td>Kalbimdesin.<\/td><td>Yak\u0131nl\u0131k<\/td><\/tr><tr><td>Uzaktaki<\/td><td>Seni \u00f6zl\u00fcyorum.<\/td><td>Hasret<\/td><\/tr><tr><td>Uzaktaki<\/td><td>Birlikteyiz.<\/td><td>Ba\u011f<\/td><\/tr><tr><td>Uzaktaki<\/td><td>Yan\u0131mdas\u0131n.<\/td><td>G\u00fcven<\/td><\/tr><\/tbody><\/table><\/figure>\n\n\n\n<h2 class=\"wp-block-heading\">En S\u0131k Yap\u0131lan Hatalar<\/h2>\n\n\n\n<ul class=\"wp-block-list\">\n<li>\u201cNice mutlu y\u0131llara\u201d deyip ge\u00e7mek<\/li>\n\n\n\n<li>Kopya, her yerde g\u00f6r\u00fclen c\u00fcmleler<\/li>\n\n\n\n<li>Ger\u00e7ek ba\u011f yokken s\u00fcsl\u00fc s\u00f6zler yazmak<\/li>\n\n\n\n<li>Uzun ama ruhsuz mesajlar<\/li>\n\n\n\n<li>Sosyal medya dilini tamamen yok saymak<\/li>\n<\/ul>\n\n\n\n<h2 class=\"wp-block-heading\">Uzman \u00d6nerisi<\/h2>\n\n\n\n<p>Sosyal medya ve ileti\u015fim uzmanlar\u0131na g\u00f6re can dosta yaz\u0131lan mesajlarda en g\u00fc\u00e7l\u00fc etkiyi yaratan unsur **\u201cbirlikte ya\u015fanm\u0131\u015fl\u0131k hissi\u201d**dir. \u201cSen varken\u2026\u201d, \u201cHerkes giderken\u2026\u201d gibi giri\u015fler, mesaj\u0131 s\u0131radanl\u0131ktan \u00e7\u0131kar\u0131r ve duyguyu do\u011frudan kar\u015f\u0131 tarafa ta\u015f\u0131r.<\/p>\n","protected":false},"excerpt":{"rendered":"<p>Can dosta do\u011fum g\u00fcn\u00fc mesaj\u0131, s\u0131radan bir kutlama de\u011fildir. Bu mesaj; herkes giderken kalan, anlatmadan anla\u015fan, iyi g\u00fcnde de k\u00f6t\u00fc g\u00fcnde de yan yana duran ba\u011f\u0131n kelimelere d\u00f6k\u00fclm\u00fc\u015f h\u00e2lidir. G\u00fcncel mesajlar g\u00f6steri\u015fli de\u011fil, ger\u00e7ektir. Mikro: Sosyal medyada en \u00e7ok payla\u015f\u0131lan dostluk mesajlar\u0131; \u201cuzun uzun \u00f6vmek\u201d yerine birlikte ya\u015fanm\u0131\u015fl\u0131\u011f\u0131 hissettiren c\u00fcmlelerden olu\u015fur. \u201cSen varken\u2026\u201d ile ba\u015flayan<\/p>\n","protected":false},"author":3,"featured_media":8126,"comment_status":"open","ping_status":"open","sticky":false,"template":"","format":"standard","meta":{"footnotes":"","_wpscppro_dont_share_socialmedia":false,"_wpscppro_custom_social_share_image":0,"_facebook_share_type":"default","_twitter_share_type":"default","_linkedin_share_type":"default","_pinterest_share_type":"default","_linkedin_share_type_page":"","_instagram_share_type":"default","_medium_share_type":"default","_threads_share_type":"default","_google_business_share_type":"default","_selected_social_profile":[],"_wpsp_enable_custom_social_template":false,"_wpsp_social_scheduling":{"enabled":false,"datetime":null,"platforms":[],"status":"template_only","dateOption":"today","timeOption":"now","customDays":"","customHours":"","customDate":"","customTime":"","schedulingType":"absolute"},"_wpsp_active_default_template":true},"categories":[34],"tags":[],"class_list":{"0":"post-8125","1":"post","2":"type-post","3":"status-publish","4":"format-standard","5":"has-post-thumbnail","7":"category-iliskiler-yasam"},"_links":{"self":[{"href":"https:\/\/backlinkdanismani.com\/icerik\/wp-json\/wp\/v2\/posts\/8125","targetHints":{"allow":["GET"]}}],"collection":[{"href":"https:\/\/backlinkdanismani.com\/icerik\/wp-json\/wp\/v2\/posts"}],"about":[{"href":"https:\/\/backlinkdanismani.com\/icerik\/wp-json\/wp\/v2\/types\/post"}],"author":[{"embeddable":true,"href":"https:\/\/backlinkdanismani.com\/icerik\/wp-json\/wp\/v2\/users\/3"}],"replies":[{"embeddable":true,"href":"https:\/\/backlinkdanismani.com\/icerik\/wp-json\/wp\/v2\/comments?post=8125"}],"version-history":[{"count":1,"href":"https:\/\/backlinkdanismani.com\/icerik\/wp-json\/wp\/v2\/posts\/8125\/revisions"}],"predecessor-version":[{"id":8127,"href":"https:\/\/backlinkdanismani.com\/icerik\/wp-json\/wp\/v2\/posts\/8125\/revisions\/8127"}],"wp:featuredmedia":[{"embeddable":true,"href":"https:\/\/backlinkdanismani.com\/icerik\/wp-json\/wp\/v2\/media\/8126"}],"wp:attachment":[{"href":"https:\/\/backlinkdanismani.com\/icerik\/wp-json\/wp\/v2\/media?parent=8125"}],"wp:term":[{"taxonomy":"category","embeddable":true,"href":"https:\/\/backlinkdanismani.com\/icerik\/wp-json\/wp\/v2\/categories?post=8125"},{"taxonomy":"post_tag","embeddable":true,"href":"https:\/\/backlinkdanismani.com\/icerik\/wp-json\/wp\/v2\/tags?post=8125"}],"curies":[{"name":"wp","href":"https:\/\/api.w.org\/{rel}","templated":true}]}}