{"id":8122,"date":"2026-01-15T22:03:32","date_gmt":"2026-01-15T19:03:32","guid":{"rendered":"https:\/\/backlinkdanismani.com\/icerik\/?p=8122"},"modified":"2026-01-15T22:03:36","modified_gmt":"2026-01-15T19:03:36","slug":"kaynanaya-dogum-gunu-mesaji","status":"publish","type":"post","link":"https:\/\/backlinkdanismani.com\/icerik\/kaynanaya-dogum-gunu-mesaji\/","title":{"rendered":"Kaynanaya Do\u011fum G\u00fcn\u00fc Mesaj\u0131  (Uzun, K\u0131sa, Duygusal)"},"content":{"rendered":"\n<p>Kaynanaya do\u011fum g\u00fcn\u00fc mesaj\u0131, sadece bir kutlama de\u011fil; <strong>sayg\u0131, nezaket ve ili\u015fki dengesi<\/strong> i\u00e7eren \u00f6zel bir ileti\u015fimdir. G\u00fcncel mesajlar ne a\u015f\u0131r\u0131 resm\u00ee ne de yapmac\u0131k samimidir. En \u00e7ok payla\u015f\u0131lan ve be\u011feni alan mesajlar, i\u00e7ten ama \u00f6l\u00e7\u00fcl\u00fcd\u00fcr.<\/p>\n\n\n\n<blockquote class=\"wp-block-quote is-layout-flow wp-block-quote-is-layout-flow\">\n<p>Mikro: Aile i\u00e7i ileti\u015fimde do\u011fum g\u00fcn\u00fc mesajlar\u0131, \u00f6zellikle gelin\u2013kaynana veya damat\u2013kaynana ili\u015fkisinde <strong>yumu\u015fat\u0131c\u0131 bir rol<\/strong> oynar. Sosyal medyada payla\u015f\u0131lan mesajlarda \u201cte\u015fekk\u00fcr + iyi dilek\u201d dengesi en g\u00fcvenli ve etkili form\u00fcld\u00fcr.<\/p>\n<\/blockquote>\n\n\n\n<h2 class=\"wp-block-heading\">\ud83c\udf82 Kaynanaya Do\u011fum G\u00fcn\u00fc Mesaj\u0131 K\u0131sa<\/h2>\n\n\n\n<p>K\u0131sa mesajlar; WhatsApp, kart ve \u00e7i\u00e7ek notlar\u0131nda en \u00e7ok tercih edilen formatt\u0131r.<\/p>\n\n\n\n<p><strong>K\u0131sa Do\u011fum G\u00fcn\u00fc Mesajlar\u0131<\/strong><\/p>\n\n\n\n<ul class=\"wp-block-list\">\n<li>Do\u011fum g\u00fcn\u00fcn\u00fcz kutlu olsun.<\/li>\n\n\n\n<li>Sa\u011fl\u0131kla, huzurla nice y\u0131llara.<\/li>\n\n\n\n<li>Yeni ya\u015f\u0131n\u0131z size mutluluk getirsin.<\/li>\n\n\n\n<li>G\u00fczel bir y\u0131l olsun.<\/li>\n\n\n\n<li>Nice sa\u011fl\u0131kl\u0131 ya\u015flara.<\/li>\n\n\n\n<li>G\u00fcl\u00fcmsemeniz eksik olmas\u0131n.<\/li>\n\n\n\n<li>Mutlu y\u0131llar dilerim.<\/li>\n\n\n\n<li>\u0130yi ki vars\u0131n\u0131z.<\/li>\n<\/ul>\n\n\n\n<h3 class=\"wp-block-heading\">Daha Fazla K\u0131sa Mesaj \ud83c\udf37<\/h3>\n\n\n\n<figure class=\"wp-block-table\"><table class=\"has-fixed-layout\"><thead><tr><th>Mesaj T\u00fcr\u00fc<\/th><th>Mesaj<\/th><th>Verdi\u011fi His<\/th><\/tr><\/thead><tbody><tr><td>K\u0131sa<\/td><td>Sa\u011fl\u0131kla nice y\u0131llara.<\/td><td>Sayg\u0131<\/td><\/tr><tr><td>K\u0131sa<\/td><td>Mutlu y\u0131llar.<\/td><td>Nezaket<\/td><\/tr><tr><td>K\u0131sa<\/td><td>Huzurla ya\u015fay\u0131n.<\/td><td>\u0130yi dilek<\/td><\/tr><tr><td>K\u0131sa<\/td><td>\u0130yi ki vars\u0131n\u0131z.<\/td><td>Samimiyet<\/td><\/tr><\/tbody><\/table><\/figure>\n\n\n\n<h2 class=\"wp-block-heading\">\ud83c\udf82 Kaynanaya Do\u011fum G\u00fcn\u00fc Mesaj\u0131 K\u0131sa<\/h2>\n\n\n\n<p>K\u0131sa mesajlar; WhatsApp, kart ve \u00e7i\u00e7ek notlar\u0131nda en \u00e7ok tercih edilen formatt\u0131r.<\/p>\n\n\n\n<p><strong>K\u0131sa Do\u011fum G\u00fcn\u00fc Mesajlar\u0131<\/strong><\/p>\n\n\n\n<ul class=\"wp-block-list\">\n<li>Do\u011fum g\u00fcn\u00fcn\u00fcz kutlu olsun.<\/li>\n\n\n\n<li>Sa\u011fl\u0131kla, huzurla nice y\u0131llara.<\/li>\n\n\n\n<li>Yeni ya\u015f\u0131n\u0131z size mutluluk getirsin.<\/li>\n\n\n\n<li>G\u00fczel bir y\u0131l olsun.<\/li>\n\n\n\n<li>Nice sa\u011fl\u0131kl\u0131 ya\u015flara.<\/li>\n\n\n\n<li>G\u00fcl\u00fcmsemeniz eksik olmas\u0131n.<\/li>\n\n\n\n<li>Mutlu y\u0131llar dilerim.<\/li>\n\n\n\n<li>\u0130yi ki vars\u0131n\u0131z.<\/li>\n<\/ul>\n\n\n\n<h3 class=\"wp-block-heading\">Daha Fazla K\u0131sa Mesaj \ud83c\udf37<\/h3>\n\n\n\n<figure class=\"wp-block-table\"><table class=\"has-fixed-layout\"><thead><tr><th>Mesaj T\u00fcr\u00fc<\/th><th>Mesaj<\/th><th>Verdi\u011fi His<\/th><\/tr><\/thead><tbody><tr><td>K\u0131sa<\/td><td>Sa\u011fl\u0131kla nice y\u0131llara.<\/td><td>Sayg\u0131<\/td><\/tr><tr><td>K\u0131sa<\/td><td>Mutlu y\u0131llar.<\/td><td>Nezaket<\/td><\/tr><tr><td>K\u0131sa<\/td><td>Huzurla ya\u015fay\u0131n.<\/td><td>\u0130yi dilek<\/td><\/tr><tr><td>K\u0131sa<\/td><td>\u0130yi ki vars\u0131n\u0131z.<\/td><td>Samimiyet<\/td><\/tr><\/tbody><\/table><\/figure>\n\n\n\n<h2 class=\"wp-block-heading\">\ud83c\udf3a Anneye Do\u011fum G\u00fcn\u00fc Mesaj\u0131<\/h2>\n\n\n\n<p>Anneye yaz\u0131lan mesajlar daha duygusal ve i\u00e7tendir. Sosyal medyada en \u00e7ok payla\u015f\u0131lan anne mesajlar\u0131 <strong>\u015f\u00fckran ve sevgi<\/strong> i\u00e7erir.<\/p>\n\n\n\n<p><strong>Anneye Do\u011fum G\u00fcn\u00fc Mesajlar\u0131<\/strong><\/p>\n\n\n\n<ul class=\"wp-block-list\">\n<li>Varl\u0131\u011f\u0131n bana her zaman g\u00fc\u00e7 verdi.<\/li>\n\n\n\n<li>Seni sevmek hayat\u0131m\u0131n en do\u011fal h\u00e2li.<\/li>\n\n\n\n<li>\u0130yi ki benim annemsin.<\/li>\n\n\n\n<li>Emeklerin i\u00e7in minnettar\u0131m.<\/li>\n\n\n\n<li>G\u00fcl\u00fc\u015f\u00fcn hep yolumu ayd\u0131nlatt\u0131.<\/li>\n\n\n\n<li>Kalbim seninle.<\/li>\n\n\n\n<li>Sa\u011fl\u0131kla, sevgiyle nice y\u0131llara.<\/li>\n\n\n\n<li>Do\u011fum g\u00fcn\u00fcn kutlu olsun anneci\u011fim.<\/li>\n<\/ul>\n\n\n\n<h3 class=\"wp-block-heading\">Daha Fazla Mesaj \ud83e\udd0d<\/h3>\n\n\n\n<figure class=\"wp-block-table\"><table class=\"has-fixed-layout\"><thead><tr><th>Mesaj T\u00fcr\u00fc<\/th><th>Mesaj<\/th><th>Verdi\u011fi His<\/th><\/tr><\/thead><tbody><tr><td>Anne<\/td><td>Emeklerin i\u00e7in te\u015fekk\u00fcr ederim.<\/td><td>\u015e\u00fckran<\/td><\/tr><tr><td>Anne<\/td><td>Seni \u00e7ok seviyorum.<\/td><td>Sevgi<\/td><\/tr><tr><td>Anne<\/td><td>\u0130yi ki vars\u0131n.<\/td><td>Aidiyet<\/td><\/tr><tr><td>Anne<\/td><td>Kalbim seninle.<\/td><td>Yak\u0131nl\u0131k<\/td><\/tr><\/tbody><\/table><\/figure>\n\n\n\n<h2 class=\"wp-block-heading\">\ud83d\udc90 Sevgilimin Annesine Do\u011fum G\u00fcn\u00fc Mesaj\u0131 Uzun<\/h2>\n\n\n\n<p>Sevgilinin annesine yaz\u0131lan mesajlar <strong>sayg\u0131l\u0131, yumu\u015fak ve \u00f6l\u00e7\u00fcl\u00fc<\/strong> olmal\u0131d\u0131r. A\u015f\u0131r\u0131 samimiyet yerine s\u0131cak nezaket tercih edilir.<\/p>\n\n\n\n<p><strong>Uzun Mesajlar<\/strong><\/p>\n\n\n\n<ul class=\"wp-block-list\">\n<li>Hayat\u0131ma katt\u0131\u011f\u0131n\u0131z g\u00fczel de\u011ferler i\u00e7in size te\u015fekk\u00fcr ederim. Yeni ya\u015f\u0131n\u0131z\u0131n sa\u011fl\u0131k, huzur ve mutluluk getirmesini diliyorum.<\/li>\n\n\n\n<li>G\u00fcler y\u00fcz\u00fcn\u00fcz ve iyi niyetiniz i\u00e7in minnettar\u0131m. Nice sa\u011fl\u0131kl\u0131 ve g\u00fczel y\u0131llara.<\/li>\n\n\n\n<li>B\u00f6yle g\u00fczel bir evlat yeti\u015ftirdi\u011finiz i\u00e7in te\u015fekk\u00fcr ederim. Do\u011fum g\u00fcn\u00fcn\u00fcz kutlu olsun.<\/li>\n\n\n\n<li>Yeni ya\u015f\u0131n\u0131z size ve sevdiklerinize huzur getirsin.<\/li>\n\n\n\n<li>Sa\u011fl\u0131kla, sevdiklerinizle birlikte nice y\u0131llar dilerim.<\/li>\n<\/ul>\n\n\n\n<h3 class=\"wp-block-heading\">Daha Fazla Uzun Mesaj \ud83c\udf3c<\/h3>\n\n\n\n<figure class=\"wp-block-table\"><table class=\"has-fixed-layout\"><thead><tr><th>Mesaj T\u00fcr\u00fc<\/th><th>Mesaj<\/th><th>Verdi\u011fi His<\/th><\/tr><\/thead><tbody><tr><td>Uzun<\/td><td>Te\u015fekk\u00fcr ederim.<\/td><td>Sayg\u0131<\/td><\/tr><tr><td>Uzun<\/td><td>G\u00fczel bir y\u0131l dilerim.<\/td><td>Nezaket<\/td><\/tr><tr><td>Uzun<\/td><td>Sa\u011fl\u0131kla nice y\u0131llara.<\/td><td>\u0130yi dilek<\/td><\/tr><tr><td>Uzun<\/td><td>Mutluluk getirsin.<\/td><td>Olumlu ba\u011f<\/td><\/tr><\/tbody><\/table><\/figure>\n\n\n\n<h2 class=\"wp-block-heading\">\ud83c\udf37 Kaynanaya Do\u011fum G\u00fcn\u00fc Mesaj\u0131 Uzun<\/h2>\n\n\n\n<p>Uzun mesajlar, \u00f6zel g\u00fcnlerde ili\u015fkiyi g\u00fc\u00e7lendiren bir jesttir. Sosyal medyada genelde <strong>foto\u011fraf alt\u0131 a\u00e7\u0131klama<\/strong> olarak kullan\u0131l\u0131r.<\/p>\n\n\n\n<p><strong>Uzun Do\u011fum G\u00fcn\u00fc Mesajlar\u0131<\/strong><\/p>\n\n\n\n<ul class=\"wp-block-list\">\n<li>Hayat\u0131n\u0131z boyunca verdi\u011finiz emekler i\u00e7in te\u015fekk\u00fcr ederim. Yeni ya\u015f\u0131n\u0131z size sa\u011fl\u0131k ve huzur getirsin.<\/li>\n\n\n\n<li>Ailemizin b\u00fcy\u00fc\u011f\u00fc olarak varl\u0131\u011f\u0131n\u0131z bizim i\u00e7in \u00e7ok k\u0131ymetli. Nice mutlu y\u0131llara.<\/li>\n\n\n\n<li>G\u00fczel kalbiniz ve iyi niyetiniz daim olsun. Do\u011fum g\u00fcn\u00fcn\u00fcz kutlu olsun.<\/li>\n\n\n\n<li>Sa\u011fl\u0131kla, sevdiklerinizle birlikte nice g\u00fczel ya\u015flar dilerim.<\/li>\n<\/ul>\n\n\n\n<h3 class=\"wp-block-heading\">Daha Fazla Uzun Mesaj \ud83c\udf38<\/h3>\n\n\n\n<figure class=\"wp-block-table\"><table class=\"has-fixed-layout\"><thead><tr><th>Mesaj T\u00fcr\u00fc<\/th><th>Mesaj<\/th><th>Verdi\u011fi His<\/th><\/tr><\/thead><tbody><tr><td>Uzun<\/td><td>Varl\u0131\u011f\u0131n\u0131z k\u0131ymetli.<\/td><td>Sayg\u0131<\/td><\/tr><tr><td>Uzun<\/td><td>Emekleriniz i\u00e7in te\u015fekk\u00fcrler.<\/td><td>Takdir<\/td><\/tr><tr><td>Uzun<\/td><td>Huzur dolu y\u0131llar.<\/td><td>Dilek<\/td><\/tr><tr><td>Uzun<\/td><td>Nice mutlu ya\u015flara.<\/td><td>Kutlama<\/td><\/tr><\/tbody><\/table><\/figure>\n\n\n\n<h2 class=\"wp-block-heading\">\ud83d\udc70 Gelinden Kay\u0131nvalideye Do\u011fum G\u00fcn\u00fc Mesaj\u0131<\/h2>\n\n\n\n<p>Gelinden kay\u0131nvalideye mesajlar <strong>nazik, dengeli ve yap\u0131c\u0131<\/strong> olmal\u0131d\u0131r. Sosyal medyada en risksiz format budur.<\/p>\n\n\n\n<p><strong>Gelinden Mesajlar<\/strong><\/p>\n\n\n\n<ul class=\"wp-block-list\">\n<li>Sa\u011fl\u0131kla, huzurla nice ya\u015flara.<\/li>\n\n\n\n<li>G\u00fczel dileklerimle do\u011fum g\u00fcn\u00fcn\u00fcz kutlu olsun.<\/li>\n\n\n\n<li>Ailemize katt\u0131\u011f\u0131n\u0131z de\u011ferler i\u00e7in te\u015fekk\u00fcr ederim.<\/li>\n\n\n\n<li>Yeni ya\u015f\u0131n\u0131z size mutluluk getirsin.<\/li>\n\n\n\n<li>Sevdiklerinizle birlikte g\u00fczel bir y\u0131l olsun.<\/li>\n<\/ul>\n\n\n\n<h3 class=\"wp-block-heading\">Daha Fazla Mesaj \ud83c\udf39<\/h3>\n\n\n\n<figure class=\"wp-block-table\"><table class=\"has-fixed-layout\"><thead><tr><th>Mesaj T\u00fcr\u00fc<\/th><th>Mesaj<\/th><th>Verdi\u011fi His<\/th><\/tr><\/thead><tbody><tr><td>Gelin<\/td><td>Sayg\u0131lar\u0131mla.<\/td><td>Nezaket<\/td><\/tr><tr><td>Gelin<\/td><td>Te\u015fekk\u00fcr ederim.<\/td><td>Takdir<\/td><\/tr><tr><td>Gelin<\/td><td>Sa\u011fl\u0131k dilerim.<\/td><td>\u0130yi niyet<\/td><\/tr><tr><td>Gelin<\/td><td>Mutlu y\u0131llar.<\/td><td>Kutlama<\/td><\/tr><\/tbody><\/table><\/figure>\n\n\n\n<h2 class=\"wp-block-heading\">En S\u0131k Yap\u0131lan Hatalar<\/h2>\n\n\n\n<ul class=\"wp-block-list\">\n<li>A\u015f\u0131r\u0131 samimi veya fazla resm\u00ee mesajlar<\/li>\n\n\n\n<li>Kopya, ruhsuz c\u00fcmleler<\/li>\n\n\n\n<li>Gereksiz uzun ve yapmac\u0131k metinler<\/li>\n\n\n\n<li>Sosyal medya dilini tamamen yok saymak<\/li>\n\n\n\n<li>Aile i\u00e7i dengeyi zorlayan ifadeler<\/li>\n<\/ul>\n\n\n\n<h2 class=\"wp-block-heading\">Uzman \u00d6nerisi<\/h2>\n\n\n\n<p>Aile ve ileti\u015fim uzmanlar\u0131na g\u00f6re kaynana\u2013gelin\u2013damat mesajlar\u0131nda en etkili yakla\u015f\u0131m **\u201csayg\u0131l\u0131 samimiyet\u201d**tir. Ne fazla mesafeli ne de s\u0131n\u0131r a\u015fan ifadeler tercih edilmelidir. \u201cSa\u011fl\u0131k ve huzur dilerim\u201d gibi net ama s\u0131cak c\u00fcmleler, her platformda g\u00fcvenli ve etkilidir.<\/p>\n","protected":false},"excerpt":{"rendered":"<p>Kaynanaya do\u011fum g\u00fcn\u00fc mesaj\u0131, sadece bir kutlama de\u011fil; sayg\u0131, nezaket ve ili\u015fki dengesi i\u00e7eren \u00f6zel bir ileti\u015fimdir. G\u00fcncel mesajlar ne a\u015f\u0131r\u0131 resm\u00ee ne de yapmac\u0131k samimidir. En \u00e7ok payla\u015f\u0131lan ve be\u011feni alan mesajlar, i\u00e7ten ama \u00f6l\u00e7\u00fcl\u00fcd\u00fcr. Mikro: Aile i\u00e7i ileti\u015fimde do\u011fum g\u00fcn\u00fc mesajlar\u0131, \u00f6zellikle gelin\u2013kaynana veya damat\u2013kaynana ili\u015fkisinde yumu\u015fat\u0131c\u0131 bir rol oynar. Sosyal medyada payla\u015f\u0131lan<\/p>\n","protected":false},"author":3,"featured_media":8123,"comment_status":"open","ping_status":"open","sticky":false,"template":"","format":"standard","meta":{"footnotes":"","_wpscppro_dont_share_socialmedia":false,"_wpscppro_custom_social_share_image":0,"_facebook_share_type":"default","_twitter_share_type":"default","_linkedin_share_type":"default","_pinterest_share_type":"default","_linkedin_share_type_page":"","_instagram_share_type":"default","_medium_share_type":"default","_threads_share_type":"default","_google_business_share_type":"default","_selected_social_profile":[],"_wpsp_enable_custom_social_template":false,"_wpsp_social_scheduling":{"enabled":false,"datetime":null,"platforms":[],"status":"template_only","dateOption":"today","timeOption":"now","customDays":"","customHours":"","customDate":"","customTime":"","schedulingType":"absolute"},"_wpsp_active_default_template":true},"categories":[34],"tags":[],"class_list":{"0":"post-8122","1":"post","2":"type-post","3":"status-publish","4":"format-standard","5":"has-post-thumbnail","7":"category-iliskiler-yasam"},"_links":{"self":[{"href":"https:\/\/backlinkdanismani.com\/icerik\/wp-json\/wp\/v2\/posts\/8122","targetHints":{"allow":["GET"]}}],"collection":[{"href":"https:\/\/backlinkdanismani.com\/icerik\/wp-json\/wp\/v2\/posts"}],"about":[{"href":"https:\/\/backlinkdanismani.com\/icerik\/wp-json\/wp\/v2\/types\/post"}],"author":[{"embeddable":true,"href":"https:\/\/backlinkdanismani.com\/icerik\/wp-json\/wp\/v2\/users\/3"}],"replies":[{"embeddable":true,"href":"https:\/\/backlinkdanismani.com\/icerik\/wp-json\/wp\/v2\/comments?post=8122"}],"version-history":[{"count":1,"href":"https:\/\/backlinkdanismani.com\/icerik\/wp-json\/wp\/v2\/posts\/8122\/revisions"}],"predecessor-version":[{"id":8124,"href":"https:\/\/backlinkdanismani.com\/icerik\/wp-json\/wp\/v2\/posts\/8122\/revisions\/8124"}],"wp:featuredmedia":[{"embeddable":true,"href":"https:\/\/backlinkdanismani.com\/icerik\/wp-json\/wp\/v2\/media\/8123"}],"wp:attachment":[{"href":"https:\/\/backlinkdanismani.com\/icerik\/wp-json\/wp\/v2\/media?parent=8122"}],"wp:term":[{"taxonomy":"category","embeddable":true,"href":"https:\/\/backlinkdanismani.com\/icerik\/wp-json\/wp\/v2\/categories?post=8122"},{"taxonomy":"post_tag","embeddable":true,"href":"https:\/\/backlinkdanismani.com\/icerik\/wp-json\/wp\/v2\/tags?post=8122"}],"curies":[{"name":"wp","href":"https:\/\/api.w.org\/{rel}","templated":true}]}}