{"id":8116,"date":"2026-01-15T21:56:56","date_gmt":"2026-01-15T18:56:56","guid":{"rendered":"https:\/\/backlinkdanismani.com\/icerik\/?p=8116"},"modified":"2026-01-15T21:57:00","modified_gmt":"2026-01-15T18:57:00","slug":"oglum-icin-dogum-gunu-mesaji","status":"publish","type":"post","link":"https:\/\/backlinkdanismani.com\/icerik\/oglum-icin-dogum-gunu-mesaji\/","title":{"rendered":"O\u011flum \u0130\u00e7in Do\u011fum G\u00fcn\u00fc Mesaj\u0131 (K\u0131sa, Uzun, Duygusal)"},"content":{"rendered":"\n<p>O\u011fluma do\u011fum g\u00fcn\u00fc mesaj\u0131, sadece bir ya\u015f daha eklemek de\u011fildir. Bu mesaj; <strong>bir annenin kalbinden, bir baban\u0131n gururundan<\/strong> s\u00fcz\u00fclen duygunun kelimelere d\u00f6k\u00fclm\u00fc\u015f h\u00e2lidir. Bug\u00fcn\u00fcn diliyle yaz\u0131lan mesajlar, sadece okunmaz; <strong>payla\u015f\u0131l\u0131r, saklan\u0131r, hat\u0131rlan\u0131r<\/strong>.<\/p>\n\n\n\n<blockquote class=\"wp-block-quote is-layout-flow wp-block-quote-is-layout-flow\">\n<p>Mikro Bilgi: Sosyal medyada en \u00e7ok etkile\u015fim alan do\u011fum g\u00fcn\u00fc mesajlar\u0131; \u201c\u00f6\u011f\u00fct veren\u201d de\u011fil, <strong>duygu anlatan<\/strong> mesajlard\u0131r. \u00d6zellikle anne\u2013baba\u2013\u00e7ocuk ba\u011f\u0131n\u0131 do\u011frudan hissettiren k\u0131sa ama anlaml\u0131 c\u00fcmleler \u00f6ne \u00e7\u0131kar.<\/p>\n<\/blockquote>\n\n\n\n<h2 class=\"wp-block-heading\">\ud83d\udc99 Annenin O\u011fluna Do\u011fum G\u00fcn\u00fc Mesaj\u0131<\/h2>\n\n\n\n<p>Anneden o\u011fula yaz\u0131lan mesajlar; sevgi, dua ve i\u00e7ten bir gurur ta\u015f\u0131r. G\u00fcncel mesajlar nasihat vermez, <strong>kalpten konu\u015fur<\/strong>.<\/p>\n\n\n\n<p><strong>Annenin O\u011fluna Do\u011fum G\u00fcn\u00fc Mesajlar\u0131<\/strong><\/p>\n\n\n\n<ul class=\"wp-block-list\">\n<li>Seni kuca\u011f\u0131ma ald\u0131\u011f\u0131m g\u00fcnden beri kalbim seninle at\u0131yor.<\/li>\n\n\n\n<li>Ne kadar b\u00fcy\u00fcrsen b\u00fcy\u00fc, benim o\u011flumsun.<\/li>\n\n\n\n<li>Sen benim en g\u00fczel mucizemsin.<\/li>\n\n\n\n<li>Hayat seni yormas\u0131n, ben hep arkanday\u0131m.<\/li>\n\n\n\n<li>G\u00fcl\u00fc\u015f\u00fcn h\u00e2l\u00e2 bana g\u00fc\u00e7 veriyor.<\/li>\n\n\n\n<li>Sen iyi olduk\u00e7a ben tamam\u0131m.<\/li>\n\n\n\n<li>Yolun a\u00e7\u0131k, kalbin temiz olsun.<\/li>\n\n\n\n<li>\u0130yi ki do\u011fdun can\u0131m o\u011flum.<\/li>\n<\/ul>\n\n\n\n<h3 class=\"wp-block-heading\">Daha Fazla Do\u011fum G\u00fcn\u00fc Mesaj\u0131 \ud83e\udd0d<\/h3>\n\n\n\n<figure class=\"wp-block-table\"><table class=\"has-fixed-layout\"><thead><tr><th>Mesaj T\u00fcr\u00fc<\/th><th>Mesaj<\/th><th>Verdi\u011fi His<\/th><\/tr><\/thead><tbody><tr><td>Anne<\/td><td>Sen benim kalbimsin.<\/td><td>Ko\u015fulsuz sevgi<\/td><\/tr><tr><td>Anne<\/td><td>Her zaman yan\u0131nday\u0131m.<\/td><td>G\u00fcven<\/td><\/tr><tr><td>Anne<\/td><td>Seninle gurur duyuyorum.<\/td><td>Gurur<\/td><\/tr><tr><td>Anne<\/td><td>\u0130yi ki benim o\u011flumsun.<\/td><td>Aidiyet<\/td><\/tr><\/tbody><\/table><\/figure>\n\n\n\n<h2 class=\"wp-block-heading\">\ud83c\udf82 Erkek \u00c7ocu\u011fa Do\u011fum G\u00fcn\u00fc Mesajlar\u0131 K\u0131sa<\/h2>\n\n\n\n<p>K\u0131sa mesajlar, story ve WhatsApp payla\u015f\u0131mlar\u0131nda <strong>en \u00e7ok kullan\u0131lan format<\/strong>. Az kelime, net duygu.<\/p>\n\n\n\n<p><strong>K\u0131sa Do\u011fum G\u00fcn\u00fc Mesajlar\u0131<\/strong><\/p>\n\n\n\n<ul class=\"wp-block-list\">\n<li>\u0130yi ki do\u011fdun yak\u0131\u015f\u0131kl\u0131m.<\/li>\n\n\n\n<li>G\u00fcl\u00fc\u015f\u00fcn yeter.<\/li>\n\n\n\n<li>Kalbin hep b\u00f6yle temiz kals\u0131n.<\/li>\n\n\n\n<li>Sen \u00e7ok \u00f6zelsin.<\/li>\n\n\n\n<li>Hayat seni hep korusun.<\/li>\n\n\n\n<li>G\u00fcl, ko\u015f, hayal kur.<\/li>\n\n\n\n<li>Sen benim ne\u015femsin.<\/li>\n\n\n\n<li>Nice g\u00fczel ya\u015flara.<\/li>\n<\/ul>\n\n\n\n<h3 class=\"wp-block-heading\">Daha Fazla K\u0131sa Mesaj \u2728<\/h3>\n\n\n\n<figure class=\"wp-block-table\"><table class=\"has-fixed-layout\"><thead><tr><th>Mesaj T\u00fcr\u00fc<\/th><th>Mesaj<\/th><th>Verdi\u011fi His<\/th><\/tr><\/thead><tbody><tr><td>K\u0131sa<\/td><td>Sen harikas\u0131n.<\/td><td>\u00d6zg\u00fcven<\/td><\/tr><tr><td>K\u0131sa<\/td><td>Hep g\u00fcl.<\/td><td>Ne\u015fe<\/td><\/tr><tr><td>K\u0131sa<\/td><td>Kalbim seninle.<\/td><td>Yak\u0131nl\u0131k<\/td><\/tr><tr><td>K\u0131sa<\/td><td>\u0130yi ki vars\u0131n.<\/td><td>Sevgi<\/td><\/tr><\/tbody><\/table><\/figure>\n\n\n\n<h2 class=\"wp-block-heading\">\ud83e\uddd4 Yeti\u015fkin O\u011fluma Do\u011fum G\u00fcn\u00fc Mesaj\u0131<\/h2>\n\n\n\n<p>Yeti\u015fkin o\u011fula yaz\u0131lan mesajlar art\u0131k \u201c\u00e7ocuk dili\u201d ta\u015f\u0131maz. Daha sade, daha sayg\u0131l\u0131 ve <strong>gurur odakl\u0131d\u0131r<\/strong>.<\/p>\n\n\n\n<p><strong>Yeti\u015fkin O\u011fluma Mesajlar<\/strong><\/p>\n\n\n\n<ul class=\"wp-block-list\">\n<li>Nas\u0131l bir insan oldu\u011funla gurur duyuyorum.<\/li>\n\n\n\n<li>Kendi yolunu \u00e7izmeni izlemek b\u00fcy\u00fck bir mutluluk.<\/li>\n\n\n\n<li>G\u00fcc\u00fcn\u00fc kalbinden alan bir adams\u0131n.<\/li>\n\n\n\n<li>Hayat sana zor davransa da sen do\u011fru kal.<\/li>\n\n\n\n<li>Seninle her ya\u015fta gurur duyaca\u011f\u0131m.<\/li>\n\n\n\n<li>Yan\u0131nda de\u011filsem bile arkanday\u0131m.<\/li>\n\n\n\n<li>Kendi hik\u00e2yeni yaz\u0131yorsun.<\/li>\n\n\n\n<li>Do\u011fum g\u00fcn\u00fcn kutlu olsun o\u011flum.<\/li>\n<\/ul>\n\n\n\n<h3 class=\"wp-block-heading\">Daha Fazla Mesaj \ud83d\udd4a\ufe0f<\/h3>\n\n\n\n<figure class=\"wp-block-table\"><table class=\"has-fixed-layout\"><thead><tr><th>Mesaj T\u00fcr\u00fc<\/th><th>Mesaj<\/th><th>Verdi\u011fi His<\/th><\/tr><\/thead><tbody><tr><td>Yeti\u015fkin<\/td><td>Seninle gurur duyuyorum.<\/td><td>Sayg\u0131<\/td><\/tr><tr><td>Yeti\u015fkin<\/td><td>Yolun sana ait.<\/td><td>Destek<\/td><\/tr><tr><td>Yeti\u015fkin<\/td><td>Yan\u0131nday\u0131m.<\/td><td>G\u00fcven<\/td><\/tr><tr><td>Yeti\u015fkin<\/td><td>Do\u011fru kal.<\/td><td>De\u011fer<\/td><\/tr><\/tbody><\/table><\/figure>\n\n\n\n<h2 class=\"wp-block-heading\">\ud83d\udc96 Anneden O\u011fluna Duygusal Do\u011fum G\u00fcn\u00fc S\u00f6zleri<\/h2>\n\n\n\n<p>Bu s\u00f6zler sosyal medyada en \u00e7ok <strong>kaydedilen<\/strong> ve <strong>payla\u015f\u0131lan<\/strong> mesajlard\u0131r. Duygu nettir, g\u00f6steri\u015f yoktur.<\/p>\n\n\n\n<p><strong>Duygusal Do\u011fum G\u00fcn\u00fc S\u00f6zleri<\/strong><\/p>\n\n\n\n<ul class=\"wp-block-list\">\n<li>Seni sevmek bana hayat\u0131 \u00f6\u011fretti.<\/li>\n\n\n\n<li>Kalbim senden \u00f6nce senindi.<\/li>\n\n\n\n<li>Ne ya\u015farsan ya\u015fa, evin hep buras\u0131.<\/li>\n\n\n\n<li>D\u00fcnyan karard\u0131\u011f\u0131nda \u0131\u015f\u0131\u011f\u0131n ben olay\u0131m.<\/li>\n\n\n\n<li>Sen benim en saf sevgimsin.<\/li>\n\n\n\n<li>G\u00fc\u00e7l\u00fc ol ama yumu\u015fak kal.<\/li>\n\n\n\n<li>Seni her h\u00e2linle seviyorum.<\/li>\n\n\n\n<li>\u0130yi ki do\u011fdun o\u011flum.<\/li>\n<\/ul>\n\n\n\n<h3 class=\"wp-block-heading\">Daha Fazla Duygusal S\u00f6z \ud83c\udf19<\/h3>\n\n\n\n<figure class=\"wp-block-table\"><table class=\"has-fixed-layout\"><thead><tr><th>Mesaj T\u00fcr\u00fc<\/th><th>Mesaj<\/th><th>Verdi\u011fi His<\/th><\/tr><\/thead><tbody><tr><td>Duygusal<\/td><td>Kalbim seninle.<\/td><td>Derin ba\u011f<\/td><\/tr><tr><td>Duygusal<\/td><td>Hep buraday\u0131m.<\/td><td>G\u00fcvence<\/td><\/tr><tr><td>Duygusal<\/td><td>Seni seviyorum.<\/td><td>Sevgi<\/td><\/tr><tr><td>Duygusal<\/td><td>Evim sensin.<\/td><td>Aidiyet<\/td><\/tr><\/tbody><\/table><\/figure>\n\n\n\n<h2 class=\"wp-block-heading\">\ud83e\udde2 Babadan O\u011fluna Do\u011fum G\u00fcn\u00fc Mesaj\u0131<\/h2>\n\n\n\n<p>Babadan o\u011fula mesajlar k\u0131sa, net ama <strong>a\u011f\u0131rl\u0131\u011f\u0131 olan<\/strong> c\u00fcmlelerdir. X ve Instagram\u2019da bu ton \u00e7ok kar\u015f\u0131l\u0131k bulur.<\/p>\n\n\n\n<p><strong>Babadan O\u011fluna Mesajlar<\/strong><\/p>\n\n\n\n<ul class=\"wp-block-list\">\n<li>Duru\u015funla gurur duyuyorum.<\/li>\n\n\n\n<li>Adaml\u0131\u011f\u0131n ya\u015fla de\u011fil, kalple olur.<\/li>\n\n\n\n<li>Yolun zor olsa da sen sa\u011flam dur.<\/li>\n\n\n\n<li>G\u00fcc\u00fcn laf\u0131nda de\u011fil, karakterinde.<\/li>\n\n\n\n<li>Yan\u0131nda olmayabilirim ama arkanday\u0131m.<\/li>\n\n\n\n<li>Do\u011fru kal, yeter.<\/li>\n\n\n\n<li>Sen benim gururumsun.<\/li>\n\n\n\n<li>Do\u011fum g\u00fcn\u00fcn kutlu olsun o\u011flum.<\/li>\n<\/ul>\n\n\n\n<h3 class=\"wp-block-heading\">Daha Fazla Mesaj \ud83e\udded<\/h3>\n\n\n\n<figure class=\"wp-block-table\"><table class=\"has-fixed-layout\"><thead><tr><th>Mesaj T\u00fcr\u00fc<\/th><th>Mesaj<\/th><th>Verdi\u011fi His<\/th><\/tr><\/thead><tbody><tr><td>Baba<\/td><td>Gurur duyuyorum.<\/td><td>Sayg\u0131<\/td><\/tr><tr><td>Baba<\/td><td>Arkanday\u0131m.<\/td><td>G\u00fcven<\/td><\/tr><tr><td>Baba<\/td><td>Sa\u011flam dur.<\/td><td>G\u00fc\u00e7<\/td><\/tr><tr><td>Baba<\/td><td>Do\u011fru kal.<\/td><td>Karakter<\/td><\/tr><\/tbody><\/table><\/figure>\n\n\n\n<h2 class=\"wp-block-heading\">En S\u0131k Yap\u0131lan Hatalar<\/h2>\n\n\n\n<ul class=\"wp-block-list\">\n<li>Nasihat verip duyguyu unutmak<\/li>\n\n\n\n<li>A\u015f\u0131r\u0131 s\u00fcsl\u00fc ama i\u00e7i bo\u015f c\u00fcmleler<\/li>\n\n\n\n<li>\u201cKlasik anne-baba laf\u0131\u201d hissi veren mesajlar<\/li>\n\n\n\n<li>O\u011flun ya\u015f\u0131na uymayan dil kullanmak<\/li>\n\n\n\n<li>Sosyal medya dilini tamamen yok saymak<\/li>\n<\/ul>\n\n\n\n<h2 class=\"wp-block-heading\">Uzman \u00d6nerisi<\/h2>\n\n\n\n<p>\u0130leti\u015fim ve sosyal medya uzmanlar\u0131na g\u00f6re ebeveyn\u2013\u00e7ocuk mesajlar\u0131nda en y\u00fcksek etkile\u015fimi yaratan unsur <strong>samimi gurur ve ko\u015fulsuz destek<\/strong> vurgusudur. \u201cSeninle gurur duyuyorum\u201d gibi net c\u00fcmleler, uzun metinlerden \u00e7ok daha kal\u0131c\u0131 etki b\u0131rak\u0131r. Mesaj ne kadar ger\u00e7ekse, kar\u015f\u0131l\u0131\u011f\u0131 da o kadar g\u00fc\u00e7l\u00fc olur.<\/p>\n","protected":false},"excerpt":{"rendered":"<p>O\u011fluma do\u011fum g\u00fcn\u00fc mesaj\u0131, sadece bir ya\u015f daha eklemek de\u011fildir. Bu mesaj; bir annenin kalbinden, bir baban\u0131n gururundan s\u00fcz\u00fclen duygunun kelimelere d\u00f6k\u00fclm\u00fc\u015f h\u00e2lidir. Bug\u00fcn\u00fcn diliyle yaz\u0131lan mesajlar, sadece okunmaz; payla\u015f\u0131l\u0131r, saklan\u0131r, hat\u0131rlan\u0131r. Mikro Bilgi: Sosyal medyada en \u00e7ok etkile\u015fim alan do\u011fum g\u00fcn\u00fc mesajlar\u0131; \u201c\u00f6\u011f\u00fct veren\u201d de\u011fil, duygu anlatan mesajlard\u0131r. \u00d6zellikle anne\u2013baba\u2013\u00e7ocuk ba\u011f\u0131n\u0131 do\u011frudan hissettiren k\u0131sa<\/p>\n","protected":false},"author":3,"featured_media":8117,"comment_status":"open","ping_status":"open","sticky":false,"template":"","format":"standard","meta":{"footnotes":"","_wpscppro_dont_share_socialmedia":false,"_wpscppro_custom_social_share_image":0,"_facebook_share_type":"default","_twitter_share_type":"default","_linkedin_share_type":"default","_pinterest_share_type":"default","_linkedin_share_type_page":"","_instagram_share_type":"default","_medium_share_type":"default","_threads_share_type":"default","_google_business_share_type":"default","_selected_social_profile":[],"_wpsp_enable_custom_social_template":false,"_wpsp_social_scheduling":{"enabled":false,"datetime":null,"platforms":[],"status":"template_only","dateOption":"today","timeOption":"now","customDays":"","customHours":"","customDate":"","customTime":"","schedulingType":"absolute"},"_wpsp_active_default_template":true},"categories":[34],"tags":[],"class_list":{"0":"post-8116","1":"post","2":"type-post","3":"status-publish","4":"format-standard","5":"has-post-thumbnail","7":"category-iliskiler-yasam"},"_links":{"self":[{"href":"https:\/\/backlinkdanismani.com\/icerik\/wp-json\/wp\/v2\/posts\/8116","targetHints":{"allow":["GET"]}}],"collection":[{"href":"https:\/\/backlinkdanismani.com\/icerik\/wp-json\/wp\/v2\/posts"}],"about":[{"href":"https:\/\/backlinkdanismani.com\/icerik\/wp-json\/wp\/v2\/types\/post"}],"author":[{"embeddable":true,"href":"https:\/\/backlinkdanismani.com\/icerik\/wp-json\/wp\/v2\/users\/3"}],"replies":[{"embeddable":true,"href":"https:\/\/backlinkdanismani.com\/icerik\/wp-json\/wp\/v2\/comments?post=8116"}],"version-history":[{"count":1,"href":"https:\/\/backlinkdanismani.com\/icerik\/wp-json\/wp\/v2\/posts\/8116\/revisions"}],"predecessor-version":[{"id":8118,"href":"https:\/\/backlinkdanismani.com\/icerik\/wp-json\/wp\/v2\/posts\/8116\/revisions\/8118"}],"wp:featuredmedia":[{"embeddable":true,"href":"https:\/\/backlinkdanismani.com\/icerik\/wp-json\/wp\/v2\/media\/8117"}],"wp:attachment":[{"href":"https:\/\/backlinkdanismani.com\/icerik\/wp-json\/wp\/v2\/media?parent=8116"}],"wp:term":[{"taxonomy":"category","embeddable":true,"href":"https:\/\/backlinkdanismani.com\/icerik\/wp-json\/wp\/v2\/categories?post=8116"},{"taxonomy":"post_tag","embeddable":true,"href":"https:\/\/backlinkdanismani.com\/icerik\/wp-json\/wp\/v2\/tags?post=8116"}],"curies":[{"name":"wp","href":"https:\/\/api.w.org\/{rel}","templated":true}]}}