{"id":8109,"date":"2026-01-02T04:07:00","date_gmt":"2026-01-02T01:07:00","guid":{"rendered":"https:\/\/backlinkdanismani.com\/icerik\/?p=8109"},"modified":"2026-01-02T04:07:03","modified_gmt":"2026-01-02T01:07:03","slug":"vefa-sozleri","status":"publish","type":"post","link":"https:\/\/backlinkdanismani.com\/icerik\/vefa-sozleri\/","title":{"rendered":"Vefa S\u00f6zleri (A\u011f\u0131r, Sevgiliye, Etkileyici)"},"content":{"rendered":"\n<p>Vefa s\u00f6zleri, insan ili\u015fkilerinin en sessiz ama en g\u00fc\u00e7l\u00fc de\u011ferlerinden birini anlat\u0131r. Vefa; yaln\u0131zca iyi g\u00fcnlerde de\u011fil, <strong>zor zamanlarda da hat\u0131rlamak<\/strong>, s\u0131rt d\u00f6nmemek ve ba\u011f\u0131n\u0131 ink\u00e2r etmemektir. Bu s\u00f6zler kimi zaman bir minneti, kimi zaman derin bir hayal k\u0131r\u0131kl\u0131\u011f\u0131n\u0131 dile getirir.<\/p>\n\n\n\n<blockquote class=\"wp-block-quote is-layout-flow wp-block-quote-is-layout-flow\">\n<p>Mikro Bilgi: Sosyal psikoloji ara\u015ft\u0131rmalar\u0131na g\u00f6re vefa duygusu, bireyler aras\u0131 ili\u015fkilerde <strong>g\u00fcvenin ve uzun s\u00fcreli ba\u011flar\u0131n<\/strong> temel belirleyicilerinden biridir. Vefan\u0131n olmad\u0131\u011f\u0131 ili\u015fkilerde kopu\u015f daha h\u0131zl\u0131 ve kal\u0131c\u0131 olur.<\/p>\n<\/blockquote>\n\n\n\n<h2 class=\"wp-block-heading\">\u2753 Vefa Ne Demek?<\/h2>\n\n\n\n<p>Vefa; yap\u0131lan iyili\u011fi unutmamak, verilen eme\u011fi yok saymamak ve <strong>insan\u0131 sadece i\u015fine yarad\u0131\u011f\u0131 s\u00fcrece hat\u0131rlamamak<\/strong> demektir. Vefa, bir karakter meselesidir; s\u00f6zle de\u011fil davran\u0131\u015fla anla\u015f\u0131l\u0131r.<\/p>\n\n\n\n<figure class=\"wp-block-table\"><table class=\"has-fixed-layout\"><thead><tr><th>Tan\u0131m<\/th><th>A\u00e7\u0131klama<\/th><th>Verdi\u011fi His<\/th><\/tr><\/thead><tbody><tr><td>Vefa<\/td><td>Ba\u011f\u0131n\u0131 ink\u00e2r etmemek<\/td><td>G\u00fcven<\/td><\/tr><tr><td>Vefa<\/td><td>Unutmamak<\/td><td>Sadakat<\/td><\/tr><tr><td>Vefa<\/td><td>Zor g\u00fcnde kalmak<\/td><td>Dayan\u0131\u015fma<\/td><\/tr><tr><td>Vefa<\/td><td>Eme\u011fi g\u00f6rmek<\/td><td>Sayg\u0131<\/td><\/tr><\/tbody><\/table><\/figure>\n\n\n\n<h2 class=\"wp-block-heading\">\u2696\ufe0f A\u011f\u0131r Vefas\u0131zl\u0131k S\u00f6zleri<\/h2>\n\n\n\n<p>A\u011f\u0131r vefas\u0131zl\u0131k s\u00f6zleri, derin bir k\u0131rg\u0131nl\u0131\u011f\u0131 ve hayal k\u0131r\u0131kl\u0131\u011f\u0131n\u0131 ifade eder. Bu s\u00f6zler genellikle sessiz bir hesapla\u015fman\u0131n sonucudur.<\/p>\n\n\n\n<p><strong>A\u011f\u0131r Vefas\u0131zl\u0131k S\u00f6zleri<\/strong><\/p>\n\n\n\n<ul class=\"wp-block-list\">\n<li>Unutanlar, en \u00e7ok hat\u0131rlan\u0131r.<\/li>\n\n\n\n<li>\u0130\u015fin bitince insan da biter sananlara vefa anlat\u0131lmaz.<\/li>\n\n\n\n<li>Eme\u011fi yok sayan, g\u00fcn\u00fc gelince yok say\u0131l\u0131r.<\/li>\n\n\n\n<li>Zor g\u00fcn\u00fcmde yoktun, art\u0131k kolay g\u00fcn\u00fcmde de yoksun.<\/li>\n\n\n\n<li>Vefas\u0131zl\u0131k, karakter a\u00e7\u0131\u011f\u0131d\u0131r.<\/li>\n\n\n\n<li>Hat\u0131rlanmad\u0131\u011f\u0131m yerde durmam.<\/li>\n\n\n\n<li>Menfaat bitince selam\u0131 kesen \u00e7ok olur.<\/li>\n\n\n\n<li>Vefa, herkese yak\u0131\u015fmaz.<\/li>\n<\/ul>\n\n\n\n<h3 class=\"wp-block-heading\">Daha Fazla A\u011f\u0131r S\u00f6z \u26a0\ufe0f<\/h3>\n\n\n\n<figure class=\"wp-block-table\"><table class=\"has-fixed-layout\"><thead><tr><th>S\u00f6z T\u00fcr\u00fc<\/th><th>S\u00f6z<\/th><th>Verdi\u011fi His<\/th><\/tr><\/thead><tbody><tr><td>A\u011f\u0131r<\/td><td>Zor g\u00fcnde yoktun.<\/td><td>Hayal k\u0131r\u0131kl\u0131\u011f\u0131<\/td><\/tr><tr><td>A\u011f\u0131r<\/td><td>Eme\u011fi unuttun.<\/td><td>K\u0131rg\u0131nl\u0131k<\/td><\/tr><tr><td>A\u011f\u0131r<\/td><td>Menfaat bitti.<\/td><td>So\u011fuma<\/td><\/tr><tr><td>A\u011f\u0131r<\/td><td>Vefa yoktu.<\/td><td>Kopu\u015f<\/td><\/tr><\/tbody><\/table><\/figure>\n\n\n\n<h2 class=\"wp-block-heading\">\ud83d\udda4 Vefas\u0131zl\u0131k S\u00f6zleri<\/h2>\n\n\n\n<p>Vefas\u0131zl\u0131k s\u00f6zleri, kar\u015f\u0131l\u0131ks\u0131z kalan ba\u011flar\u0131n ve de\u011feri bilinmeyen eme\u011fin ifadesidir.<\/p>\n\n\n\n<p><strong>Vefas\u0131zl\u0131k S\u00f6zleri<\/strong><\/p>\n\n\n\n<ul class=\"wp-block-list\">\n<li>Hat\u0131rlanmak i\u015f bitince de\u011fil, zor g\u00fcnde anlaml\u0131d\u0131r.<\/li>\n\n\n\n<li>Vefas\u0131zl\u0131k sessiz bir vedad\u0131r.<\/li>\n\n\n\n<li>De\u011fer bilmeyen, de\u011fer kaybeder.<\/li>\n\n\n\n<li>Eme\u011fi unutan insan\u0131 da unutur.<\/li>\n\n\n\n<li>Vefa yoksa ba\u011f da yoktur.<\/li>\n\n\n\n<li>Her giden vefas\u0131z de\u011fildir ama \u00e7o\u011fu vefas\u0131z gider.<\/li>\n\n\n\n<li>Hat\u0131rlanmamak en a\u011f\u0131r k\u0131rg\u0131nl\u0131kt\u0131r.<\/li>\n\n\n\n<li>Vefas\u0131zl\u0131k, kalpte iz b\u0131rak\u0131r.<\/li>\n<\/ul>\n\n\n\n<h3 class=\"wp-block-heading\">Daha Fazla S\u00f6z \ud83c\udf11<\/h3>\n\n\n\n<figure class=\"wp-block-table\"><table class=\"has-fixed-layout\"><thead><tr><th>S\u00f6z T\u00fcr\u00fc<\/th><th>S\u00f6z<\/th><th>Verdi\u011fi His<\/th><\/tr><\/thead><tbody><tr><td>Vefas\u0131z<\/td><td>De\u011fer bilinmedi.<\/td><td>\u00dcz\u00fcnt\u00fc<\/td><\/tr><tr><td>Vefas\u0131z<\/td><td>Hat\u0131rlanmad\u0131m.<\/td><td>Yaln\u0131zl\u0131k<\/td><\/tr><tr><td>Vefas\u0131z<\/td><td>Eme\u011fim yok say\u0131ld\u0131.<\/td><td>K\u0131rg\u0131nl\u0131k<\/td><\/tr><tr><td>Vefas\u0131z<\/td><td>Ba\u011f koptu.<\/td><td>So\u011fukluk<\/td><\/tr><\/tbody><\/table><\/figure>\n\n\n\n<h2 class=\"wp-block-heading\">\u23f1\ufe0f A\u011f\u0131r Vefas\u0131zl\u0131k S\u00f6zleri K\u0131sa<\/h2>\n\n\n\n<p>K\u0131sa ama net ifadeler, derin bir k\u0131rg\u0131nl\u0131\u011f\u0131 tek c\u00fcmlede anlat\u0131r.<\/p>\n\n\n\n<p><strong>K\u0131sa A\u011f\u0131r S\u00f6zler<\/strong><\/p>\n\n\n\n<ul class=\"wp-block-list\">\n<li>Unuttun.<\/li>\n\n\n\n<li>Yok sayd\u0131n.<\/li>\n\n\n\n<li>Vefa yoktu.<\/li>\n\n\n\n<li>Eme\u011fi g\u00f6rmedin.<\/li>\n\n\n\n<li>Hat\u0131rlamad\u0131n.<\/li>\n\n\n\n<li>Menfaat bitti.<\/li>\n\n\n\n<li>Sessizce gittin.<\/li>\n\n\n\n<li>Bitti.<\/li>\n<\/ul>\n\n\n\n<h3 class=\"wp-block-heading\">Daha Fazla K\u0131sa S\u00f6z \u26d3\ufe0f<\/h3>\n\n\n\n<figure class=\"wp-block-table\"><table class=\"has-fixed-layout\"><thead><tr><th>S\u00f6z<\/th><th>Kullan\u0131m<\/th><th>Verdi\u011fi His<\/th><\/tr><\/thead><tbody><tr><td>Unuttun<\/td><td>K\u0131sa mesaj<\/td><td>Hayal k\u0131r\u0131kl\u0131\u011f\u0131<\/td><\/tr><tr><td>Vefa yoktu<\/td><td>Payla\u015f\u0131m<\/td><td>Netlik<\/td><\/tr><tr><td>Bitti<\/td><td>Son s\u00f6z<\/td><td>Kopu\u015f<\/td><\/tr><tr><td>Yok sayd\u0131n<\/td><td>\u0130\u00e7 d\u00f6kme<\/td><td>K\u0131rg\u0131nl\u0131k<\/td><\/tr><\/tbody><\/table><\/figure>\n\n\n\n<h2 class=\"wp-block-heading\">\u2728 Etkileyici Vefa S\u00f6zleri<\/h2>\n\n\n\n<p>Etkileyici vefa s\u00f6zleri, sadakati ve unutulmayan ba\u011flar\u0131 y\u00fcceltir.<\/p>\n\n\n\n<p><strong>Etkileyici Vefa S\u00f6zleri<\/strong><\/p>\n\n\n\n<ul class=\"wp-block-list\">\n<li>Vefa, zor g\u00fcnde belli olur.<\/li>\n\n\n\n<li>Unutmayan kalp, ger\u00e7ek kalptir.<\/li>\n\n\n\n<li>Vefa, sessiz ama g\u00fc\u00e7l\u00fcd\u00fcr.<\/li>\n\n\n\n<li>Hat\u0131rlamak bir tercihtir.<\/li>\n\n\n\n<li>Sadakat, vefan\u0131n ad\u0131d\u0131r.<\/li>\n\n\n\n<li>Vefa, menfaat tan\u0131maz.<\/li>\n\n\n\n<li>Giden \u00e7ok olur, kalan de\u011ferlidir.<\/li>\n\n\n\n<li>Vefa bir duru\u015ftur.<\/li>\n<\/ul>\n\n\n\n<h3 class=\"wp-block-heading\">Daha Fazla Etkileyici S\u00f6z \ud83c\udf1f<\/h3>\n\n\n\n<figure class=\"wp-block-table\"><table class=\"has-fixed-layout\"><thead><tr><th>S\u00f6z T\u00fcr\u00fc<\/th><th>S\u00f6z<\/th><th>Verdi\u011fi His<\/th><\/tr><\/thead><tbody><tr><td>Etkileyici<\/td><td>Zor g\u00fcnde kalmak<\/td><td>G\u00fc\u00e7<\/td><\/tr><tr><td>Etkileyici<\/td><td>Unutmamak<\/td><td>Sadakat<\/td><\/tr><tr><td>Etkileyici<\/td><td>Sessiz ba\u011fl\u0131l\u0131k<\/td><td>Derinlik<\/td><\/tr><tr><td>Etkileyici<\/td><td>Ger\u00e7ek duru\u015f<\/td><td>Sayg\u0131<\/td><\/tr><\/tbody><\/table><\/figure>\n\n\n\n<figure class=\"wp-block-table\"><table class=\"has-fixed-layout\"><tbody><tr><td>Sayg\u0131<\/td><\/tr><\/tbody><\/table><\/figure>\n\n\n\n<hr class=\"wp-block-separator has-alpha-channel-opacity\"\/>\n\n\n\n<h2 class=\"wp-block-heading\">\ud83d\udd6f\ufe0f Mevlana Vefa S\u00f6zleri<\/h2>\n\n\n\n<p>Mevlana\u2019n\u0131n s\u00f6zlerinde vefa, insan\u0131n i\u00e7 terbiyesiyle ilgilidir; beklentisiz ve saf bir ba\u011fl\u0131l\u0131k olarak ele al\u0131n\u0131r.<\/p>\n\n\n\n<p><strong>Mevlana\u2019dan Vefa S\u00f6zleri<\/strong><\/p>\n\n\n\n<ul class=\"wp-block-list\">\n<li>Vefa, dostlu\u011fun s\u00fcs\u00fcd\u00fcr.<\/li>\n\n\n\n<li>Unutmak, kalbin hastal\u0131\u011f\u0131d\u0131r.<\/li>\n\n\n\n<li>Dostluk, vefa ile ya\u015far.<\/li>\n\n\n\n<li>G\u00f6n\u00fclden gelen ba\u011f kopmaz.<\/li>\n\n\n\n<li>Vefa, insan\u0131 insan yapar.<\/li>\n\n\n\n<li>Sadakat, kalbin dilidir.<\/li>\n\n\n\n<li>Vefa olmayan yerde muhabbet eksiktir.<\/li>\n\n\n\n<li>G\u00f6n\u00fcl, vefay\u0131 tan\u0131r.<\/li>\n<\/ul>\n\n\n\n<h3 class=\"wp-block-heading\">Daha Fazla Mevlana S\u00f6z\u00fc \ud83d\udd4a\ufe0f<\/h3>\n\n\n\n<figure class=\"wp-block-table\"><table class=\"has-fixed-layout\"><thead><tr><th>Kaynak<\/th><th>S\u00f6z<\/th><th>Verdi\u011fi His<\/th><\/tr><\/thead><tbody><tr><td>Mevlana<\/td><td>Vefa g\u00f6n\u00fcl i\u015fidir.<\/td><td>Maneviyat<\/td><\/tr><tr><td>Mevlana<\/td><td>Sadakat kalptendir.<\/td><td>Derinlik<\/td><\/tr><tr><td>Mevlana<\/td><td>Dostluk vefayla ya\u015far.<\/td><td>Bilgelik<\/td><\/tr><tr><td>Mevlana<\/td><td>G\u00f6n\u00fcl unutmaz.<\/td><td>Huzur<\/td><\/tr><\/tbody><\/table><\/figure>\n\n\n\n<h2 class=\"wp-block-heading\">\ud83d\udc94 Sevgiliye Vefas\u0131zl\u0131k S\u00f6zleri<\/h2>\n\n\n\n<p>Sevgiliye vefas\u0131zl\u0131k s\u00f6zleri, duygusal bir ba\u011f\u0131n tek tarafl\u0131 kald\u0131\u011f\u0131 anlar\u0131 anlat\u0131r.<\/p>\n\n\n\n<p><strong>Sevgiliye Vefas\u0131zl\u0131k S\u00f6zleri<\/strong><\/p>\n\n\n\n<ul class=\"wp-block-list\">\n<li>Sevgiyi ya\u015fad\u0131n, vefay\u0131 unuttun.<\/li>\n\n\n\n<li>Yan\u0131mdayken bile uzakt\u0131n.<\/li>\n\n\n\n<li>Hat\u0131rlanmak beklemekle olmuyor.<\/li>\n\n\n\n<li>Vefa yoksa sevgi eksik kal\u0131r.<\/li>\n\n\n\n<li>Kalbim seninleydi, sen ba\u015fkas\u0131ndayd\u0131n.<\/li>\n\n\n\n<li>Zor g\u00fcn\u00fcmde yoktun.<\/li>\n\n\n\n<li>S\u00f6zlerin vard\u0131, duru\u015fun yoktu.<\/li>\n\n\n\n<li>Unutulmak en a\u011f\u0131r ayr\u0131l\u0131k.<\/li>\n<\/ul>\n\n\n\n<h3 class=\"wp-block-heading\">Daha Fazla S\u00f6z \ud83d\udc94<\/h3>\n\n\n\n<figure class=\"wp-block-table\"><table class=\"has-fixed-layout\"><thead><tr><th>S\u00f6z T\u00fcr\u00fc<\/th><th>S\u00f6z<\/th><th>Verdi\u011fi His<\/th><\/tr><\/thead><tbody><tr><td>Sevgili<\/td><td>Zor g\u00fcnde yoktun.<\/td><td>K\u0131rg\u0131nl\u0131k<\/td><\/tr><tr><td>Sevgili<\/td><td>Vefa eksikti.<\/td><td>Hayal k\u0131r\u0131kl\u0131\u011f\u0131<\/td><\/tr><tr><td>Sevgili<\/td><td>Hat\u0131rlanmad\u0131m.<\/td><td>\u00dcz\u00fcnt\u00fc<\/td><\/tr><tr><td>Sevgili<\/td><td>Ba\u011f tek tarafl\u0131yd\u0131.<\/td><td>Yaln\u0131zl\u0131k<\/td><\/tr><\/tbody><\/table><\/figure>\n\n\n\n<h2 class=\"wp-block-heading\">\ud83d\udcdc Vefa \u0130le \u0130lgili S\u00f6zler<\/h2>\n\n\n\n<p>Bu s\u00f6zler, vefan\u0131n hem insan\u00ee hem ahlaki y\u00f6n\u00fcn\u00fc vurgular.<\/p>\n\n\n\n<p><strong>Vefa \u0130le \u0130lgili S\u00f6zler<\/strong><\/p>\n\n\n\n<ul class=\"wp-block-list\">\n<li>Vefa, karakter meselesidir.<\/li>\n\n\n\n<li>Hat\u0131rlamak bir erdemdir.<\/li>\n\n\n\n<li>Unutmayan kazan\u0131r.<\/li>\n\n\n\n<li>Vefa, zamana direnir.<\/li>\n\n\n\n<li>Ba\u011flar vefayla ya\u015far.<\/li>\n\n\n\n<li>\u0130nsan, vefas\u0131 kadar insand\u0131r.<\/li>\n\n\n\n<li>Sadakat, vefan\u0131n g\u00f6lgesidir.<\/li>\n\n\n\n<li>Vefa, sessiz bir ahlakt\u0131r.<\/li>\n<\/ul>\n\n\n\n<h3 class=\"wp-block-heading\">Daha Fazla S\u00f6z \ud83d\udcda<\/h3>\n\n\n\n<figure class=\"wp-block-table\"><table class=\"has-fixed-layout\"><thead><tr><th>S\u00f6z T\u00fcr\u00fc<\/th><th>S\u00f6z<\/th><th>Verdi\u011fi His<\/th><\/tr><\/thead><tbody><tr><td>Genel<\/td><td>Karakter meselesi<\/td><td>Ciddiyet<\/td><\/tr><tr><td>Genel<\/td><td>Erdemdir<\/td><td>Sayg\u0131<\/td><\/tr><tr><td>Genel<\/td><td>Zamana direnir<\/td><td>Kal\u0131c\u0131l\u0131k<\/td><\/tr><tr><td>Genel<\/td><td>Sessiz ahlak<\/td><td>Olgunluk<\/td><\/tr><\/tbody><\/table><\/figure>\n\n\n\n<h2 class=\"wp-block-heading\">En S\u0131k Yap\u0131lan Hatalar<\/h2>\n\n\n\n<ul class=\"wp-block-list\">\n<li>Vefay\u0131 yaln\u0131zca s\u00f6zle tan\u0131mlamak<\/li>\n\n\n\n<li>Menfaatle sadakati kar\u0131\u015ft\u0131rmak<\/li>\n\n\n\n<li>Vefas\u0131zl\u0131\u011f\u0131 ge\u00e7ici g\u00f6rmek<\/li>\n\n\n\n<li>K\u0131rg\u0131nl\u0131\u011f\u0131 a\u00e7\u0131k\u00e7a ifade etmemek<\/li>\n\n\n\n<li>Herkesten ayn\u0131 vefay\u0131 beklemek<\/li>\n<\/ul>\n\n\n\n<h2 class=\"wp-block-heading\">Uzman \u00d6nerisi<\/h2>\n\n\n\n<p>Uzmanlara g\u00f6re vefa, beklentiyle de\u011fil <strong>de\u011fer bilinciyle<\/strong> ya\u015fan\u0131r. Ger\u00e7ek vefa; kar\u015f\u0131l\u0131k beklemeden, hat\u0131rlamaya devam edebilmektir. Vefas\u0131zl\u0131kla kar\u015f\u0131la\u015f\u0131ld\u0131\u011f\u0131nda ise en sa\u011fl\u0131kl\u0131 tutum, kendini de\u011fersizle\u015ftirmeden mesafe koyabilmektir.<\/p>\n\n\n\n<p>Di\u011fer \u0130\u00e7erik: <a href=\"https:\/\/backlinkdanismani.com\/icerik\/ayrilik-sozleri\/\" data-type=\"post\" data-id=\"8019\">Ayr\u0131l\u0131k S\u00f6zleri<\/a><\/p>\n","protected":false},"excerpt":{"rendered":"<p>Vefa s\u00f6zleri, insan ili\u015fkilerinin en sessiz ama en g\u00fc\u00e7l\u00fc de\u011ferlerinden birini anlat\u0131r. Vefa; yaln\u0131zca iyi g\u00fcnlerde de\u011fil, zor zamanlarda da hat\u0131rlamak, s\u0131rt d\u00f6nmemek ve ba\u011f\u0131n\u0131 ink\u00e2r etmemektir. Bu s\u00f6zler kimi zaman bir minneti, kimi zaman derin bir hayal k\u0131r\u0131kl\u0131\u011f\u0131n\u0131 dile getirir. Mikro Bilgi: Sosyal psikoloji ara\u015ft\u0131rmalar\u0131na g\u00f6re vefa duygusu, bireyler aras\u0131 ili\u015fkilerde g\u00fcvenin ve uzun<\/p>\n","protected":false},"author":3,"featured_media":8110,"comment_status":"open","ping_status":"open","sticky":false,"template":"","format":"standard","meta":{"footnotes":"","_wpscppro_dont_share_socialmedia":false,"_wpscppro_custom_social_share_image":0,"_facebook_share_type":"default","_twitter_share_type":"default","_linkedin_share_type":"default","_pinterest_share_type":"default","_linkedin_share_type_page":"","_instagram_share_type":"default","_medium_share_type":"default","_threads_share_type":"default","_google_business_share_type":"default","_selected_social_profile":[],"_wpsp_enable_custom_social_template":false,"_wpsp_social_scheduling":{"enabled":false,"datetime":null,"platforms":[],"status":"template_only","dateOption":"today","timeOption":"now","customDays":"","customHours":"","customDate":"","customTime":"","schedulingType":"absolute"},"_wpsp_active_default_template":true},"categories":[34],"tags":[],"class_list":{"0":"post-8109","1":"post","2":"type-post","3":"status-publish","4":"format-standard","5":"has-post-thumbnail","7":"category-iliskiler-yasam"},"_links":{"self":[{"href":"https:\/\/backlinkdanismani.com\/icerik\/wp-json\/wp\/v2\/posts\/8109","targetHints":{"allow":["GET"]}}],"collection":[{"href":"https:\/\/backlinkdanismani.com\/icerik\/wp-json\/wp\/v2\/posts"}],"about":[{"href":"https:\/\/backlinkdanismani.com\/icerik\/wp-json\/wp\/v2\/types\/post"}],"author":[{"embeddable":true,"href":"https:\/\/backlinkdanismani.com\/icerik\/wp-json\/wp\/v2\/users\/3"}],"replies":[{"embeddable":true,"href":"https:\/\/backlinkdanismani.com\/icerik\/wp-json\/wp\/v2\/comments?post=8109"}],"version-history":[{"count":1,"href":"https:\/\/backlinkdanismani.com\/icerik\/wp-json\/wp\/v2\/posts\/8109\/revisions"}],"predecessor-version":[{"id":8111,"href":"https:\/\/backlinkdanismani.com\/icerik\/wp-json\/wp\/v2\/posts\/8109\/revisions\/8111"}],"wp:featuredmedia":[{"embeddable":true,"href":"https:\/\/backlinkdanismani.com\/icerik\/wp-json\/wp\/v2\/media\/8110"}],"wp:attachment":[{"href":"https:\/\/backlinkdanismani.com\/icerik\/wp-json\/wp\/v2\/media?parent=8109"}],"wp:term":[{"taxonomy":"category","embeddable":true,"href":"https:\/\/backlinkdanismani.com\/icerik\/wp-json\/wp\/v2\/categories?post=8109"},{"taxonomy":"post_tag","embeddable":true,"href":"https:\/\/backlinkdanismani.com\/icerik\/wp-json\/wp\/v2\/tags?post=8109"}],"curies":[{"name":"wp","href":"https:\/\/api.w.org\/{rel}","templated":true}]}}