{"id":8106,"date":"2026-01-02T03:59:18","date_gmt":"2026-01-02T00:59:18","guid":{"rendered":"https:\/\/backlinkdanismani.com\/icerik\/?p=8106"},"modified":"2026-01-02T03:59:22","modified_gmt":"2026-01-02T00:59:22","slug":"ese-guzel-sozler","status":"publish","type":"post","link":"https:\/\/backlinkdanismani.com\/icerik\/ese-guzel-sozler\/","title":{"rendered":"E\u015fe G\u00fczel S\u00f6zler (K\u0131sa, Uzun, Anlaml\u0131, Etkileyici)"},"content":{"rendered":"\n<p>E\u015fe g\u00fczel s\u00f6zler, bir evlili\u011fin g\u00f6r\u00fcnmeyen ama en g\u00fc\u00e7l\u00fc ba\u011flar\u0131n\u0131 besler. G\u00fcnl\u00fck hayatta s\u00f6ylenen k\u00fc\u00e7\u00fck bir c\u00fcmle, uzun vadede <strong>g\u00fcven, aidiyet ve sevgi duygusunu<\/strong> derinle\u015ftirir. Bu s\u00f6zler b\u00fcy\u00fck jestlerden \u00e7ok, samimi niyetler ta\u015f\u0131r.<\/p>\n\n\n\n<blockquote class=\"wp-block-quote is-layout-flow wp-block-quote-is-layout-flow\">\n<p>Mikro Bilgi: \u0130li\u015fki psikolojisi \u00e7al\u0131\u015fmalar\u0131na g\u00f6re e\u015fler aras\u0131nda kullan\u0131lan olumlu ve takdir edici dil, <strong>duygusal ba\u011fl\u0131l\u0131\u011f\u0131 ve ili\u015fki doyumunu<\/strong> do\u011frudan art\u0131r\u0131r. \u00d6zellikle \u201cg\u00f6r\u00fclme\u201d hissi yaratan s\u00f6zler kal\u0131c\u0131 etki b\u0131rak\u0131r.<\/p>\n<\/blockquote>\n\n\n\n<h2 class=\"wp-block-heading\">\u2764\ufe0f E\u015fe En G\u00fczel A\u015fk S\u00f6zleri<\/h2>\n\n\n\n<p>A\u015fk s\u00f6zleri, e\u015fler aras\u0131ndaki romantik ba\u011f\u0131 canl\u0131 tutar. Abart\u0131dan uzak ama i\u00e7ten ifadeler en g\u00fc\u00e7l\u00fc etkiyi yarat\u0131r.<\/p>\n\n\n\n<p><strong>E\u015fe En G\u00fczel A\u015fk S\u00f6zleri<\/strong><\/p>\n\n\n\n<ul class=\"wp-block-list\">\n<li>Seninle ge\u00e7en her g\u00fcn benim i\u00e7in de\u011ferli.<\/li>\n\n\n\n<li>Hayat\u0131m seninle anlam kazand\u0131.<\/li>\n\n\n\n<li>Kalbim seni se\u00e7ti.<\/li>\n\n\n\n<li>Yan\u0131mda olman bana yetiyor.<\/li>\n\n\n\n<li>Sen benim en do\u011fru karar\u0131m\u0131ms\u0131n.<\/li>\n\n\n\n<li>Sevgi dedi\u011fimde akl\u0131ma sen geliyorsun.<\/li>\n\n\n\n<li>Seninle tamamland\u0131m.<\/li>\n\n\n\n<li>\u0130yi ki hayat\u0131mdas\u0131n.<\/li>\n<\/ul>\n\n\n\n<h3 class=\"wp-block-heading\">Daha Fazla A\u015fk S\u00f6z\u00fc \ud83d\udc96<\/h3>\n\n\n\n<figure class=\"wp-block-table\"><table class=\"has-fixed-layout\"><thead><tr><th>S\u00f6z T\u00fcr\u00fc<\/th><th>S\u00f6z<\/th><th>Verdi\u011fi His<\/th><\/tr><\/thead><tbody><tr><td>A\u015fk<\/td><td>Sen benim evimsin.<\/td><td>Aidiyet<\/td><\/tr><tr><td>A\u015fk<\/td><td>Kalbim seninle.<\/td><td>Ba\u011f<\/td><\/tr><tr><td>A\u015fk<\/td><td>Seni seviyorum.<\/td><td>Sevgi<\/td><\/tr><tr><td>A\u015fk<\/td><td>Yan\u0131mda kal.<\/td><td>G\u00fcven<\/td><\/tr><\/tbody><\/table><\/figure>\n\n\n\n<h2 class=\"wp-block-heading\">\u2728 E\u015fine G\u00fczel S\u00f6zler K\u0131sa<\/h2>\n\n\n\n<p>K\u0131sa s\u00f6zler, g\u00fcnl\u00fck hayatta kolayca s\u00f6ylenebilen ama etkisi b\u00fcy\u00fck ifadelerdir.<\/p>\n\n\n\n<p><strong>K\u0131sa G\u00fczel S\u00f6zler<\/strong><\/p>\n\n\n\n<ul class=\"wp-block-list\">\n<li>Seni seviyorum.<\/li>\n\n\n\n<li>\u0130yi ki vars\u0131n.<\/li>\n\n\n\n<li>Yan\u0131mda ol.<\/li>\n\n\n\n<li>Kalbim seninle.<\/li>\n\n\n\n<li>Sen de\u011ferlisin.<\/li>\n\n\n\n<li>Hep benimle kal.<\/li>\n\n\n\n<li>G\u00fcl\u00fc\u015f\u00fcn bana iyi geliyor.<\/li>\n\n\n\n<li>Birlikteyiz.<\/li>\n<\/ul>\n\n\n\n<h3 class=\"wp-block-heading\">Daha Fazla K\u0131sa S\u00f6z \ud83d\udcac<\/h3>\n\n\n\n<figure class=\"wp-block-table\"><table class=\"has-fixed-layout\"><thead><tr><th>S\u00f6z T\u00fcr\u00fc<\/th><th>S\u00f6z<\/th><th>Verdi\u011fi His<\/th><\/tr><\/thead><tbody><tr><td>K\u0131sa<\/td><td>\u0130yi ki vars\u0131n.<\/td><td>Yak\u0131nl\u0131k<\/td><\/tr><tr><td>K\u0131sa<\/td><td>Yan\u0131mdas\u0131n.<\/td><td>G\u00fcven<\/td><\/tr><tr><td>K\u0131sa<\/td><td>Seni seviyorum.<\/td><td>Sevgi<\/td><\/tr><tr><td>K\u0131sa<\/td><td>Birlikteyiz.<\/td><td>Aidiyet<\/td><\/tr><\/tbody><\/table><\/figure>\n\n\n\n<h2 class=\"wp-block-heading\">\u2728 E\u015fine G\u00fczel S\u00f6zler K\u0131sa<\/h2>\n\n\n\n<p>K\u0131sa s\u00f6zler, g\u00fcnl\u00fck hayatta kolayca s\u00f6ylenebilen ama etkisi b\u00fcy\u00fck ifadelerdir.<\/p>\n\n\n\n<p><strong>K\u0131sa G\u00fczel S\u00f6zler<\/strong><\/p>\n\n\n\n<ul class=\"wp-block-list\">\n<li>Seni seviyorum.<\/li>\n\n\n\n<li>\u0130yi ki vars\u0131n.<\/li>\n\n\n\n<li>Yan\u0131mda ol.<\/li>\n\n\n\n<li>Kalbim seninle.<\/li>\n\n\n\n<li>Sen de\u011ferlisin.<\/li>\n\n\n\n<li>Hep benimle kal.<\/li>\n\n\n\n<li>G\u00fcl\u00fc\u015f\u00fcn bana iyi geliyor.<\/li>\n\n\n\n<li>Birlikteyiz.<\/li>\n<\/ul>\n\n\n\n<h3 class=\"wp-block-heading\">Daha Fazla K\u0131sa S\u00f6z \ud83d\udcac<\/h3>\n\n\n\n<figure class=\"wp-block-table\"><table class=\"has-fixed-layout\"><thead><tr><th>S\u00f6z T\u00fcr\u00fc<\/th><th>S\u00f6z<\/th><th>Verdi\u011fi His<\/th><\/tr><\/thead><tbody><tr><td>K\u0131sa<\/td><td>\u0130yi ki vars\u0131n.<\/td><td>Yak\u0131nl\u0131k<\/td><\/tr><tr><td>K\u0131sa<\/td><td>Yan\u0131mdas\u0131n.<\/td><td>G\u00fcven<\/td><\/tr><tr><td>K\u0131sa<\/td><td>Seni seviyorum.<\/td><td>Sevgi<\/td><\/tr><tr><td>K\u0131sa<\/td><td>Birlikteyiz.<\/td><td>Aidiyet<\/td><\/tr><\/tbody><\/table><\/figure>\n\n\n\n<h2 class=\"wp-block-heading\">\ud83d\udcac Kocaya G\u00fczel Kelimeler<\/h2>\n\n\n\n<p>Kocaya s\u00f6ylenen g\u00fczel kelimeler, hem sevgi hem sayg\u0131 i\u00e7erir. G\u00fcnl\u00fck hayatta s\u0131k\u00e7a kullan\u0131ld\u0131\u011f\u0131nda ili\u015fkiyi g\u00fc\u00e7lendirir.<\/p>\n\n\n\n<p><strong>Kocaya G\u00fczel Kelimeler<\/strong><\/p>\n\n\n\n<ul class=\"wp-block-list\">\n<li>Yan\u0131mda olman bana yetiyor.<\/li>\n\n\n\n<li>Seninle g\u00fcvendeyim.<\/li>\n\n\n\n<li>Hayat\u0131 benimle payla\u015ft\u0131\u011f\u0131n i\u00e7in te\u015fekk\u00fcr ederim.<\/li>\n\n\n\n<li>Eme\u011fin \u00e7ok k\u0131ymetli.<\/li>\n\n\n\n<li>Seni seviyorum.<\/li>\n\n\n\n<li>Bana g\u00fc\u00e7 veriyorsun.<\/li>\n\n\n\n<li>Sen benim dayana\u011f\u0131ms\u0131n.<\/li>\n\n\n\n<li>\u0130yi ki vars\u0131n.<\/li>\n<\/ul>\n\n\n\n<h3 class=\"wp-block-heading\">Daha Fazla Kelime \ud83c\udf3f<\/h3>\n\n\n\n<figure class=\"wp-block-table\"><table class=\"has-fixed-layout\"><thead><tr><th>Kelime \/ S\u00f6z<\/th><th>Kullan\u0131m<\/th><th>Verdi\u011fi His<\/th><\/tr><\/thead><tbody><tr><td>Dayana\u011f\u0131m<\/td><td>G\u00fcnl\u00fck<\/td><td>G\u00fcven<\/td><\/tr><tr><td>De\u011ferlisin<\/td><td>G\u00fcnl\u00fck<\/td><td>\u00d6z de\u011fer<\/td><\/tr><tr><td>Yan\u0131mdas\u0131n<\/td><td>Anl\u0131k<\/td><td>Huzur<\/td><\/tr><tr><td>\u0130yi ki vars\u0131n<\/td><td>Genel<\/td><td>\u015e\u00fck\u00fcr<\/td><\/tr><\/tbody><\/table><\/figure>\n\n\n\n<h2 class=\"wp-block-heading\">\ud83d\udcac Kocaya G\u00fczel Kelimeler<\/h2>\n\n\n\n<p>Kocaya s\u00f6ylenen g\u00fczel kelimeler, hem sevgi hem sayg\u0131 i\u00e7erir. G\u00fcnl\u00fck hayatta s\u0131k\u00e7a kullan\u0131ld\u0131\u011f\u0131nda ili\u015fkiyi g\u00fc\u00e7lendirir.<\/p>\n\n\n\n<p><strong>Kocaya G\u00fczel Kelimeler<\/strong><\/p>\n\n\n\n<ul class=\"wp-block-list\">\n<li>Yan\u0131mda olman bana yetiyor.<\/li>\n\n\n\n<li>Seninle g\u00fcvendeyim.<\/li>\n\n\n\n<li>Hayat\u0131 benimle payla\u015ft\u0131\u011f\u0131n i\u00e7in te\u015fekk\u00fcr ederim.<\/li>\n\n\n\n<li>Eme\u011fin \u00e7ok k\u0131ymetli.<\/li>\n\n\n\n<li>Seni seviyorum.<\/li>\n\n\n\n<li>Bana g\u00fc\u00e7 veriyorsun.<\/li>\n\n\n\n<li>Sen benim dayana\u011f\u0131ms\u0131n.<\/li>\n\n\n\n<li>\u0130yi ki vars\u0131n.<\/li>\n<\/ul>\n\n\n\n<h3 class=\"wp-block-heading\">Daha Fazla Kelime \ud83c\udf3f<\/h3>\n\n\n\n<figure class=\"wp-block-table\"><table class=\"has-fixed-layout\"><thead><tr><th>Kelime \/ S\u00f6z<\/th><th>Kullan\u0131m<\/th><th>Verdi\u011fi His<\/th><\/tr><\/thead><tbody><tr><td>Dayana\u011f\u0131m<\/td><td>G\u00fcnl\u00fck<\/td><td>G\u00fcven<\/td><\/tr><tr><td>De\u011ferlisin<\/td><td>G\u00fcnl\u00fck<\/td><td>\u00d6z de\u011fer<\/td><\/tr><tr><td>Yan\u0131mdas\u0131n<\/td><td>Anl\u0131k<\/td><td>Huzur<\/td><\/tr><tr><td>\u0130yi ki vars\u0131n<\/td><td>Genel<\/td><td>\u015e\u00fck\u00fcr<\/td><\/tr><\/tbody><\/table><\/figure>\n\n\n\n<h2 class=\"wp-block-heading\">\ud83d\udc69\u200d\u2764\ufe0f\u200d\ud83d\udc68 Kad\u0131ndan E\u015fine G\u00fczel S\u00f6zler<\/h2>\n\n\n\n<p>Kad\u0131ndan e\u015fine s\u00f6ylenen s\u00f6zler, sevgiyle birlikte takdir ve \u015fefkat ta\u015f\u0131r.<\/p>\n\n\n\n<p><strong>Kad\u0131ndan E\u015fine G\u00fczel S\u00f6zler<\/strong><\/p>\n\n\n\n<ul class=\"wp-block-list\">\n<li>Hayat\u0131 seninle payla\u015fmak \u00e7ok g\u00fczel.<\/li>\n\n\n\n<li>Bana kendimi g\u00fcvende hissettirdin.<\/li>\n\n\n\n<li>Seninle olmak huzur veriyor.<\/li>\n\n\n\n<li>Kalbim seni se\u00e7ti.<\/li>\n\n\n\n<li>Yan\u0131mda oldu\u011fun i\u00e7in te\u015fekk\u00fcr ederim.<\/li>\n\n\n\n<li>Sen benim en b\u00fcy\u00fck deste\u011fimsin.<\/li>\n\n\n\n<li>Seni sevmek kolay.<\/li>\n\n\n\n<li>\u0130yi ki hayat\u0131mdas\u0131n.<\/li>\n<\/ul>\n\n\n\n<h3 class=\"wp-block-heading\">Daha Fazla S\u00f6z \ud83c\udf38<\/h3>\n\n\n\n<figure class=\"wp-block-table\"><table class=\"has-fixed-layout\"><thead><tr><th>S\u00f6z T\u00fcr\u00fc<\/th><th>S\u00f6z<\/th><th>Verdi\u011fi His<\/th><\/tr><\/thead><tbody><tr><td>Kad\u0131ndan<\/td><td>Bana g\u00fc\u00e7 veriyorsun.<\/td><td>Takdir<\/td><\/tr><tr><td>Kad\u0131ndan<\/td><td>Yan\u0131mda olman yeter.<\/td><td>G\u00fcven<\/td><\/tr><tr><td>Kad\u0131ndan<\/td><td>Seni seviyorum.<\/td><td>Sevgi<\/td><\/tr><tr><td>Kad\u0131ndan<\/td><td>\u0130yi ki vars\u0131n.<\/td><td>\u015e\u00fck\u00fcr<\/td><\/tr><\/tbody><\/table><\/figure>\n\n\n\n<h2 class=\"wp-block-heading\">\ud83d\udc8e E\u015fe G\u00fczel S\u00f6zler K\u0131sa ve \u00d6z<\/h2>\n\n\n\n<p>K\u0131sa ve \u00f6z s\u00f6zler, net duygular ifade etmek isteyenler i\u00e7in idealdir.<\/p>\n\n\n\n<p><strong>K\u0131sa ve \u00d6z S\u00f6zler<\/strong><\/p>\n\n\n\n<ul class=\"wp-block-list\">\n<li>Sen benimlesin.<\/li>\n\n\n\n<li>Kalbim senin.<\/li>\n\n\n\n<li>Yan\u0131mda kal.<\/li>\n\n\n\n<li>Seni seviyorum.<\/li>\n\n\n\n<li>\u0130yi ki vars\u0131n.<\/li>\n\n\n\n<li>Birlikteyiz.<\/li>\n\n\n\n<li>Sen de\u011ferlisin.<\/li>\n\n\n\n<li>Hep sen.<\/li>\n<\/ul>\n\n\n\n<h3 class=\"wp-block-heading\">Daha Fazla \u00d6z S\u00f6z \u2728<\/h3>\n\n\n\n<figure class=\"wp-block-table\"><table class=\"has-fixed-layout\"><thead><tr><th>S\u00f6z<\/th><th>Kullan\u0131m<\/th><th>Verdi\u011fi His<\/th><\/tr><\/thead><tbody><tr><td>Hep sen<\/td><td>K\u0131sa not<\/td><td>Ba\u011f<\/td><\/tr><tr><td>Kalbim senin<\/td><td>Mesaj<\/td><td>Sevgi<\/td><\/tr><tr><td>Yan\u0131mdas\u0131n<\/td><td>G\u00fcnl\u00fck<\/td><td>G\u00fcvence<\/td><\/tr><tr><td>Birlikteyiz<\/td><td>Genel<\/td><td>Aidiyet<\/td><\/tr><\/tbody><\/table><\/figure>\n\n\n\n<h2 class=\"wp-block-heading\">\ud83d\udc8c E\u015fe G\u00fczel S\u00f6zler Uzun<\/h2>\n\n\n\n<p>Uzun s\u00f6zler, derin ba\u011flar\u0131 ve ortak hayat\u0131 anlat\u0131r. \u00d6zel g\u00fcnlerde veya anlaml\u0131 anlarda tercih edilir.<\/p>\n\n\n\n<p><strong>Uzun G\u00fczel S\u00f6zler<\/strong><\/p>\n\n\n\n<ul class=\"wp-block-list\">\n<li>Hayat\u0131m\u0131n her d\u00f6neminde yan\u0131mda oldu\u011fun i\u00e7in sana minnettar\u0131m. Seninle kurdu\u011fum hayat benim en b\u00fcy\u00fck \u015fans\u0131m.<\/li>\n\n\n\n<li>Zor zamanlar\u0131mda bana g\u00fc\u00e7 verdi\u011fin i\u00e7in te\u015fekk\u00fcr ederim. Seninle her \u015fey daha anlaml\u0131.<\/li>\n\n\n\n<li>Birlikte b\u00fcy\u00fcd\u00fck, birlikte g\u00fc\u00e7lendik. Sen benim en g\u00fcvenli liman\u0131ms\u0131n.<\/li>\n\n\n\n<li>Hayat\u0131 seninle payla\u015fmak bana huzur veriyor.<\/li>\n\n\n\n<li>Seni sevmek benim i\u00e7in bir al\u0131\u015fkanl\u0131k de\u011fil, bilin\u00e7li bir se\u00e7im.<\/li>\n\n\n\n<li>Yan\u0131mda oldu\u011fun her an i\u00e7in \u015f\u00fckrediyorum.<\/li>\n\n\n\n<li>Sen benim evim oldun.<\/li>\n\n\n\n<li>\u0130yi ki bu yolu seninle y\u00fcr\u00fcyorum.<\/li>\n<\/ul>\n\n\n\n<h3 class=\"wp-block-heading\">Daha Fazla Uzun S\u00f6z \ud83d\udc97<\/h3>\n\n\n\n<figure class=\"wp-block-table\"><table class=\"has-fixed-layout\"><thead><tr><th>S\u00f6z T\u00fcr\u00fc<\/th><th>S\u00f6z<\/th><th>Verdi\u011fi His<\/th><\/tr><\/thead><tbody><tr><td>Uzun<\/td><td>Sen benim evimsin.<\/td><td>Aidiyet<\/td><\/tr><tr><td>Uzun<\/td><td>Yan\u0131mda oldu\u011fun i\u00e7in.<\/td><td>\u015e\u00fckran<\/td><\/tr><tr><td>Uzun<\/td><td>Hayat seninle g\u00fczel.<\/td><td>Huzur<\/td><\/tr><tr><td>Uzun<\/td><td>\u0130yi ki vars\u0131n.<\/td><td>Derin ba\u011f<\/td><\/tr><\/tbody><\/table><\/figure>\n\n\n\n<h2 class=\"wp-block-heading\">En S\u0131k Yap\u0131lan Hatalar<\/h2>\n\n\n\n<ul class=\"wp-block-list\">\n<li>A\u015f\u0131r\u0131 abart\u0131l\u0131 ve ger\u00e7ek\u00e7i olmayan s\u00f6zler kullanmak<\/li>\n\n\n\n<li>S\u00fcrekli ayn\u0131 ifadeleri tekrar etmek<\/li>\n\n\n\n<li>Sadece \u00f6zel g\u00fcnlerde g\u00fczel s\u00f6z s\u00f6ylemek<\/li>\n\n\n\n<li>Takdir yerine beklenti i\u00e7eren c\u00fcmleler kurmak<\/li>\n\n\n\n<li>Kopya ve kli\u015fe ifadeler tercih etmek<\/li>\n<\/ul>\n\n\n\n<h2 class=\"wp-block-heading\">Uzman \u00d6nerisi<\/h2>\n\n\n\n<p>Uzmanlara g\u00f6re e\u015fler aras\u0131nda s\u00f6ylenen g\u00fczel s\u00f6zlerin etkisi, <strong>s\u0131kl\u0131\u011f\u0131 ve samimiyetiyle<\/strong> do\u011fru orant\u0131l\u0131d\u0131r. Uzun c\u00fcmleler yerine, do\u011fru anda s\u00f6ylenen k\u0131sa bir \u201ciyi ki vars\u0131n\u201d ifadesi bile ili\u015fkinin duygusal ba\u011f\u0131n\u0131 g\u00fc\u00e7lendirebilir. \u00d6nemli olan s\u00f6z\u00fcn s\u00fcs\u00fc de\u011fil, niyetin hissedilmesidir.<\/p>\n\n\n\n<p><strong>Di\u011fer \u0130\u00e7erik: <a href=\"https:\/\/backlinkdanismani.com\/icerik\/gonul-alma-sozleri\/\" data-type=\"post\" data-id=\"8015\">G\u00f6n\u00fcl Alma S\u00f6zleri<\/a><\/strong><\/p>\n","protected":false},"excerpt":{"rendered":"<p>E\u015fe g\u00fczel s\u00f6zler, bir evlili\u011fin g\u00f6r\u00fcnmeyen ama en g\u00fc\u00e7l\u00fc ba\u011flar\u0131n\u0131 besler. G\u00fcnl\u00fck hayatta s\u00f6ylenen k\u00fc\u00e7\u00fck bir c\u00fcmle, uzun vadede g\u00fcven, aidiyet ve sevgi duygusunu derinle\u015ftirir. Bu s\u00f6zler b\u00fcy\u00fck jestlerden \u00e7ok, samimi niyetler ta\u015f\u0131r. Mikro Bilgi: \u0130li\u015fki psikolojisi \u00e7al\u0131\u015fmalar\u0131na g\u00f6re e\u015fler aras\u0131nda kullan\u0131lan olumlu ve takdir edici dil, duygusal ba\u011fl\u0131l\u0131\u011f\u0131 ve ili\u015fki doyumunu do\u011frudan art\u0131r\u0131r. \u00d6zellikle<\/p>\n","protected":false},"author":3,"featured_media":8107,"comment_status":"open","ping_status":"open","sticky":false,"template":"","format":"standard","meta":{"footnotes":"","_wpscppro_dont_share_socialmedia":false,"_wpscppro_custom_social_share_image":0,"_facebook_share_type":"default","_twitter_share_type":"default","_linkedin_share_type":"default","_pinterest_share_type":"default","_linkedin_share_type_page":"","_instagram_share_type":"default","_medium_share_type":"default","_threads_share_type":"default","_google_business_share_type":"default","_selected_social_profile":[],"_wpsp_enable_custom_social_template":false,"_wpsp_social_scheduling":{"enabled":false,"datetime":null,"platforms":[],"status":"template_only","dateOption":"today","timeOption":"now","customDays":"","customHours":"","customDate":"","customTime":"","schedulingType":"absolute"},"_wpsp_active_default_template":true},"categories":[34],"tags":[],"class_list":{"0":"post-8106","1":"post","2":"type-post","3":"status-publish","4":"format-standard","5":"has-post-thumbnail","7":"category-iliskiler-yasam"},"_links":{"self":[{"href":"https:\/\/backlinkdanismani.com\/icerik\/wp-json\/wp\/v2\/posts\/8106","targetHints":{"allow":["GET"]}}],"collection":[{"href":"https:\/\/backlinkdanismani.com\/icerik\/wp-json\/wp\/v2\/posts"}],"about":[{"href":"https:\/\/backlinkdanismani.com\/icerik\/wp-json\/wp\/v2\/types\/post"}],"author":[{"embeddable":true,"href":"https:\/\/backlinkdanismani.com\/icerik\/wp-json\/wp\/v2\/users\/3"}],"replies":[{"embeddable":true,"href":"https:\/\/backlinkdanismani.com\/icerik\/wp-json\/wp\/v2\/comments?post=8106"}],"version-history":[{"count":1,"href":"https:\/\/backlinkdanismani.com\/icerik\/wp-json\/wp\/v2\/posts\/8106\/revisions"}],"predecessor-version":[{"id":8108,"href":"https:\/\/backlinkdanismani.com\/icerik\/wp-json\/wp\/v2\/posts\/8106\/revisions\/8108"}],"wp:featuredmedia":[{"embeddable":true,"href":"https:\/\/backlinkdanismani.com\/icerik\/wp-json\/wp\/v2\/media\/8107"}],"wp:attachment":[{"href":"https:\/\/backlinkdanismani.com\/icerik\/wp-json\/wp\/v2\/media?parent=8106"}],"wp:term":[{"taxonomy":"category","embeddable":true,"href":"https:\/\/backlinkdanismani.com\/icerik\/wp-json\/wp\/v2\/categories?post=8106"},{"taxonomy":"post_tag","embeddable":true,"href":"https:\/\/backlinkdanismani.com\/icerik\/wp-json\/wp\/v2\/tags?post=8106"}],"curies":[{"name":"wp","href":"https:\/\/api.w.org\/{rel}","templated":true}]}}