{"id":8103,"date":"2026-01-02T03:50:29","date_gmt":"2026-01-02T00:50:29","guid":{"rendered":"https:\/\/backlinkdanismani.com\/icerik\/?p=8103"},"modified":"2026-01-02T03:50:32","modified_gmt":"2026-01-02T00:50:32","slug":"arkadasa-dogum-gunu-mesaji","status":"publish","type":"post","link":"https:\/\/backlinkdanismani.com\/icerik\/arkadasa-dogum-gunu-mesaji\/","title":{"rendered":"Arkada\u015fa Do\u011fum G\u00fcn\u00fc Mesaj\u0131 (K\u0131sa, Uzun, Anlaml\u0131)"},"content":{"rendered":"\n<p>Arkada\u015fa do\u011fum g\u00fcn\u00fc mesaj\u0131, dostlu\u011fun yaln\u0131zca g\u00fczel g\u00fcnlerde de\u011fil, <strong>hayat\u0131n her an\u0131nda s\u00fcren bir ba\u011f oldu\u011funu<\/strong> hat\u0131rlat\u0131r. Bu mesajlar; birlikte g\u00fclmenin, zor zamanlarda omuz omuza durman\u0131n ve payla\u015f\u0131lan an\u0131lar\u0131n bir yans\u0131mas\u0131d\u0131r.<\/p>\n\n\n\n<blockquote class=\"wp-block-quote is-layout-flow wp-block-quote-is-layout-flow\">\n<p>Mikro Bilgi: Ara\u015ft\u0131rmalara g\u00f6re arkada\u015flardan gelen ki\u015fisel ve samimi do\u011fum g\u00fcn\u00fc mesajlar\u0131, bireylerde <strong>aidiyet ve sosyal ba\u011flanma duygusunu<\/strong> g\u00fc\u00e7lendirir. \u00d6zellikle \u00f6zel anlara at\u0131f yapan mesajlar daha kal\u0131c\u0131 etki b\u0131rak\u0131r.<\/p>\n<\/blockquote>\n\n\n\n<h2 class=\"wp-block-heading\">\ud83d\udcac Yak\u0131n Arkada\u015fa Do\u011fum G\u00fcn\u00fc Mesaj\u0131 K\u0131sa<\/h2>\n\n\n\n<p>K\u0131sa mesajlar, h\u0131zl\u0131 ama i\u00e7ten bir kutlama yapmak isteyenler i\u00e7in idealdir. G\u00fcnl\u00fck mesajla\u015fma uygulamalar\u0131nda s\u0131k\u00e7a tercih edilir.<\/p>\n\n\n\n<p><strong>Yak\u0131n Arkada\u015fa K\u0131sa Mesajlar<\/strong><\/p>\n\n\n\n<ul class=\"wp-block-list\">\n<li>\u0130yi ki do\u011fdun dostum.<\/li>\n\n\n\n<li>Nice mutlu y\u0131llara.<\/li>\n\n\n\n<li>Hep yan\u0131mda kal.<\/li>\n\n\n\n<li>Seninle her \u015fey daha g\u00fczel.<\/li>\n\n\n\n<li>G\u00fcl\u00fc\u015f\u00fcn eksik olmas\u0131n.<\/li>\n\n\n\n<li>\u0130yi ki vars\u0131n.<\/li>\n\n\n\n<li>Do\u011fum g\u00fcn\u00fcn kutlu olsun.<\/li>\n\n\n\n<li>Mutluluk seninle olsun.<\/li>\n<\/ul>\n\n\n\n<h3 class=\"wp-block-heading\">Daha Fazla K\u0131sa Mesaj \ud83c\udf88<\/h3>\n\n\n\n<figure class=\"wp-block-table\"><table class=\"has-fixed-layout\"><thead><tr><th>Mesaj T\u00fcr\u00fc<\/th><th>Mesaj<\/th><th>Verdi\u011fi His<\/th><\/tr><\/thead><tbody><tr><td>K\u0131sa<\/td><td>\u0130yi ki vars\u0131n.<\/td><td>Yak\u0131nl\u0131k<\/td><\/tr><tr><td>K\u0131sa<\/td><td>Nice y\u0131llara.<\/td><td>Kutlama<\/td><\/tr><tr><td>K\u0131sa<\/td><td>Hep g\u00fcl.<\/td><td>Ne\u015fe<\/td><\/tr><tr><td>K\u0131sa<\/td><td>Yan\u0131mdas\u0131n.<\/td><td>G\u00fcven<\/td><\/tr><\/tbody><\/table><\/figure>\n\n\n\n<h2 class=\"wp-block-heading\">\ud83d\udcf1 En Yak\u0131n Arkada\u015fa Do\u011fum G\u00fcn\u00fc Mesaj\u0131 WhatsApp<\/h2>\n\n\n\n<p>WhatsApp mesajlar\u0131 samimi, do\u011fal ve konu\u015fma diline yak\u0131n olmal\u0131d\u0131r. Abart\u0131s\u0131z ama s\u0131cak bir ton \u00f6nemlidir.<\/p>\n\n\n\n<p><strong>WhatsApp Mesajlar\u0131<\/strong><\/p>\n\n\n\n<ul class=\"wp-block-list\">\n<li>Bug\u00fcn senin g\u00fcn\u00fcn, tad\u0131n\u0131 \u00e7\u0131kar.<\/li>\n\n\n\n<li>Hayat\u0131ma katt\u0131\u011f\u0131n her \u015fey i\u00e7in te\u015fekk\u00fcr ederim.<\/li>\n\n\n\n<li>Yan\u0131mda oldu\u011fun her an \u00e7ok k\u0131ymetli.<\/li>\n\n\n\n<li>\u0130yi ki yolum sana \u00e7\u0131kt\u0131.<\/li>\n\n\n\n<li>Nice birlikte g\u00fclece\u011fimiz y\u0131llara.<\/li>\n\n\n\n<li>Sen benim ailem gibisin.<\/li>\n\n\n\n<li>Do\u011fum g\u00fcn\u00fcn kutlu olsun can\u0131m.<\/li>\n\n\n\n<li>Hep birlikteyiz.<\/li>\n<\/ul>\n\n\n\n<h3 class=\"wp-block-heading\">Daha Fazla WhatsApp Mesaj\u0131 \ud83d\udcac<\/h3>\n\n\n\n<figure class=\"wp-block-table\"><table class=\"has-fixed-layout\"><thead><tr><th>Mesaj T\u00fcr\u00fc<\/th><th>Mesaj<\/th><th>Verdi\u011fi His<\/th><\/tr><\/thead><tbody><tr><td>WhatsApp<\/td><td>Sen benim ailemsin.<\/td><td>Aidiyet<\/td><\/tr><tr><td>WhatsApp<\/td><td>\u0130yi ki hayat\u0131mdas\u0131n.<\/td><td>\u015e\u00fck\u00fcr<\/td><\/tr><tr><td>WhatsApp<\/td><td>Birlikteyiz.<\/td><td>Ba\u011f<\/td><\/tr><tr><td>WhatsApp<\/td><td>Kutlu olsun.<\/td><td>Samimiyet<\/td><\/tr><\/tbody><\/table><\/figure>\n\n\n\n<h2 class=\"wp-block-heading\">\ud83d\udc96 Yak\u0131n Arkada\u015fa Do\u011fum G\u00fcn\u00fc Mesaj\u0131 Uzun Duygusal<\/h2>\n\n\n\n<p>Uzun ve duygusal mesajlar, derin dostluklar\u0131 ve payla\u015f\u0131lan ge\u00e7mi\u015fi anlat\u0131r. \u00d6zel ba\u011flar i\u00e7in uygundur.<\/p>\n\n\n\n<p><strong>Uzun Duygusal Mesajlar<\/strong><\/p>\n\n\n\n<ul class=\"wp-block-list\">\n<li>Hayat\u0131m\u0131n en zor ve en g\u00fczel anlar\u0131nda hep yan\u0131mda oldun.<\/li>\n\n\n\n<li>Seninle kurdu\u011fum dostluk benim i\u00e7in b\u00fcy\u00fck bir \u015fans.<\/li>\n\n\n\n<li>Her halimi bilen ve beni yine de seven insans\u0131n.<\/li>\n\n\n\n<li>Birlikte b\u00fcy\u00fcd\u00fck, birlikte g\u00fc\u00e7lendik.<\/li>\n\n\n\n<li>Sen varken yaln\u0131z hissetmedim.<\/li>\n\n\n\n<li>Hayat seni bana dost olarak verdi.<\/li>\n\n\n\n<li>\u0130yi ki vars\u0131n, iyi ki do\u011fdun.<\/li>\n\n\n\n<li>Nice birlikte ge\u00e7irece\u011fimiz y\u0131llara.<\/li>\n<\/ul>\n\n\n\n<h3 class=\"wp-block-heading\">Daha Fazla Uzun Mesaj \ud83d\udc97<\/h3>\n\n\n\n<figure class=\"wp-block-table\"><table class=\"has-fixed-layout\"><thead><tr><th>Mesaj T\u00fcr\u00fc<\/th><th>Mesaj<\/th><th>Verdi\u011fi His<\/th><\/tr><\/thead><tbody><tr><td>Uzun<\/td><td>Sen yol arkada\u015f\u0131ms\u0131n.<\/td><td>Derin ba\u011f<\/td><\/tr><tr><td>Uzun<\/td><td>Yan\u0131mda oldu\u011fun i\u00e7in.<\/td><td>\u015e\u00fckran<\/td><\/tr><tr><td>Uzun<\/td><td>Dostlu\u011fun \u00e7ok k\u0131ymetli.<\/td><td>De\u011fer<\/td><\/tr><tr><td>Uzun<\/td><td>\u0130yi ki vars\u0131n.<\/td><td>Yak\u0131nl\u0131k<\/td><\/tr><\/tbody><\/table><\/figure>\n\n\n\n<h2 class=\"wp-block-heading\">\ud83d\udd25 Etkileyici Do\u011fum G\u00fcn\u00fc Mesajlar\u0131 Arkada\u015fa<\/h2>\n\n\n\n<p>Etkileyici mesajlar, dostlu\u011fun g\u00fcc\u00fcn\u00fc ve anlam\u0131n\u0131 vurgular. Payla\u015f\u0131m yapmak i\u00e7in idealdir.<\/p>\n\n\n\n<p><strong>Etkileyici Mesajlar<\/strong><\/p>\n\n\n\n<ul class=\"wp-block-list\">\n<li>Dostluk, seninle anlam kazand\u0131.<\/li>\n\n\n\n<li>Hayat seni kar\u015f\u0131ma \u00e7\u0131kard\u0131\u011f\u0131 i\u00e7in minnettar\u0131m.<\/li>\n\n\n\n<li>G\u00fcven dedi\u011fimde akl\u0131ma sen geliyorsun.<\/li>\n\n\n\n<li>Yan\u0131mda olman bana g\u00fc\u00e7 veriyor.<\/li>\n\n\n\n<li>Seninle her \u015fey daha net.<\/li>\n\n\n\n<li>Dostluk senin ad\u0131n oldu.<\/li>\n\n\n\n<li>Sen varken yolum daha kolay.<\/li>\n\n\n\n<li>Do\u011fum g\u00fcn\u00fcn kutlu olsun.<\/li>\n<\/ul>\n\n\n\n<h3 class=\"wp-block-heading\">Daha Fazla Etkileyici Mesaj \u26a1<\/h3>\n\n\n\n<figure class=\"wp-block-table\"><table class=\"has-fixed-layout\"><thead><tr><th>Mesaj T\u00fcr\u00fc<\/th><th>Mesaj<\/th><th>Verdi\u011fi His<\/th><\/tr><\/thead><tbody><tr><td>Etkileyici<\/td><td>G\u00fcven sensin.<\/td><td>G\u00fc\u00e7<\/td><\/tr><tr><td>Etkileyici<\/td><td>Yan\u0131mda ol.<\/td><td>Dayan\u0131\u015fma<\/td><\/tr><tr><td>Etkileyici<\/td><td>Dostlu\u011fun de\u011ferli.<\/td><td>Takdir<\/td><\/tr><tr><td>Etkileyici<\/td><td>Sen \u00f6zelsin.<\/td><td>De\u011fer<\/td><\/tr><\/tbody><\/table><\/figure>\n\n\n\n<h2 class=\"wp-block-heading\">\ud83c\udf31 Arkada\u015fa Do\u011fum G\u00fcn\u00fc Mesaj\u0131 Anlaml\u0131<\/h2>\n\n\n\n<p>Anlaml\u0131 mesajlar, daha sakin ve d\u00fc\u015f\u00fcnsel bir dil ta\u015f\u0131r. Derin ba\u011flar\u0131 yans\u0131t\u0131r.<\/p>\n\n\n\n<p><strong>Anlaml\u0131 Mesajlar<\/strong><\/p>\n\n\n\n<ul class=\"wp-block-list\">\n<li>Dostluk, zamanla kurulan bir emektir.<\/li>\n\n\n\n<li>Yan\u0131nda kendim olabildi\u011fim yer sensin.<\/li>\n\n\n\n<li>Hayat seninle daha dengeli.<\/li>\n\n\n\n<li>Sessizli\u011fimi anlayan insans\u0131n.<\/li>\n\n\n\n<li>Dostluk, kar\u015f\u0131l\u0131ks\u0131z oland\u0131r.<\/li>\n\n\n\n<li>Seninle yol almak g\u00fczel.<\/li>\n\n\n\n<li>Yan\u0131mda olman yeter.<\/li>\n\n\n\n<li>Do\u011fum g\u00fcn\u00fcn kutlu olsun.<\/li>\n<\/ul>\n\n\n\n<h3 class=\"wp-block-heading\">Daha Fazla Anlaml\u0131 Mesaj \ud83c\udf3f<\/h3>\n\n\n\n<figure class=\"wp-block-table\"><table class=\"has-fixed-layout\"><thead><tr><th>Mesaj T\u00fcr\u00fc<\/th><th>Mesaj<\/th><th>Verdi\u011fi His<\/th><\/tr><\/thead><tbody><tr><td>Anlaml\u0131<\/td><td>Yan\u0131mda ol.<\/td><td>Huzur<\/td><\/tr><tr><td>Anlaml\u0131<\/td><td>Dostluk emektir.<\/td><td>Bilin\u00e7<\/td><\/tr><tr><td>Anlaml\u0131<\/td><td>G\u00fcven sensin.<\/td><td>Sakinlik<\/td><\/tr><tr><td>Anlaml\u0131<\/td><td>Sen de\u011ferlisin.<\/td><td>\u00d6z de\u011fer<\/td><\/tr><\/tbody><\/table><\/figure>\n\n\n\n<h2 class=\"wp-block-heading\">\u2728 Arkada\u015fa Do\u011fum G\u00fcn\u00fc Mesaj\u0131 K\u0131sa<\/h2>\n\n\n\n<p>K\u0131sa mesajlar, her ortama uyum sa\u011flayan pratik ifadelerdir.<\/p>\n\n\n\n<p><strong>K\u0131sa Mesajlar<\/strong><\/p>\n\n\n\n<ul class=\"wp-block-list\">\n<li>\u0130yi ki do\u011fdun.<\/li>\n\n\n\n<li>Nice mutlu y\u0131llara.<\/li>\n\n\n\n<li>Hep g\u00fcl.<\/li>\n\n\n\n<li>Yan\u0131mdas\u0131n.<\/li>\n\n\n\n<li>\u0130yi ki vars\u0131n.<\/li>\n\n\n\n<li>Mutluluk seninle olsun.<\/li>\n\n\n\n<li>Do\u011fum g\u00fcn\u00fcn kutlu olsun.<\/li>\n\n\n\n<li>Kalbim seninle.<\/li>\n<\/ul>\n\n\n\n<h3 class=\"wp-block-heading\">Daha Fazla K\u0131sa Mesaj \ud83d\udcac<\/h3>\n\n\n\n<figure class=\"wp-block-table\"><table class=\"has-fixed-layout\"><thead><tr><th>Mesaj T\u00fcr\u00fc<\/th><th>Mesaj<\/th><th>Verdi\u011fi His<\/th><\/tr><\/thead><tbody><tr><td>K\u0131sa<\/td><td>Nice y\u0131llara.<\/td><td>Kutlama<\/td><\/tr><tr><td>K\u0131sa<\/td><td>Hep g\u00fcl.<\/td><td>Ne\u015fe<\/td><\/tr><tr><td>K\u0131sa<\/td><td>Yan\u0131mdas\u0131n.<\/td><td>G\u00fcven<\/td><\/tr><tr><td>K\u0131sa<\/td><td>\u0130yi ki vars\u0131n.<\/td><td>Yak\u0131nl\u0131k<\/td><\/tr><\/tbody><\/table><\/figure>\n\n\n\n<h2 class=\"wp-block-heading\">\ud83d\udc69 Arkada\u015fa Do\u011fum G\u00fcn\u00fc Mesaj\u0131 K\u0131z<\/h2>\n\n\n\n<p>K\u0131z arkada\u015fa yaz\u0131lan mesajlar daha s\u0131cak, destekleyici ve duygusal bir ton ta\u015f\u0131r.<\/p>\n\n\n\n<p><strong>K\u0131z Arkada\u015fa Mesajlar<\/strong><\/p>\n\n\n\n<ul class=\"wp-block-list\">\n<li>G\u00fcl\u00fc\u015f\u00fcn her \u015feyi g\u00fczelle\u015ftiriyor.<\/li>\n\n\n\n<li>Yan\u0131mda oldu\u011fun i\u00e7in \u00e7ok \u015fansl\u0131y\u0131m.<\/li>\n\n\n\n<li>Sen benim en g\u00fczel tesad\u00fcf\u00fcms\u00fcn.<\/li>\n\n\n\n<li>Hayat\u0131ma renk katt\u0131n.<\/li>\n\n\n\n<li>\u0130yi ki vars\u0131n can\u0131m.<\/li>\n\n\n\n<li>Seninle her \u015fey daha kolay.<\/li>\n\n\n\n<li>Dostlu\u011fun \u00e7ok k\u0131ymetli.<\/li>\n\n\n\n<li>Do\u011fum g\u00fcn\u00fcn kutlu olsun.<\/li>\n<\/ul>\n\n\n\n<h3 class=\"wp-block-heading\">Daha Fazla Mesaj \ud83c\udf38<\/h3>\n\n\n\n<figure class=\"wp-block-table\"><table class=\"has-fixed-layout\"><thead><tr><th>Mesaj T\u00fcr\u00fc<\/th><th>Mesaj<\/th><th>Verdi\u011fi His<\/th><\/tr><\/thead><tbody><tr><td>K\u0131z<\/td><td>Sen \u00f6zelsin.<\/td><td>De\u011fer<\/td><\/tr><tr><td>K\u0131z<\/td><td>Yan\u0131nday\u0131m.<\/td><td>G\u00fcvence<\/td><\/tr><tr><td>K\u0131z<\/td><td>Seni seviyorum.<\/td><td>Sevgi<\/td><\/tr><tr><td>K\u0131z<\/td><td>Birlikteyiz.<\/td><td>Aidiyet<\/td><\/tr><\/tbody><\/table><\/figure>\n\n\n\n<h2 class=\"wp-block-heading\">\ud83d\udc68 Arkada\u015fa Do\u011fum G\u00fcn\u00fc Mesaj\u0131 Erkek<\/h2>\n\n\n\n<p>Erkek arkada\u015fa yaz\u0131lan mesajlar daha sade, net ve samimi ifadelerle yaz\u0131l\u0131r.<\/p>\n\n\n\n<p><strong>Erkek Arkada\u015fa Mesajlar<\/strong><\/p>\n\n\n\n<ul class=\"wp-block-list\">\n<li>Dostlu\u011fun benim i\u00e7in \u00e7ok de\u011ferli.<\/li>\n\n\n\n<li>\u0130yi ki yolum sana \u00e7\u0131kt\u0131.<\/li>\n\n\n\n<li>Birlikte daha g\u00fc\u00e7l\u00fcy\u00fcz.<\/li>\n\n\n\n<li>Yan\u0131mda olman yeter.<\/li>\n\n\n\n<li>Nice g\u00fczel y\u0131llara.<\/li>\n\n\n\n<li>Her zaman arkanday\u0131m.<\/li>\n\n\n\n<li>Dostlu\u011fun daim olsun.<\/li>\n\n\n\n<li>Do\u011fum g\u00fcn\u00fcn kutlu olsun.<\/li>\n<\/ul>\n\n\n\n<h3 class=\"wp-block-heading\">Daha Fazla Mesaj \ud83e\udded<\/h3>\n\n\n\n<figure class=\"wp-block-table\"><table class=\"has-fixed-layout\"><thead><tr><th>Mesaj T\u00fcr\u00fc<\/th><th>Mesaj<\/th><th>Verdi\u011fi His<\/th><\/tr><\/thead><tbody><tr><td>Erkek<\/td><td>Birlikteyiz.<\/td><td>Dayan\u0131\u015fma<\/td><\/tr><tr><td>Erkek<\/td><td>Dostlu\u011fun de\u011ferli.<\/td><td>Sayg\u0131<\/td><\/tr><tr><td>Erkek<\/td><td>Yan\u0131nday\u0131m.<\/td><td>G\u00fcven<\/td><\/tr><tr><td>Erkek<\/td><td>Nice y\u0131llara.<\/td><td>Kutlama<\/td><\/tr><\/tbody><\/table><\/figure>\n\n\n\n<h2 class=\"wp-block-heading\">\ud83d\udcdd Arkada\u015fa Do\u011fum G\u00fcn\u00fc Mesaj\u0131 Paragraf<\/h2>\n\n\n\n<p>Paragraf \u015feklindeki mesajlar, kartlarda veya \u00f6zel payla\u015f\u0131mlarda tercih edilir.<\/p>\n\n\n\n<p><strong>Paragraf Mesajlar<\/strong><\/p>\n\n\n\n<ul class=\"wp-block-list\">\n<li>Hayat\u0131m\u0131n bir\u00e7ok an\u0131nda yan\u0131mda oldu\u011fun i\u00e7in sana te\u015fekk\u00fcr ederim. Dostlu\u011fun bana g\u00fc\u00e7 verdi. Do\u011fum g\u00fcn\u00fcn kutlu olsun.<\/li>\n\n\n\n<li>Seninle payla\u015ft\u0131\u011f\u0131m an\u0131lar benim i\u00e7in \u00e7ok k\u0131ymetli. Nice birlikte g\u00fclece\u011fimiz y\u0131llara.<\/li>\n\n\n\n<li>Zor zamanlar\u0131mda varl\u0131\u011f\u0131n bana cesaret verdi. \u0130yi ki do\u011fdun.<\/li>\n\n\n\n<li>Dostlu\u011fun hayat\u0131mda \u00f6nemli bir yer tutuyor. Mutlu y\u0131llar dilerim.<\/li>\n<\/ul>\n\n\n\n<h3 class=\"wp-block-heading\">Daha Fazla Paragraf \u270d\ufe0f<\/h3>\n\n\n\n<figure class=\"wp-block-table\"><table class=\"has-fixed-layout\"><thead><tr><th>Mesaj T\u00fcr\u00fc<\/th><th>Mesaj<\/th><th>Verdi\u011fi His<\/th><\/tr><\/thead><tbody><tr><td>Paragraf<\/td><td>Yan\u0131mda oldu\u011fun i\u00e7in.<\/td><td>\u015e\u00fckran<\/td><\/tr><tr><td>Paragraf<\/td><td>Dostlu\u011fun bana g\u00fc\u00e7 verdi.<\/td><td>Takdir<\/td><\/tr><tr><td>Paragraf<\/td><td>Birlikte b\u00fcy\u00fcd\u00fck.<\/td><td>Ba\u011f<\/td><\/tr><tr><td>Paragraf<\/td><td>\u0130yi ki vars\u0131n.<\/td><td>Yak\u0131nl\u0131k<\/td><\/tr><\/tbody><\/table><\/figure>\n\n\n\n<h2 class=\"wp-block-heading\">En S\u0131k Yap\u0131lan Hatalar<\/h2>\n\n\n\n<ul class=\"wp-block-list\">\n<li>Kopya ve kli\u015fe mesajlar kullanmak<\/li>\n\n\n\n<li>Mesaj\u0131 \u00e7ok genel tutmak<\/li>\n\n\n\n<li>A\u015f\u0131r\u0131 uzun ama duygusuz yazmak<\/li>\n\n\n\n<li>Arkada\u015f\u0131n karakterine uymayan dil se\u00e7mek<\/li>\n\n\n\n<li>Mizah yaparken k\u0131r\u0131c\u0131 olmak<\/li>\n<\/ul>\n\n\n\n<h2 class=\"wp-block-heading\">Uzman \u00d6nerisi<\/h2>\n\n\n\n<p>Uzmanlara g\u00f6re arkada\u015flara yaz\u0131lan do\u011fum g\u00fcn\u00fc mesajlar\u0131nda en g\u00fc\u00e7l\u00fc etkiyi yaratan unsur <strong>ki\u015fisel bir detay eklemektir<\/strong>. Ortak bir an\u0131ya veya payla\u015f\u0131lan bir duyguya yap\u0131lan k\u0131sa bir g\u00f6nderme, mesaj\u0131 s\u0131radanl\u0131ktan \u00e7\u0131kar\u0131r ve ba\u011f kurma g\u00fcc\u00fcn\u00fc art\u0131r\u0131r.<\/p>\n\n\n\n<p><strong><em>Di\u011fer \u0130\u00e7erik: <a href=\"https:\/\/backlinkdanismani.com\/icerik\/dogum-gunu-mesajlari\/\" data-type=\"post\" data-id=\"8064\">Do\u011fum G\u00fcn\u00fc Mesaj\u0131<\/a><\/em><\/strong><\/p>\n","protected":false},"excerpt":{"rendered":"<p>Arkada\u015fa do\u011fum g\u00fcn\u00fc mesaj\u0131, dostlu\u011fun yaln\u0131zca g\u00fczel g\u00fcnlerde de\u011fil, hayat\u0131n her an\u0131nda s\u00fcren bir ba\u011f oldu\u011funu hat\u0131rlat\u0131r. Bu mesajlar; birlikte g\u00fclmenin, zor zamanlarda omuz omuza durman\u0131n ve payla\u015f\u0131lan an\u0131lar\u0131n bir yans\u0131mas\u0131d\u0131r. Mikro Bilgi: Ara\u015ft\u0131rmalara g\u00f6re arkada\u015flardan gelen ki\u015fisel ve samimi do\u011fum g\u00fcn\u00fc mesajlar\u0131, bireylerde aidiyet ve sosyal ba\u011flanma duygusunu g\u00fc\u00e7lendirir. \u00d6zellikle \u00f6zel anlara at\u0131f yapan<\/p>\n","protected":false},"author":3,"featured_media":8104,"comment_status":"open","ping_status":"open","sticky":false,"template":"","format":"standard","meta":{"footnotes":"","_wpscppro_dont_share_socialmedia":false,"_wpscppro_custom_social_share_image":0,"_facebook_share_type":"default","_twitter_share_type":"default","_linkedin_share_type":"default","_pinterest_share_type":"default","_linkedin_share_type_page":"","_instagram_share_type":"default","_medium_share_type":"default","_threads_share_type":"default","_google_business_share_type":"default","_selected_social_profile":[],"_wpsp_enable_custom_social_template":false,"_wpsp_social_scheduling":{"enabled":false,"datetime":null,"platforms":[],"status":"template_only","dateOption":"today","timeOption":"now","customDays":"","customHours":"","customDate":"","customTime":"","schedulingType":"absolute"},"_wpsp_active_default_template":true},"categories":[34],"tags":[],"class_list":{"0":"post-8103","1":"post","2":"type-post","3":"status-publish","4":"format-standard","5":"has-post-thumbnail","7":"category-iliskiler-yasam"},"_links":{"self":[{"href":"https:\/\/backlinkdanismani.com\/icerik\/wp-json\/wp\/v2\/posts\/8103","targetHints":{"allow":["GET"]}}],"collection":[{"href":"https:\/\/backlinkdanismani.com\/icerik\/wp-json\/wp\/v2\/posts"}],"about":[{"href":"https:\/\/backlinkdanismani.com\/icerik\/wp-json\/wp\/v2\/types\/post"}],"author":[{"embeddable":true,"href":"https:\/\/backlinkdanismani.com\/icerik\/wp-json\/wp\/v2\/users\/3"}],"replies":[{"embeddable":true,"href":"https:\/\/backlinkdanismani.com\/icerik\/wp-json\/wp\/v2\/comments?post=8103"}],"version-history":[{"count":1,"href":"https:\/\/backlinkdanismani.com\/icerik\/wp-json\/wp\/v2\/posts\/8103\/revisions"}],"predecessor-version":[{"id":8105,"href":"https:\/\/backlinkdanismani.com\/icerik\/wp-json\/wp\/v2\/posts\/8103\/revisions\/8105"}],"wp:featuredmedia":[{"embeddable":true,"href":"https:\/\/backlinkdanismani.com\/icerik\/wp-json\/wp\/v2\/media\/8104"}],"wp:attachment":[{"href":"https:\/\/backlinkdanismani.com\/icerik\/wp-json\/wp\/v2\/media?parent=8103"}],"wp:term":[{"taxonomy":"category","embeddable":true,"href":"https:\/\/backlinkdanismani.com\/icerik\/wp-json\/wp\/v2\/categories?post=8103"},{"taxonomy":"post_tag","embeddable":true,"href":"https:\/\/backlinkdanismani.com\/icerik\/wp-json\/wp\/v2\/tags?post=8103"}],"curies":[{"name":"wp","href":"https:\/\/api.w.org\/{rel}","templated":true}]}}