{"id":8097,"date":"2026-01-02T03:41:54","date_gmt":"2026-01-02T00:41:54","guid":{"rendered":"https:\/\/backlinkdanismani.com\/icerik\/?p=8097"},"modified":"2026-01-02T04:00:21","modified_gmt":"2026-01-02T01:00:21","slug":"ozur-mesajlari","status":"publish","type":"post","link":"https:\/\/backlinkdanismani.com\/icerik\/ozur-mesajlari\/","title":{"rendered":"\u00d6z\u00fcr Mesajlar\u0131 (Etkileyici, Sevgiliye, Arkada\u015fa, K\u0131sa)"},"content":{"rendered":"\n<p>\u00d6z\u00fcr mesajlar\u0131, yap\u0131lan bir hatay\u0131 kabul etmenin ve <strong>ili\u015fkiyi onarmaya niyetli olman\u0131n<\/strong> en net g\u00f6stergesidir. Ger\u00e7ek bir \u00f6z\u00fcr; savunma i\u00e7ermez, mazeret \u00fcretmez ve kar\u015f\u0131 taraf\u0131n duygusunu merkeze al\u0131r. Do\u011fru kelimelerle yaz\u0131lan bir mesaj, k\u0131r\u0131lan ba\u011flar\u0131 onarman\u0131n ilk ad\u0131m\u0131 olabilir.<\/p>\n\n\n\n<blockquote class=\"wp-block-quote is-layout-flow wp-block-quote-is-layout-flow\">\n<p>Mikro Bilgi: \u0130leti\u015fim uzmanlar\u0131na g\u00f6re etkili bir \u00f6z\u00fcr, \u00fc\u00e7 temel unsur i\u00e7erir: <strong>hata kabul\u00fc, empati ve telafi iste\u011fi<\/strong>. Bu unsurlardan biri eksik oldu\u011funda \u00f6z\u00fcr, samimiyetini kaybeder.<\/p>\n<\/blockquote>\n\n\n\n<h2 class=\"wp-block-heading\">\ud83d\udc94 K\u0131rd\u0131\u011f\u0131n Birine \u00d6z\u00fcr Mesaj\u0131<\/h2>\n\n\n\n<p>K\u0131rd\u0131\u011f\u0131n birine yaz\u0131lan \u00f6z\u00fcr mesaj\u0131, kar\u015f\u0131 taraf\u0131n incindi\u011fini fark etti\u011fini ve bunu ciddiye ald\u0131\u011f\u0131n\u0131 g\u00f6stermelidir. Net, sakin ve sorumluluk alan bir dil \u00f6nemlidir.<\/p>\n\n\n\n<p><strong>K\u0131rd\u0131\u011f\u0131n Birine \u00d6z\u00fcr Mesajlar\u0131<\/strong><\/p>\n\n\n\n<ul class=\"wp-block-list\">\n<li>Seni k\u0131rd\u0131\u011f\u0131m\u0131 fark ettim ve bundan dolay\u0131 ger\u00e7ekten \u00fczg\u00fcn\u00fcm.<\/li>\n\n\n\n<li>S\u00f6ylediklerimle can\u0131n\u0131 ac\u0131tt\u0131ysam \u00f6z\u00fcr dilerim.<\/li>\n\n\n\n<li>Duygular\u0131n\u0131 g\u00f6rmezden geldim, bunun i\u00e7in pi\u015fman\u0131m.<\/li>\n\n\n\n<li>Hakl\u0131yd\u0131n, seni anlamal\u0131yd\u0131m.<\/li>\n\n\n\n<li>Davran\u0131\u015f\u0131m sana yak\u0131\u015fmad\u0131, kabul ediyorum.<\/li>\n\n\n\n<li>Kalbini k\u0131rmak istemezdim.<\/li>\n\n\n\n<li>Bunu telafi etmek istiyorum.<\/li>\n\n\n\n<li>L\u00fctfen beni affet.<\/li>\n<\/ul>\n\n\n\n<h3 class=\"wp-block-heading\">Daha Fazla \u00d6z\u00fcr Mesaj\u0131 \ud83d\udd4a\ufe0f<\/h3>\n\n\n\n<figure class=\"wp-block-table\"><table class=\"has-fixed-layout\"><thead><tr><th>Mesaj T\u00fcr\u00fc<\/th><th>Mesaj<\/th><th>Verdi\u011fi His<\/th><\/tr><\/thead><tbody><tr><td>Genel<\/td><td>Seni \u00fczd\u00fc\u011f\u00fcm i\u00e7in \u00f6z\u00fcr dilerim.<\/td><td>Pi\u015fmanl\u0131k<\/td><\/tr><tr><td>Genel<\/td><td>Hatal\u0131y\u0131m, kabul ediyorum.<\/td><td>Sorumluluk<\/td><\/tr><tr><td>Genel<\/td><td>Seni anl\u0131yorum.<\/td><td>Empati<\/td><\/tr><tr><td>Genel<\/td><td>Telafi etmek istiyorum.<\/td><td>Onarma<\/td><\/tr><\/tbody><\/table><\/figure>\n\n\n\n<h2 class=\"wp-block-heading\">\u2764\ufe0f \u00d6z\u00fcr Mesajlar\u0131 Sevgiliye<\/h2>\n\n\n\n<p>Sevgiliye yaz\u0131lan \u00f6z\u00fcr mesajlar\u0131, sevgiyle birlikte <strong>duygusal sorumluluk<\/strong> da ta\u015f\u0131mal\u0131d\u0131r. Savunma yerine anlay\u0131\u015f \u00f6n planda olmal\u0131d\u0131r.<\/p>\n\n\n\n<p><strong>Sevgiliye \u00d6z\u00fcr Mesajlar\u0131<\/strong><\/p>\n\n\n\n<ul class=\"wp-block-list\">\n<li>Seni \u00fczmek benim isteyece\u011fim son \u015feydi.<\/li>\n\n\n\n<li>Kalbini k\u0131rd\u0131\u011f\u0131m i\u00e7in \u00e7ok \u00fczg\u00fcn\u00fcm.<\/li>\n\n\n\n<li>Seni dinlemeliydim, dinlemedim.<\/li>\n\n\n\n<li>Duygular\u0131n\u0131 hafife ald\u0131m, hatal\u0131y\u0131m.<\/li>\n\n\n\n<li>Seni kaybetmek istemiyorum.<\/li>\n\n\n\n<li>Hatalar\u0131m\u0131n fark\u0131nday\u0131m.<\/li>\n\n\n\n<li>Aff\u0131n\u0131 istiyorum.<\/li>\n\n\n\n<li>Seni \u00e7ok seviyorum.<\/li>\n<\/ul>\n\n\n\n<h3 class=\"wp-block-heading\">Daha Fazla Mesaj \ud83d\udc9e<\/h3>\n\n\n\n<figure class=\"wp-block-table\"><table class=\"has-fixed-layout\"><thead><tr><th>Mesaj T\u00fcr\u00fc<\/th><th>Mesaj<\/th><th>Verdi\u011fi His<\/th><\/tr><\/thead><tbody><tr><td>Sevgili<\/td><td>Seni \u00fczd\u00fc\u011f\u00fcm i\u00e7in \u00fczg\u00fcn\u00fcm.<\/td><td>Sevgi<\/td><\/tr><tr><td>Sevgili<\/td><td>Seni anl\u0131yorum.<\/td><td>Empati<\/td><\/tr><tr><td>Sevgili<\/td><td>Telafi edece\u011fim.<\/td><td>G\u00fcven<\/td><\/tr><tr><td>Sevgili<\/td><td>Aff\u0131na ihtiyac\u0131m var.<\/td><td>Yak\u0131nl\u0131k<\/td><\/tr><\/tbody><\/table><\/figure>\n\n\n\n<h2 class=\"wp-block-heading\">\ud83d\udc8c Sevgiliye \u00d6z\u00fcr Mesaj\u0131 Duygusal<\/h2>\n\n\n\n<p>Duygusal \u00f6z\u00fcr mesajlar\u0131, sevginin zarar g\u00f6rd\u00fc\u011f\u00fc anlarda ba\u011f\u0131 yeniden kurmay\u0131 ama\u00e7lar.<\/p>\n\n\n\n<p><strong>Duygusal \u00d6z\u00fcr Mesajlar\u0131<\/strong><\/p>\n\n\n\n<ul class=\"wp-block-list\">\n<li>Kalbini k\u0131rd\u0131\u011f\u0131m\u0131 bilmek beni \u00e7ok \u00fcz\u00fcyor.<\/li>\n\n\n\n<li>Sen benim i\u00e7in \u00e7ok de\u011ferlisin.<\/li>\n\n\n\n<li>Seni incitmek istemezdim.<\/li>\n\n\n\n<li>Yanl\u0131\u015f yapt\u0131m ve bunu kabul ediyorum.<\/li>\n\n\n\n<li>Seni anlamaya \u00e7al\u0131\u015faca\u011f\u0131m.<\/li>\n\n\n\n<li>Kalbini onarmak istiyorum.<\/li>\n\n\n\n<li>Bana bir \u015fans verir misin?<\/li>\n\n\n\n<li>Seni kaybetmek istemiyorum.<\/li>\n<\/ul>\n\n\n\n<h3 class=\"wp-block-heading\">Daha Fazla Duygusal Mesaj \ud83c\udf39<\/h3>\n\n\n\n<figure class=\"wp-block-table\"><table class=\"has-fixed-layout\"><thead><tr><th>Mesaj T\u00fcr\u00fc<\/th><th>Mesaj<\/th><th>Verdi\u011fi His<\/th><\/tr><\/thead><tbody><tr><td>Duygusal<\/td><td>Kalbin benim i\u00e7in \u00e7ok k\u0131ymetli.<\/td><td>Hassasiyet<\/td><\/tr><tr><td>Duygusal<\/td><td>Seni incittim.<\/td><td>Pi\u015fmanl\u0131k<\/td><\/tr><tr><td>Duygusal<\/td><td>Aff\u0131n\u0131 diliyorum.<\/td><td>Yak\u0131nla\u015fma<\/td><\/tr><tr><td>Duygusal<\/td><td>Seni seviyorum.<\/td><td>Ba\u011f<\/td><\/tr><\/tbody><\/table><\/figure>\n\n\n\n<h2 class=\"wp-block-heading\">\ud83d\udd25 Etkileyici \u00d6z\u00fcr Mesajlar\u0131<\/h2>\n\n\n\n<p>Etkileyici \u00f6z\u00fcr mesajlar\u0131, netlik ve samimiyetle yaz\u0131l\u0131r. Abart\u0131dan uzak ama g\u00fc\u00e7l\u00fcd\u00fcr.<\/p>\n\n\n\n<p><strong>Etkileyici \u00d6z\u00fcr Mesajlar\u0131<\/strong><\/p>\n\n\n\n<ul class=\"wp-block-list\">\n<li>Yanl\u0131\u015f yapt\u0131m ve sorumlulu\u011funu al\u0131yorum.<\/li>\n\n\n\n<li>Seni dinlemedi\u011fim i\u00e7in \u00f6z\u00fcr dilerim.<\/li>\n\n\n\n<li>Hatalar\u0131m\u0131n fark\u0131nday\u0131m.<\/li>\n\n\n\n<li>Davran\u0131\u015f\u0131m sana zarar verdi.<\/li>\n\n\n\n<li>Kendimi savunmayaca\u011f\u0131m, hakl\u0131yd\u0131n.<\/li>\n\n\n\n<li>\u00d6zr\u00fcm kalpten.<\/li>\n\n\n\n<li>Telafi etmeye haz\u0131r\u0131m.<\/li>\n\n\n\n<li>Aff\u0131n\u0131 istiyorum.<\/li>\n<\/ul>\n\n\n\n<h3 class=\"wp-block-heading\">Daha Fazla Etkileyici Mesaj \u26a1<\/h3>\n\n\n\n<figure class=\"wp-block-table\"><table class=\"has-fixed-layout\"><thead><tr><th>Mesaj T\u00fcr\u00fc<\/th><th>Mesaj<\/th><th>Verdi\u011fi His<\/th><\/tr><\/thead><tbody><tr><td>Etkileyici<\/td><td>Sorumlulu\u011fu al\u0131yorum.<\/td><td>Ciddiyet<\/td><\/tr><tr><td>Etkileyici<\/td><td>Hakl\u0131yd\u0131n.<\/td><td>Kabul<\/td><\/tr><tr><td>Etkileyici<\/td><td>\u00d6zr\u00fcm samimi.<\/td><td>G\u00fcven<\/td><\/tr><tr><td>Etkileyici<\/td><td>Telafi edece\u011fim.<\/td><td>Umut<\/td><\/tr><\/tbody><\/table><\/figure>\n\n\n\n<h2 class=\"wp-block-heading\">\u270d\ufe0f K\u0131sa \u00d6z\u00fcr Mesaj\u0131<\/h2>\n\n\n\n<p>K\u0131sa \u00f6z\u00fcr mesajlar\u0131, h\u0131zl\u0131 ama net bir pi\u015fmanl\u0131k ifadesi sunar.<\/p>\n\n\n\n<p><strong>K\u0131sa \u00d6z\u00fcr Mesajlar\u0131<\/strong><\/p>\n\n\n\n<ul class=\"wp-block-list\">\n<li>\u00d6z\u00fcr dilerim.<\/li>\n\n\n\n<li>Hatal\u0131y\u0131m.<\/li>\n\n\n\n<li>Seni \u00fczd\u00fcm.<\/li>\n\n\n\n<li>Pi\u015fman\u0131m.<\/li>\n\n\n\n<li>Affet beni.<\/li>\n\n\n\n<li>Yanl\u0131\u015f yapt\u0131m.<\/li>\n\n\n\n<li>Hakl\u0131yd\u0131n.<\/li>\n\n\n\n<li>\u00dczg\u00fcn\u00fcm.<\/li>\n<\/ul>\n\n\n\n<h3 class=\"wp-block-heading\">Daha Fazla K\u0131sa Mesaj \ud83d\udcac<\/h3>\n\n\n\n<figure class=\"wp-block-table\"><table class=\"has-fixed-layout\"><thead><tr><th>Mesaj T\u00fcr\u00fc<\/th><th>Mesaj<\/th><th>Verdi\u011fi His<\/th><\/tr><\/thead><tbody><tr><td>K\u0131sa<\/td><td>\u00d6z\u00fcr dilerim.<\/td><td>Netlik<\/td><\/tr><tr><td>K\u0131sa<\/td><td>Hatal\u0131y\u0131m.<\/td><td>Kabul<\/td><\/tr><tr><td>K\u0131sa<\/td><td>\u00dczg\u00fcn\u00fcm.<\/td><td>Pi\u015fmanl\u0131k<\/td><\/tr><tr><td>K\u0131sa<\/td><td>Affet.<\/td><td>Yak\u0131nla\u015fma<\/td><\/tr><\/tbody><\/table><\/figure>\n\n\n\n<h2 class=\"wp-block-heading\">\ud83e\udd1d \u00d6z\u00fcr Mesaj\u0131 Arkada\u015fa<\/h2>\n\n\n\n<p>Arkada\u015fa \u00f6z\u00fcr mesaj\u0131, dostlu\u011fu korumaya y\u00f6nelik samimi bir ad\u0131m olmal\u0131d\u0131r.<\/p>\n\n\n\n<p><strong>Arkada\u015fa \u00d6z\u00fcr Mesajlar\u0131<\/strong><\/p>\n\n\n\n<ul class=\"wp-block-list\">\n<li>Seni k\u0131rmak istemezdim.<\/li>\n\n\n\n<li>Hata yapt\u0131m, fark\u0131nday\u0131m.<\/li>\n\n\n\n<li>Dostlu\u011fumuz benim i\u00e7in de\u011ferli.<\/li>\n\n\n\n<li>Seni dinlemedim, \u00f6z\u00fcr dilerim.<\/li>\n\n\n\n<li>Yanl\u0131\u015f anlad\u0131m.<\/li>\n\n\n\n<li>Hakl\u0131yd\u0131n.<\/li>\n\n\n\n<li>Bunu d\u00fczeltmek istiyorum.<\/li>\n\n\n\n<li>Aff\u0131n\u0131 istiyorum.<\/li>\n<\/ul>\n\n\n\n<h3 class=\"wp-block-heading\">Daha Fazla Mesaj \ud83e\udde9<\/h3>\n\n\n\n<figure class=\"wp-block-table\"><table class=\"has-fixed-layout\"><thead><tr><th>Mesaj T\u00fcr\u00fc<\/th><th>Mesaj<\/th><th>Verdi\u011fi His<\/th><\/tr><\/thead><tbody><tr><td>Arkada\u015f<\/td><td>Dostlu\u011fumuz \u00f6nemli.<\/td><td>Ba\u011f<\/td><\/tr><tr><td>Arkada\u015f<\/td><td>Hatal\u0131y\u0131m.<\/td><td>Samimiyet<\/td><\/tr><tr><td>Arkada\u015f<\/td><td>Seni anl\u0131yorum.<\/td><td>Empati<\/td><\/tr><tr><td>Arkada\u015f<\/td><td>Telafi edelim.<\/td><td>Onarma<\/td><\/tr><\/tbody><\/table><\/figure>\n\n\n\n<h2 class=\"wp-block-heading\">\ud83c\udf38 \u00d6z\u00fcr Mesaj\u0131 \u00c7i\u00e7ek Notu<\/h2>\n\n\n\n<p>\u00c7i\u00e7ek notlar\u0131 k\u0131sa, zarif ve net olmal\u0131d\u0131r. Mesaj\u0131n a\u011f\u0131rl\u0131\u011f\u0131n\u0131 \u00e7i\u00e7ek ta\u015f\u0131r.<\/p>\n\n\n\n<p><strong>\u00c7i\u00e7ek Notu \u00d6z\u00fcr Mesajlar\u0131<\/strong><\/p>\n\n\n\n<ul class=\"wp-block-list\">\n<li>Kalbini k\u0131rd\u0131\u011f\u0131m i\u00e7in \u00fczg\u00fcn\u00fcm.<\/li>\n\n\n\n<li>Aff\u0131na s\u0131\u011f\u0131n\u0131yorum.<\/li>\n\n\n\n<li>\u00d6zr\u00fcm kalpten.<\/li>\n\n\n\n<li>Seni \u00fczd\u00fc\u011f\u00fcm i\u00e7in \u00f6z\u00fcr dilerim.<\/li>\n\n\n\n<li>Yanl\u0131\u015f yapt\u0131m.<\/li>\n\n\n\n<li>Telafi etmek istiyorum.<\/li>\n\n\n\n<li>Affet beni.<\/li>\n\n\n\n<li>\u00dczg\u00fcn\u00fcm.<\/li>\n<\/ul>\n\n\n\n<h3 class=\"wp-block-heading\">Daha Fazla \u00c7i\u00e7ek Notu \ud83c\udf3c<\/h3>\n\n\n\n<figure class=\"wp-block-table\"><table class=\"has-fixed-layout\"><thead><tr><th>Not<\/th><th>Kullan\u0131m<\/th><th>Verdi\u011fi His<\/th><\/tr><\/thead><tbody><tr><td>\u00d6z\u00fcr dilerim.<\/td><td>\u00c7i\u00e7ek<\/td><td>Zarafet<\/td><\/tr><tr><td>Affet beni.<\/td><td>\u00c7i\u00e7ek<\/td><td>Yumu\u015fama<\/td><\/tr><tr><td>\u00dczg\u00fcn\u00fcm.<\/td><td>\u00c7i\u00e7ek<\/td><td>Pi\u015fmanl\u0131k<\/td><\/tr><tr><td>Kalpten \u00f6z\u00fcr.<\/td><td>\u00c7i\u00e7ek<\/td><td>Samimiyet<\/td><\/tr><\/tbody><\/table><\/figure>\n\n\n\n<h2 class=\"wp-block-heading\">\ud83e\udd0d \u00d6z\u00fcr Mesaj\u0131 Anneye<\/h2>\n\n\n\n<p>Anneye yaz\u0131lan \u00f6z\u00fcr mesajlar\u0131 sayg\u0131, sevgi ve pi\u015fmanl\u0131k i\u00e7ermelidir.<\/p>\n\n\n\n<p><strong>Anneye \u00d6z\u00fcr Mesajlar\u0131<\/strong><\/p>\n\n\n\n<ul class=\"wp-block-list\">\n<li>Seni \u00fczd\u00fcysem affet anne.<\/li>\n\n\n\n<li>Kalbini k\u0131rd\u0131\u011f\u0131m i\u00e7in \u00fczg\u00fcn\u00fcm.<\/li>\n\n\n\n<li>Bana katt\u0131klar\u0131n i\u00e7in minnettar\u0131m.<\/li>\n\n\n\n<li>Sana kar\u015f\u0131 yanl\u0131\u015f davrand\u0131m.<\/li>\n\n\n\n<li>\u00d6zr\u00fcm\u00fc kabul etmeni diliyorum.<\/li>\n\n\n\n<li>Seni seviyorum.<\/li>\n\n\n\n<li>Hatal\u0131y\u0131m.<\/li>\n\n\n\n<li>Aff\u0131n\u0131 istiyorum.<\/li>\n<\/ul>\n\n\n\n<h3 class=\"wp-block-heading\">Daha Fazla Mesaj \ud83c\udf37<\/h3>\n\n\n\n<figure class=\"wp-block-table\"><table class=\"has-fixed-layout\"><thead><tr><th>Mesaj T\u00fcr\u00fc<\/th><th>Mesaj<\/th><th>Verdi\u011fi His<\/th><\/tr><\/thead><tbody><tr><td>Anne<\/td><td>Seni \u00fczd\u00fcm.<\/td><td>Pi\u015fmanl\u0131k<\/td><\/tr><tr><td>Anne<\/td><td>Affet beni.<\/td><td>Sevgi<\/td><\/tr><tr><td>Anne<\/td><td>Hatal\u0131y\u0131m.<\/td><td>Kabul<\/td><\/tr><tr><td>Anne<\/td><td>Seni seviyorum.<\/td><td>Ba\u011f<\/td><\/tr><\/tbody><\/table><\/figure>\n\n\n\n<h2 class=\"wp-block-heading\">\ud83d\udc69\u200d\u2764\ufe0f\u200d\ud83d\udc69 \u00d6z\u00fcr Mesaj\u0131 Ablaya<\/h2>\n\n\n\n<p>Ablaya yaz\u0131lan \u00f6z\u00fcr mesajlar\u0131, karde\u015flik ba\u011f\u0131n\u0131 korumaya y\u00f6neliktir.<\/p>\n\n\n\n<p><strong>Ablaya \u00d6z\u00fcr Mesajlar\u0131<\/strong><\/p>\n\n\n\n<ul class=\"wp-block-list\">\n<li>Seni k\u0131rd\u0131\u011f\u0131m i\u00e7in \u00f6z\u00fcr dilerim.<\/li>\n\n\n\n<li>Hata yapt\u0131m, kabul ediyorum.<\/li>\n\n\n\n<li>Bana her zaman destek oldun.<\/li>\n\n\n\n<li>Sana kar\u015f\u0131 yanl\u0131\u015f davrand\u0131m.<\/li>\n\n\n\n<li>Aff\u0131n\u0131 istiyorum abla.<\/li>\n\n\n\n<li>Seni \u00fczd\u00fcysem \u00fczg\u00fcn\u00fcm.<\/li>\n\n\n\n<li>Hakl\u0131yd\u0131n.<\/li>\n\n\n\n<li>\u0130yi ki vars\u0131n.<\/li>\n<\/ul>\n\n\n\n<h3 class=\"wp-block-heading\">Daha Fazla Mesaj \ud83c\udf38<\/h3>\n\n\n\n<figure class=\"wp-block-table\"><table class=\"has-fixed-layout\"><thead><tr><th>Mesaj T\u00fcr\u00fc<\/th><th>Mesaj<\/th><th>Verdi\u011fi His<\/th><\/tr><\/thead><tbody><tr><td>Abla<\/td><td>Hatal\u0131y\u0131m.<\/td><td>Samimiyet<\/td><\/tr><tr><td>Abla<\/td><td>\u00d6z\u00fcr dilerim.<\/td><td>Pi\u015fmanl\u0131k<\/td><\/tr><tr><td>Abla<\/td><td>Affet beni.<\/td><td>Yak\u0131nl\u0131k<\/td><\/tr><tr><td>Abla<\/td><td>Seni seviyorum.<\/td><td>Ba\u011f<\/td><\/tr><\/tbody><\/table><\/figure>\n\n\n\n<h2 class=\"wp-block-heading\">En S\u0131k Yap\u0131lan Hatalar<\/h2>\n\n\n\n<ul class=\"wp-block-list\">\n<li>\u00d6zr\u00fc \u201cama\u201d ile ba\u015flatmak<\/li>\n\n\n\n<li>Kendini savunmak<\/li>\n\n\n\n<li>Kar\u015f\u0131 taraf\u0131 su\u00e7layan ifadeler kullanmak<\/li>\n\n\n\n<li>H\u0131zl\u0131ca ge\u00e7i\u015ftirmek<\/li>\n\n\n\n<li>Telafi niyeti g\u00f6stermemek<\/li>\n<\/ul>\n\n\n\n<h2 class=\"wp-block-heading\">Uzman \u00d6nerisi<\/h2>\n\n\n\n<p>Uzmanlara g\u00f6re etkili bir \u00f6z\u00fcr mesaj\u0131, <strong>mazeretsiz ve net<\/strong> olmal\u0131d\u0131r. \u201cBeni yanl\u0131\u015f anlad\u0131n\u201d yerine \u201cSeni \u00fczd\u00fcm\u201d demek, \u00f6zr\u00fcn samimiyetini art\u0131r\u0131r. Ger\u00e7ek bir \u00f6z\u00fcr, kar\u015f\u0131 taraf\u0131n duygusunu onarmay\u0131 ama\u00e7lar; hakl\u0131 \u00e7\u0131kmay\u0131 de\u011fil.<\/p>\n\n\n\n<p><strong><em>Di\u011fer \u0130\u00e7erik: <a href=\"https:\/\/backlinkdanismani.com\/icerik\/gonul-alma-sozleri\/\" data-type=\"post\" data-id=\"8015\">G\u00f6n\u00fcl Alma S\u00f6zleri<\/a><\/em><\/strong><\/p>\n","protected":false},"excerpt":{"rendered":"<p>\u00d6z\u00fcr mesajlar\u0131, yap\u0131lan bir hatay\u0131 kabul etmenin ve ili\u015fkiyi onarmaya niyetli olman\u0131n en net g\u00f6stergesidir. Ger\u00e7ek bir \u00f6z\u00fcr; savunma i\u00e7ermez, mazeret \u00fcretmez ve kar\u015f\u0131 taraf\u0131n duygusunu merkeze al\u0131r. Do\u011fru kelimelerle yaz\u0131lan bir mesaj, k\u0131r\u0131lan ba\u011flar\u0131 onarman\u0131n ilk ad\u0131m\u0131 olabilir. Mikro Bilgi: \u0130leti\u015fim uzmanlar\u0131na g\u00f6re etkili bir \u00f6z\u00fcr, \u00fc\u00e7 temel unsur i\u00e7erir: hata kabul\u00fc, empati ve<\/p>\n","protected":false},"author":3,"featured_media":8098,"comment_status":"open","ping_status":"open","sticky":false,"template":"","format":"standard","meta":{"footnotes":"","_wpscppro_dont_share_socialmedia":false,"_wpscppro_custom_social_share_image":0,"_facebook_share_type":"default","_twitter_share_type":"default","_linkedin_share_type":"default","_pinterest_share_type":"default","_linkedin_share_type_page":"","_instagram_share_type":"default","_medium_share_type":"default","_threads_share_type":"default","_google_business_share_type":"default","_selected_social_profile":[],"_wpsp_enable_custom_social_template":false,"_wpsp_social_scheduling":{"enabled":false,"datetime":null,"platforms":[],"status":"template_only","dateOption":"today","timeOption":"now","customDays":"","customHours":"","customDate":"","customTime":"","schedulingType":"absolute"},"_wpsp_active_default_template":true},"categories":[34],"tags":[],"class_list":{"0":"post-8097","1":"post","2":"type-post","3":"status-publish","4":"format-standard","5":"has-post-thumbnail","7":"category-iliskiler-yasam"},"_links":{"self":[{"href":"https:\/\/backlinkdanismani.com\/icerik\/wp-json\/wp\/v2\/posts\/8097","targetHints":{"allow":["GET"]}}],"collection":[{"href":"https:\/\/backlinkdanismani.com\/icerik\/wp-json\/wp\/v2\/posts"}],"about":[{"href":"https:\/\/backlinkdanismani.com\/icerik\/wp-json\/wp\/v2\/types\/post"}],"author":[{"embeddable":true,"href":"https:\/\/backlinkdanismani.com\/icerik\/wp-json\/wp\/v2\/users\/3"}],"replies":[{"embeddable":true,"href":"https:\/\/backlinkdanismani.com\/icerik\/wp-json\/wp\/v2\/comments?post=8097"}],"version-history":[{"count":1,"href":"https:\/\/backlinkdanismani.com\/icerik\/wp-json\/wp\/v2\/posts\/8097\/revisions"}],"predecessor-version":[{"id":8099,"href":"https:\/\/backlinkdanismani.com\/icerik\/wp-json\/wp\/v2\/posts\/8097\/revisions\/8099"}],"wp:featuredmedia":[{"embeddable":true,"href":"https:\/\/backlinkdanismani.com\/icerik\/wp-json\/wp\/v2\/media\/8098"}],"wp:attachment":[{"href":"https:\/\/backlinkdanismani.com\/icerik\/wp-json\/wp\/v2\/media?parent=8097"}],"wp:term":[{"taxonomy":"category","embeddable":true,"href":"https:\/\/backlinkdanismani.com\/icerik\/wp-json\/wp\/v2\/categories?post=8097"},{"taxonomy":"post_tag","embeddable":true,"href":"https:\/\/backlinkdanismani.com\/icerik\/wp-json\/wp\/v2\/tags?post=8097"}],"curies":[{"name":"wp","href":"https:\/\/api.w.org\/{rel}","templated":true}]}}