{"id":8094,"date":"2026-01-02T03:34:30","date_gmt":"2026-01-02T00:34:30","guid":{"rendered":"https:\/\/backlinkdanismani.com\/icerik\/?p=8094"},"modified":"2026-01-02T03:34:34","modified_gmt":"2026-01-02T00:34:34","slug":"ablaya-dogum-gunu-mesaji","status":"publish","type":"post","link":"https:\/\/backlinkdanismani.com\/icerik\/ablaya-dogum-gunu-mesaji\/","title":{"rendered":"Ablaya Do\u011fum G\u00fcn\u00fc Mesaj\u0131 (Uzun, Duygusal, Komik)"},"content":{"rendered":"\n<p>Ablaya do\u011fum g\u00fcn\u00fc mesaj\u0131, sadece bir kutlama de\u011fil; <strong>koruyuculuk, yol g\u00f6stericilik ve karde\u015flik ba\u011f\u0131n\u0131n<\/strong> kelimelere d\u00f6k\u00fclm\u00fc\u015f h\u00e2lidir. Abla, \u00e7o\u011fu zaman ikinci bir anne, bazen en yak\u0131n dosttur. Bu y\u00fczden yaz\u0131lan her mesaj hem sevgi hem sayg\u0131 ta\u015f\u0131r.<\/p>\n\n\n\n<p>Mikro Bilgi: Aile ili\u015fkileri \u00fczerine yap\u0131lan \u00e7al\u0131\u015fmalara g\u00f6re, karde\u015fler aras\u0131nda kullan\u0131lan destekleyici ve takdir edici dil, <strong>\u00f6m\u00fcr boyu s\u00fcren g\u00fcven ba\u011f\u0131n\u0131<\/strong> g\u00fc\u00e7lendirir. Do\u011fum g\u00fcnleri bu ba\u011f\u0131 g\u00f6r\u00fcn\u00fcr k\u0131lmak i\u00e7in \u00f6nemli bir f\u0131rsatt\u0131r.<\/p>\n\n\n\n<h2 class=\"wp-block-heading\">\ud83d\udc8c Ablaya Do\u011fum G\u00fcn\u00fc Mesaj\u0131 Uzun<\/h2>\n\n\n\n<p>Uzun do\u011fum g\u00fcn\u00fc mesajlar\u0131, ablayla payla\u015f\u0131lan ge\u00e7mi\u015fi, birlikte b\u00fcy\u00fcmeyi ve minnettarl\u0131\u011f\u0131 anlat\u0131r. \u00d6zellikle derin ba\u011flarda tercih edilir.<\/p>\n\n\n\n<p><strong>Ablaya Uzun Do\u011fum G\u00fcn\u00fc Mesajlar\u0131<\/strong><\/p>\n\n\n\n<ul class=\"wp-block-list\">\n<li>Hayat\u0131m boyunca bana yol g\u00f6sterdi\u011fin i\u00e7in sana minnettar\u0131m.<\/li>\n\n\n\n<li>Zor zamanlar\u0131mda hep yan\u0131mda oldun.<\/li>\n\n\n\n<li>Senin varl\u0131\u011f\u0131n bana her zaman g\u00fc\u00e7 verdi.<\/li>\n\n\n\n<li>Ayn\u0131 evde b\u00fcy\u00fcd\u00fck ama kalbimiz hep yan yana kald\u0131.<\/li>\n\n\n\n<li>Hayat seni bana abla olarak verdi\u011fi i\u00e7in \u015fansl\u0131y\u0131m.<\/li>\n\n\n\n<li>G\u00fcl\u00fc\u015f\u00fcnle evimizi ayd\u0131nlatt\u0131n.<\/li>\n\n\n\n<li>Sen benim en g\u00fcvenli liman\u0131ms\u0131n.<\/li>\n\n\n\n<li>\u0130yi ki do\u011fdun, iyi ki benim ablam oldun.<\/li>\n<\/ul>\n\n\n\n<h3 class=\"wp-block-heading\">Daha Fazla Uzun Mesaj \ud83c\udf37<\/h3>\n\n\n\n<figure class=\"wp-block-table\"><table class=\"has-fixed-layout\"><thead><tr><th>Mesaj T\u00fcr\u00fc<\/th><th>Mesaj<\/th><th>Verdi\u011fi His<\/th><\/tr><\/thead><tbody><tr><td>Uzun<\/td><td>Hep yan\u0131mdayd\u0131n.<\/td><td>G\u00fcven<\/td><\/tr><tr><td>Uzun<\/td><td>Sana minnettar\u0131m.<\/td><td>\u015e\u00fckran<\/td><\/tr><tr><td>Uzun<\/td><td>Sen benim yolumsun.<\/td><td>Ba\u011f<\/td><\/tr><tr><td>Uzun<\/td><td>\u0130yi ki vars\u0131n.<\/td><td>Aidiyet<\/td><\/tr><\/tbody><\/table><\/figure>\n\n\n\n<h2 class=\"wp-block-heading\">\ud83d\udc96 Ablaya Do\u011fum G\u00fcn\u00fc Mesaj\u0131 Duygusal<\/h2>\n\n\n\n<p>Duygusal mesajlar, ablaya duyulan sevgi ve ba\u011fl\u0131l\u0131\u011f\u0131 kalpten bir dille anlat\u0131r.<\/p>\n\n\n\n<p><strong>Duygusal Do\u011fum G\u00fcn\u00fc Mesajlar\u0131<\/strong><\/p>\n\n\n\n<ul class=\"wp-block-list\">\n<li>Seninle b\u00fcy\u00fcmek en b\u00fcy\u00fck \u015fans\u0131md\u0131.<\/li>\n\n\n\n<li>Kalbimde her zaman \u00f6zel bir yerin var.<\/li>\n\n\n\n<li>Seni sevmek bana hep huzur verdi.<\/li>\n\n\n\n<li>G\u00f6z\u00fcm kapal\u0131 g\u00fcvendi\u011fim tek ki\u015fisin.<\/li>\n\n\n\n<li>Hayat\u0131mda oldu\u011fun i\u00e7in \u015f\u00fckrediyorum.<\/li>\n\n\n\n<li>Sen benim en k\u0131ymetli par\u00e7am oldun.<\/li>\n\n\n\n<li>Ne olursa olsun yan\u0131mda olaca\u011f\u0131n\u0131 biliyorum.<\/li>\n\n\n\n<li>Do\u011fum g\u00fcn\u00fcn kutlu olsun can\u0131m ablam.<\/li>\n<\/ul>\n\n\n\n<h3 class=\"wp-block-heading\">Daha Fazla Duygusal Mesaj \ud83c\udf38<\/h3>\n\n\n\n<figure class=\"wp-block-table\"><table class=\"has-fixed-layout\"><thead><tr><th>Mesaj T\u00fcr\u00fc<\/th><th>Mesaj<\/th><th>Verdi\u011fi His<\/th><\/tr><\/thead><tbody><tr><td>Duygusal<\/td><td>Sana g\u00fcveniyorum.<\/td><td>G\u00fcvence<\/td><\/tr><tr><td>Duygusal<\/td><td>Seni \u00e7ok seviyorum.<\/td><td>Sevgi<\/td><\/tr><tr><td>Duygusal<\/td><td>Kalbimde yerin ayr\u0131.<\/td><td>Yak\u0131nl\u0131k<\/td><\/tr><tr><td>Duygusal<\/td><td>\u0130yi ki benimlesin.<\/td><td>\u015e\u00fck\u00fcr<\/td><\/tr><\/tbody><\/table><\/figure>\n\n\n\n<h2 class=\"wp-block-heading\">\ud83c\udf31 Ablaya Do\u011fum G\u00fcn\u00fc Mesaj\u0131 Anlaml\u0131<\/h2>\n\n\n\n<p>Anlaml\u0131 mesajlar, ablan\u0131n hayattaki yerini ve de\u011ferini sakin ama derin ifadelerle anlat\u0131r.<\/p>\n\n\n\n<p><strong>Anlaml\u0131 Do\u011fum G\u00fcn\u00fc Mesajlar\u0131<\/strong><\/p>\n\n\n\n<ul class=\"wp-block-list\">\n<li>Abla olmak, kalpten bir sorumluluktur.<\/li>\n\n\n\n<li>Hayat\u0131 bana sen \u00f6\u011frettin.<\/li>\n\n\n\n<li>G\u00fcc\u00fcmde senin izlerin var.<\/li>\n\n\n\n<li>Yan\u0131mda olman bana yetiyor.<\/li>\n\n\n\n<li>Seninle her \u015fey daha dengeli.<\/li>\n\n\n\n<li>Hayat yolunda sen hep \u00f6rnek oldun.<\/li>\n\n\n\n<li>Sessizli\u011fimde bile beni anlars\u0131n.<\/li>\n\n\n\n<li>Do\u011fum g\u00fcn\u00fcn kutlu olsun.<\/li>\n<\/ul>\n\n\n\n<h3 class=\"wp-block-heading\">Daha Fazla Anlaml\u0131 Mesaj \ud83c\udf43<\/h3>\n\n\n\n<figure class=\"wp-block-table\"><table class=\"has-fixed-layout\"><thead><tr><th>Mesaj T\u00fcr\u00fc<\/th><th>Mesaj<\/th><th>Verdi\u011fi His<\/th><\/tr><\/thead><tbody><tr><td>Anlaml\u0131<\/td><td>Sen \u00f6rneksin.<\/td><td>Sayg\u0131<\/td><\/tr><tr><td>Anlaml\u0131<\/td><td>G\u00fcc\u00fcm sensin.<\/td><td>Dayanak<\/td><\/tr><tr><td>Anlaml\u0131<\/td><td>Yan\u0131mda ol.<\/td><td>Huzur<\/td><\/tr><tr><td>Anlaml\u0131<\/td><td>Seni se\u00e7tim.<\/td><td>Ba\u011f<\/td><\/tr><\/tbody><\/table><\/figure>\n\n\n\n<h2 class=\"wp-block-heading\">\ud83d\ude02 Ablaya Do\u011fum G\u00fcn\u00fc Mesaj\u0131 Komik<\/h2>\n\n\n\n<p>Komik mesajlar, abla\u2013karde\u015f aras\u0131ndaki e\u011flenceli ba\u011f\u0131 yans\u0131t\u0131r. Mizah dozunda olmal\u0131d\u0131r.<\/p>\n\n\n\n<p><strong>Komik Do\u011fum G\u00fcn\u00fc Mesajlar\u0131<\/strong><\/p>\n\n\n\n<ul class=\"wp-block-list\">\n<li>Ablam oldu\u011fun i\u00e7in h\u00e2l\u00e2 \u015fansl\u0131y\u0131m.<\/li>\n\n\n\n<li>K\u00fc\u00e7\u00fckl\u00fc\u011f\u00fcmde beni korudun, \u015fimdi pasta s\u0131ras\u0131 bende.<\/li>\n\n\n\n<li>Ya\u015f\u0131n\u0131 s\u00f6ylemiyorum, merak etme.<\/li>\n\n\n\n<li>Bug\u00fcn sana k\u0131zmak yasakm\u0131\u015f.<\/li>\n\n\n\n<li>Ablal\u0131k zor i\u015f, iyi dayanm\u0131\u015fs\u0131n.<\/li>\n\n\n\n<li>\u0130yi ki vars\u0131n, yoksa kim beni kollard\u0131?<\/li>\n\n\n\n<li>Bug\u00fcnl\u00fck seni \u00e7ok seviyorum.<\/li>\n\n\n\n<li>Do\u011fum g\u00fcn\u00fcn kutlu olsun s\u00fcper abla.<\/li>\n<\/ul>\n\n\n\n<h3 class=\"wp-block-heading\">Daha Fazla Komik Mesaj \ud83d\ude04<\/h3>\n\n\n\n<figure class=\"wp-block-table\"><table class=\"has-fixed-layout\"><thead><tr><th>Mesaj T\u00fcr\u00fc<\/th><th>Mesaj<\/th><th>Verdi\u011fi His<\/th><\/tr><\/thead><tbody><tr><td>Komik<\/td><td>Bug\u00fcnl\u00fck iyisin.<\/td><td>E\u011flence<\/td><\/tr><tr><td>Komik<\/td><td>Pasta i\u00e7in buraday\u0131m.<\/td><td>Ne\u015fe<\/td><\/tr><tr><td>Komik<\/td><td>Ablal\u0131k zor i\u015f.<\/td><td>Mizah<\/td><\/tr><tr><td>Komik<\/td><td>\u0130yi ki vars\u0131n.<\/td><td>Samimiyet<\/td><\/tr><\/tbody><\/table><\/figure>\n\n\n\n<h2 class=\"wp-block-heading\">\u2728 Karde\u015ften Ablaya Do\u011fum G\u00fcn\u00fc Mesaj\u0131 K\u0131sa<\/h2>\n\n\n\n<p>K\u0131sa mesajlar, h\u0131zl\u0131 ama i\u00e7ten bir kutlama yapmak isteyenler i\u00e7in idealdir.<\/p>\n\n\n\n<p><strong>K\u0131sa Mesajlar<\/strong><\/p>\n\n\n\n<ul class=\"wp-block-list\">\n<li>\u0130yi ki do\u011fdun ablam.<\/li>\n\n\n\n<li>Seni seviyorum.<\/li>\n\n\n\n<li>Nice mutlu y\u0131llara.<\/li>\n\n\n\n<li>Yan\u0131mdas\u0131n, biliyorum.<\/li>\n\n\n\n<li>Hep g\u00fcl.<\/li>\n\n\n\n<li>Kalbim seninle.<\/li>\n\n\n\n<li>Do\u011fum g\u00fcn\u00fcn kutlu olsun.<\/li>\n\n\n\n<li>\u0130yi ki vars\u0131n.<\/li>\n<\/ul>\n\n\n\n<h3 class=\"wp-block-heading\">Daha Fazla K\u0131sa Mesaj \ud83d\udcac<\/h3>\n\n\n\n<figure class=\"wp-block-table\"><table class=\"has-fixed-layout\"><thead><tr><th>Mesaj T\u00fcr\u00fc<\/th><th>Mesaj<\/th><th>Verdi\u011fi His<\/th><\/tr><\/thead><tbody><tr><td>K\u0131sa<\/td><td>\u0130yi ki vars\u0131n.<\/td><td>Yak\u0131nl\u0131k<\/td><\/tr><tr><td>K\u0131sa<\/td><td>Seni seviyorum.<\/td><td>Sevgi<\/td><\/tr><tr><td>K\u0131sa<\/td><td>Yan\u0131mdas\u0131n.<\/td><td>G\u00fcven<\/td><\/tr><tr><td>K\u0131sa<\/td><td>Nice y\u0131llara.<\/td><td>Kutlama<\/td><\/tr><\/tbody><\/table><\/figure>\n\n\n\n<h2 class=\"wp-block-heading\">\ud83e\udd0d Manevi Ablaya Do\u011fum G\u00fcn\u00fc Mesaj\u0131<\/h2>\n\n\n\n<p>Manevi abla, kan ba\u011f\u0131 olmasa da kalpten kurulan g\u00fc\u00e7l\u00fc bir ba\u011fd\u0131r. Mesajlar bu ba\u011f\u0131 onurland\u0131rmal\u0131d\u0131r.<\/p>\n\n\n\n<p><strong>Manevi Ablaya Mesajlar<\/strong><\/p>\n\n\n\n<ul class=\"wp-block-list\">\n<li>Kan ba\u011f\u0131 de\u011fil, kalp ba\u011f\u0131 \u00f6nemli.<\/li>\n\n\n\n<li>Seni ablam bildim.<\/li>\n\n\n\n<li>Hayat\u0131ma katt\u0131\u011f\u0131n her \u015fey i\u00e7in te\u015fekk\u00fcr ederim.<\/li>\n\n\n\n<li>Yan\u0131mda oldu\u011fun her an \u00e7ok k\u0131ymetli.<\/li>\n\n\n\n<li>Bana ablal\u0131k yapt\u0131\u011f\u0131n i\u00e7in minnettar\u0131m.<\/li>\n\n\n\n<li>Sen benim se\u00e7ilmi\u015f ailemsin.<\/li>\n\n\n\n<li>\u0130yi ki hayat\u0131mdas\u0131n.<\/li>\n\n\n\n<li>Do\u011fum g\u00fcn\u00fcn kutlu olsun.<\/li>\n<\/ul>\n\n\n\n<h3 class=\"wp-block-heading\">Daha Fazla Mesaj \ud83c\udf3c<\/h3>\n\n\n\n<figure class=\"wp-block-table\"><table class=\"has-fixed-layout\"><thead><tr><th>Mesaj T\u00fcr\u00fc<\/th><th>Mesaj<\/th><th>Verdi\u011fi His<\/th><\/tr><\/thead><tbody><tr><td>Manevi<\/td><td>Seni se\u00e7tim.<\/td><td>Aidiyet<\/td><\/tr><tr><td>Manevi<\/td><td>Yan\u0131mdas\u0131n.<\/td><td>G\u00fcven<\/td><\/tr><tr><td>Manevi<\/td><td>\u00c7ok k\u0131ymetlisin.<\/td><td>De\u011fer<\/td><\/tr><tr><td>Manevi<\/td><td>\u0130yi ki vars\u0131n.<\/td><td>Samimiyet<\/td><\/tr><\/tbody><\/table><\/figure>\n\n\n\n<h2 class=\"wp-block-heading\">\ud83c\udf0d Uzaktaki Ablaya Do\u011fum G\u00fcn\u00fc Mesaj\u0131<\/h2>\n\n\n\n<p>Uzaktaki abla i\u00e7in yaz\u0131lan mesajlar, mesafeye ra\u011fmen ba\u011f\u0131n g\u00fc\u00e7l\u00fc oldu\u011funu hissettirmelidir.<\/p>\n\n\n\n<p><strong>Uzaktaki Ablaya Mesajlar<\/strong><\/p>\n\n\n\n<ul class=\"wp-block-list\">\n<li>Mesafeler sevgimizi azaltmad\u0131.<\/li>\n\n\n\n<li>Uzakta olsan da kalbimdesin.<\/li>\n\n\n\n<li>Yan\u0131mda olamasan da hissediyorum.<\/li>\n\n\n\n<li>Her zaman akl\u0131mdas\u0131n.<\/li>\n\n\n\n<li>Bir g\u00fcn yine yan yana olaca\u011f\u0131z.<\/li>\n\n\n\n<li>Seni \u00e7ok \u00f6zl\u00fcyorum.<\/li>\n\n\n\n<li>Do\u011fum g\u00fcn\u00fcn kutlu olsun.<\/li>\n\n\n\n<li>\u0130yi ki benim ablam oldun.<\/li>\n<\/ul>\n\n\n\n<h3 class=\"wp-block-heading\">Daha Fazla Mesaj \u2708\ufe0f<\/h3>\n\n\n\n<figure class=\"wp-block-table\"><table class=\"has-fixed-layout\"><thead><tr><th>Mesaj T\u00fcr\u00fc<\/th><th>Mesaj<\/th><th>Verdi\u011fi His<\/th><\/tr><\/thead><tbody><tr><td>Uzaktaki<\/td><td>Seni \u00f6zl\u00fcyorum.<\/td><td>Hasret<\/td><\/tr><tr><td>Uzaktaki<\/td><td>Kalbimdesin.<\/td><td>Yak\u0131nl\u0131k<\/td><\/tr><tr><td>Uzaktaki<\/td><td>Yan\u0131mdas\u0131n.<\/td><td>Ba\u011f<\/td><\/tr><tr><td>Uzaktaki<\/td><td>\u0130yi ki vars\u0131n.<\/td><td>\u015e\u00fck\u00fcr<\/td><\/tr><\/tbody><\/table><\/figure>\n\n\n\n<h2 class=\"wp-block-heading\">En S\u0131k Yap\u0131lan Hatalar<\/h2>\n\n\n\n<ul class=\"wp-block-list\">\n<li>Mesaj\u0131 fazla genel ve ruhsuz tutmak<\/li>\n\n\n\n<li>Ablan\u0131n karakterine uymayan ifadeler se\u00e7mek<\/li>\n\n\n\n<li>Komik mesajlarda k\u0131r\u0131c\u0131 olmak<\/li>\n\n\n\n<li>Uzun ama duygusuz metinler yazmak<\/li>\n\n\n\n<li>Kopya ve kli\u015fe s\u00f6zler kullanmak<\/li>\n<\/ul>\n\n\n\n<h2 class=\"wp-block-heading\">Uzman \u00d6nerisi<\/h2>\n\n\n\n<p>Uzmanlara g\u00f6re abla\u2013karde\u015f ili\u015fkilerinde yaz\u0131lan mesajlarda en g\u00fc\u00e7l\u00fc etkiyi yaratan unsur <strong>takdir ve g\u00fcven vurgusudur<\/strong>. \u201cYan\u0131mda oldu\u011fun i\u00e7in te\u015fekk\u00fcr ederim\u201d gibi ifadeler, ablan\u0131n hayattaki rol\u00fcn\u00fc g\u00f6r\u00fcn\u00fcr k\u0131lar ve ba\u011f\u0131 g\u00fc\u00e7lendirir.<\/p>\n\n\n\n<p>Di\u011fer \u0130\u00e7erik: <a href=\"https:\/\/backlinkdanismani.com\/icerik\/dogum-gunu-mesajlari\/\" data-type=\"post\" data-id=\"8064\">Do\u011fum G\u00fcn\u00fc Mesajlar\u0131<\/a><\/p>\n","protected":false},"excerpt":{"rendered":"<p>Ablaya do\u011fum g\u00fcn\u00fc mesaj\u0131, sadece bir kutlama de\u011fil; koruyuculuk, yol g\u00f6stericilik ve karde\u015flik ba\u011f\u0131n\u0131n kelimelere d\u00f6k\u00fclm\u00fc\u015f h\u00e2lidir. Abla, \u00e7o\u011fu zaman ikinci bir anne, bazen en yak\u0131n dosttur. Bu y\u00fczden yaz\u0131lan her mesaj hem sevgi hem sayg\u0131 ta\u015f\u0131r. Mikro Bilgi: Aile ili\u015fkileri \u00fczerine yap\u0131lan \u00e7al\u0131\u015fmalara g\u00f6re, karde\u015fler aras\u0131nda kullan\u0131lan destekleyici ve takdir edici dil, \u00f6m\u00fcr boyu<\/p>\n","protected":false},"author":3,"featured_media":8095,"comment_status":"open","ping_status":"open","sticky":false,"template":"","format":"standard","meta":{"footnotes":"","_wpscppro_dont_share_socialmedia":false,"_wpscppro_custom_social_share_image":0,"_facebook_share_type":"default","_twitter_share_type":"default","_linkedin_share_type":"default","_pinterest_share_type":"default","_linkedin_share_type_page":"","_instagram_share_type":"default","_medium_share_type":"default","_threads_share_type":"default","_google_business_share_type":"default","_selected_social_profile":[],"_wpsp_enable_custom_social_template":false,"_wpsp_social_scheduling":{"enabled":false,"datetime":null,"platforms":[],"status":"template_only","dateOption":"today","timeOption":"now","customDays":"","customHours":"","customDate":"","customTime":"","schedulingType":"absolute"},"_wpsp_active_default_template":true},"categories":[34],"tags":[],"class_list":{"0":"post-8094","1":"post","2":"type-post","3":"status-publish","4":"format-standard","5":"has-post-thumbnail","7":"category-iliskiler-yasam"},"_links":{"self":[{"href":"https:\/\/backlinkdanismani.com\/icerik\/wp-json\/wp\/v2\/posts\/8094","targetHints":{"allow":["GET"]}}],"collection":[{"href":"https:\/\/backlinkdanismani.com\/icerik\/wp-json\/wp\/v2\/posts"}],"about":[{"href":"https:\/\/backlinkdanismani.com\/icerik\/wp-json\/wp\/v2\/types\/post"}],"author":[{"embeddable":true,"href":"https:\/\/backlinkdanismani.com\/icerik\/wp-json\/wp\/v2\/users\/3"}],"replies":[{"embeddable":true,"href":"https:\/\/backlinkdanismani.com\/icerik\/wp-json\/wp\/v2\/comments?post=8094"}],"version-history":[{"count":1,"href":"https:\/\/backlinkdanismani.com\/icerik\/wp-json\/wp\/v2\/posts\/8094\/revisions"}],"predecessor-version":[{"id":8096,"href":"https:\/\/backlinkdanismani.com\/icerik\/wp-json\/wp\/v2\/posts\/8094\/revisions\/8096"}],"wp:featuredmedia":[{"embeddable":true,"href":"https:\/\/backlinkdanismani.com\/icerik\/wp-json\/wp\/v2\/media\/8095"}],"wp:attachment":[{"href":"https:\/\/backlinkdanismani.com\/icerik\/wp-json\/wp\/v2\/media?parent=8094"}],"wp:term":[{"taxonomy":"category","embeddable":true,"href":"https:\/\/backlinkdanismani.com\/icerik\/wp-json\/wp\/v2\/categories?post=8094"},{"taxonomy":"post_tag","embeddable":true,"href":"https:\/\/backlinkdanismani.com\/icerik\/wp-json\/wp\/v2\/tags?post=8094"}],"curies":[{"name":"wp","href":"https:\/\/api.w.org\/{rel}","templated":true}]}}