{"id":8087,"date":"2026-01-02T03:24:41","date_gmt":"2026-01-02T00:24:41","guid":{"rendered":"https:\/\/backlinkdanismani.com\/icerik\/?p=8087"},"modified":"2026-01-02T04:00:46","modified_gmt":"2026-01-02T01:00:46","slug":"kiz-kardese-dogum-gunu-mesaji","status":"publish","type":"post","link":"https:\/\/backlinkdanismani.com\/icerik\/kiz-kardese-dogum-gunu-mesaji\/","title":{"rendered":"K\u0131z Karde\u015fe Do\u011fum G\u00fcn\u00fc Mesaj\u0131 (K\u0131sa, Duygusal, Uzun)"},"content":{"rendered":"\n<p>K\u0131z karde\u015fe do\u011fum g\u00fcn\u00fc mesaj\u0131, yaln\u0131zca bir kutlama de\u011fil; <strong>ayn\u0131 evde b\u00fcy\u00fcmenin, s\u0131r payla\u015fman\u0131n ve ko\u015fulsuz ba\u011f\u0131n<\/strong> kelimelere d\u00f6k\u00fclm\u00fc\u015f h\u00e2lidir. K\u0131z karde\u015fe yaz\u0131lan mesajlar hem sevgi hem dostluk hem de aile s\u0131cakl\u0131\u011f\u0131 ta\u015f\u0131r.<\/p>\n\n\n\n<blockquote class=\"wp-block-quote is-layout-flow wp-block-quote-is-layout-flow\">\n<p>Mikro Bilgi: Aile i\u00e7i ileti\u015fim \u00fczerine yap\u0131lan ara\u015ft\u0131rmalar, karde\u015fler aras\u0131nda kullan\u0131lan olumlu ve destekleyici dilin, <strong>\u00f6m\u00fcr boyu s\u00fcren g\u00fcven ili\u015fkisini<\/strong> g\u00fc\u00e7lendirdi\u011fini g\u00f6sterir. Do\u011fum g\u00fcnleri bu ba\u011f\u0131 g\u00f6r\u00fcn\u00fcr k\u0131lmak i\u00e7in g\u00fc\u00e7l\u00fc bir f\u0131rsatt\u0131r.<\/p>\n<\/blockquote>\n\n\n\n<h2 class=\"wp-block-heading\">\ud83d\udc96 Abladan K\u0131z Karde\u015fe Do\u011fum G\u00fcn\u00fc S\u00f6zleri<\/h2>\n\n\n\n<p>Abladan k\u0131z karde\u015fe yaz\u0131lan s\u00f6zler, koruyuculuk, gurur ve derin bir ba\u011fl\u0131l\u0131k i\u00e7erir. Bu mesajlar \u201cyan\u0131nday\u0131m\u201d duygusunu a\u00e7\u0131k\u00e7a hissettirir.<\/p>\n\n\n\n<p><strong>Abladan K\u0131z Karde\u015fe Do\u011fum G\u00fcn\u00fc S\u00f6zleri<\/strong><\/p>\n\n\n\n<ul class=\"wp-block-list\">\n<li>Seni b\u00fcy\u00fcrken izlemek hayat\u0131m\u0131n en g\u00fczel par\u00e7as\u0131yd\u0131.<\/li>\n\n\n\n<li>Ne olursa olsun arkanday\u0131m.<\/li>\n\n\n\n<li>Sen benim hem karde\u015fim hem en yak\u0131n arkada\u015f\u0131ms\u0131n.<\/li>\n\n\n\n<li>G\u00fcl\u00fc\u015f\u00fcn hep yolumu ayd\u0131nlatt\u0131.<\/li>\n\n\n\n<li>Seninle gurur duyuyorum.<\/li>\n\n\n\n<li>Hayat sana hep nazik davrans\u0131n.<\/li>\n\n\n\n<li>Kalbin kadar g\u00fczel bir y\u0131l\u0131n olsun.<\/li>\n\n\n\n<li>\u0130yi ki benim k\u0131z karde\u015fimsin.<\/li>\n<\/ul>\n\n\n\n<h3 class=\"wp-block-heading\">Daha Fazla Mesaj \ud83c\udf38<\/h3>\n\n\n\n<figure class=\"wp-block-table\"><table class=\"has-fixed-layout\"><thead><tr><th>Mesaj T\u00fcr\u00fc<\/th><th>Mesaj<\/th><th>Verdi\u011fi His<\/th><\/tr><\/thead><tbody><tr><td>Abladan<\/td><td>Her zaman yan\u0131nday\u0131m.<\/td><td>G\u00fcven<\/td><\/tr><tr><td>Abladan<\/td><td>Sen benim gururumsun.<\/td><td>Gurur<\/td><\/tr><tr><td>Abladan<\/td><td>Seni \u00e7ok seviyorum.<\/td><td>Sevgi<\/td><\/tr><tr><td>Abladan<\/td><td>Hep birlikteyiz.<\/td><td>Aidiyet<\/td><\/tr><\/tbody><\/table><\/figure>\n\n\n\n<h2 class=\"wp-block-heading\">\ud83c\udf80 K\u00fc\u00e7\u00fck K\u0131z Karde\u015fe Do\u011fum G\u00fcn\u00fc Mesaj\u0131<\/h2>\n\n\n\n<p>K\u00fc\u00e7\u00fck k\u0131z karde\u015fe yaz\u0131lan mesajlar daha yumu\u015fak, ne\u015feli ve cesaret verici bir dil ta\u015f\u0131r. Bu mesajlar sevgiyle birlikte rehberlik de i\u00e7erir.<\/p>\n\n\n\n<p><strong>K\u00fc\u00e7\u00fck K\u0131z Karde\u015fe Do\u011fum G\u00fcn\u00fc Mesajlar\u0131<\/strong><\/p>\n\n\n\n<ul class=\"wp-block-list\">\n<li>G\u00fcl\u00fc\u015f\u00fcnle d\u00fcnyay\u0131 g\u00fczelle\u015ftiriyorsun.<\/li>\n\n\n\n<li>Hayallerinden hi\u00e7 vazge\u00e7me.<\/li>\n\n\n\n<li>Sen \u00e7ok \u00f6zel bir kalbe sahipsin.<\/li>\n\n\n\n<li>Her ya\u015f\u0131n sana ayr\u0131 bir g\u00fczellik kat\u0131yor.<\/li>\n\n\n\n<li>Hep mutlu ol k\u00fc\u00e7\u00fck kalbim.<\/li>\n\n\n\n<li>Seni izlemek bana umut veriyor.<\/li>\n\n\n\n<li>Yolun hep a\u00e7\u0131k olsun.<\/li>\n\n\n\n<li>Do\u011fum g\u00fcn\u00fcn kutlu olsun g\u00fczel k\u0131z.<\/li>\n<\/ul>\n\n\n\n<h3 class=\"wp-block-heading\">Daha Fazla Mesaj \ud83e\uddf8<\/h3>\n\n\n\n<figure class=\"wp-block-table\"><table class=\"has-fixed-layout\"><thead><tr><th>Mesaj T\u00fcr\u00fc<\/th><th>Mesaj<\/th><th>Verdi\u011fi His<\/th><\/tr><\/thead><tbody><tr><td>K\u00fc\u00e7\u00fck Karde\u015f<\/td><td>Hayallerin hep b\u00fcy\u00fck olsun.<\/td><td>Umut<\/td><\/tr><tr><td>K\u00fc\u00e7\u00fck Karde\u015f<\/td><td>G\u00fcl\u00fc\u015f\u00fcn\u00fc kaybetme.<\/td><td>Ne\u015fe<\/td><\/tr><tr><td>K\u00fc\u00e7\u00fck Karde\u015f<\/td><td>Sen \u00e7ok de\u011ferlisin.<\/td><td>\u00d6z de\u011fer<\/td><\/tr><tr><td>K\u00fc\u00e7\u00fck Karde\u015f<\/td><td>Yan\u0131nday\u0131m.<\/td><td>G\u00fcvence<\/td><\/tr><\/tbody><\/table><\/figure>\n\n\n\n<h2 class=\"wp-block-heading\">\ud83d\udc8c K\u0131z Karde\u015fe Do\u011fum G\u00fcn\u00fc Mesaj\u0131 Duygusal Uzun<\/h2>\n\n\n\n<p>Uzun ve duygusal mesajlar, karde\u015flik ba\u011f\u0131n\u0131n ge\u00e7mi\u015ften bug\u00fcne ta\u015f\u0131d\u0131\u011f\u0131 anlam\u0131 anlat\u0131r. \u00d6zellikle ayr\u0131 \u015fehirlerde ya\u015fayan karde\u015fler i\u00e7in etkilidir.<\/p>\n\n\n\n<p><strong>Duygusal Uzun Mesajlar<\/strong><\/p>\n\n\n\n<ul class=\"wp-block-list\">\n<li>Ayn\u0131 evde b\u00fcy\u00fcd\u00fck, ayn\u0131 an\u0131larda iz b\u0131rakt\u0131k. Sen benim hayat\u0131mdaki en ger\u00e7ek ba\u011flardan birisin.<\/li>\n\n\n\n<li>Ne kadar b\u00fcy\u00fcrsek b\u00fcy\u00fcyelim, sen hep benim k\u00fc\u00e7\u00fck k\u0131z karde\u015fim olacaks\u0131n.<\/li>\n\n\n\n<li>Zor zamanlar\u0131mda varl\u0131\u011f\u0131n bana g\u00fc\u00e7 verdi.<\/li>\n\n\n\n<li>Hayat seni nereye g\u00f6t\u00fcr\u00fcrse g\u00f6t\u00fcrs\u00fcn, bil ki bir kap\u0131n hep a\u00e7\u0131k.<\/li>\n\n\n\n<li>Senin mutlulu\u011fun benim mutlulu\u011fum.<\/li>\n\n\n\n<li>\u0130yi ki do\u011fdun, iyi ki hayat\u0131mdas\u0131n.<\/li>\n\n\n\n<li>Seninle ayn\u0131 ailede olmak b\u00fcy\u00fck bir \u015fans.<\/li>\n\n\n\n<li>Do\u011fum g\u00fcn\u00fcn kutlu olsun can\u0131m karde\u015fim.<\/li>\n<\/ul>\n\n\n\n<h3 class=\"wp-block-heading\">Daha Fazla Uzun Mesaj \ud83d\udc97<\/h3>\n\n\n\n<figure class=\"wp-block-table\"><table class=\"has-fixed-layout\"><thead><tr><th>Mesaj T\u00fcr\u00fc<\/th><th>Mesaj<\/th><th>Verdi\u011fi His<\/th><\/tr><\/thead><tbody><tr><td>Duygusal Uzun<\/td><td>Sen benim en ger\u00e7ek ba\u011f\u0131m.<\/td><td>Derinlik<\/td><\/tr><tr><td>Duygusal Uzun<\/td><td>Hayat\u0131mda yerin ayr\u0131.<\/td><td>De\u011fer<\/td><\/tr><tr><td>Duygusal Uzun<\/td><td>Seni her zaman korurum.<\/td><td>G\u00fcven<\/td><\/tr><tr><td>Duygusal Uzun<\/td><td>\u0130yi ki vars\u0131n.<\/td><td>\u015e\u00fck\u00fcr<\/td><\/tr><\/tbody><\/table><\/figure>\n\n\n\n<h2 class=\"wp-block-heading\">\u2728 K\u0131z Karde\u015fe Do\u011fum G\u00fcn\u00fc Mesaj\u0131 K\u0131sa<\/h2>\n\n\n\n<p>K\u0131sa mesajlar, h\u0131zl\u0131 ama i\u00e7ten bir kutlama yapmak isteyenler i\u00e7in idealdir.<\/p>\n\n\n\n<p><strong>K\u0131sa Mesajlar<\/strong><\/p>\n\n\n\n<ul class=\"wp-block-list\">\n<li>\u0130yi ki do\u011fdun can\u0131m karde\u015fim.<\/li>\n\n\n\n<li>Seni seviyorum.<\/li>\n\n\n\n<li>Nice mutlu y\u0131llara.<\/li>\n\n\n\n<li>Hep g\u00fcl.<\/li>\n\n\n\n<li>\u0130yi ki vars\u0131n.<\/li>\n\n\n\n<li>Kalbim seninle.<\/li>\n\n\n\n<li>Do\u011fum g\u00fcn\u00fcn kutlu olsun.<\/li>\n\n\n\n<li>Mutluluk seninle olsun.<\/li>\n<\/ul>\n\n\n\n<h3 class=\"wp-block-heading\">Daha Fazla K\u0131sa Mesaj \u2728<\/h3>\n\n\n\n<figure class=\"wp-block-table\"><table class=\"has-fixed-layout\"><thead><tr><th>Mesaj T\u00fcr\u00fc<\/th><th>Mesaj<\/th><th>Verdi\u011fi His<\/th><\/tr><\/thead><tbody><tr><td>K\u0131sa<\/td><td>\u0130yi ki vars\u0131n.<\/td><td>Yak\u0131nl\u0131k<\/td><\/tr><tr><td>K\u0131sa<\/td><td>Seni seviyorum.<\/td><td>Sevgi<\/td><\/tr><tr><td>K\u0131sa<\/td><td>Hep mutlu ol.<\/td><td>\u0130yi dilek<\/td><\/tr><tr><td>K\u0131sa<\/td><td>Nice y\u0131llara.<\/td><td>Ne\u015fe<\/td><\/tr><\/tbody><\/table><\/figure>\n\n\n\n<h2 class=\"wp-block-heading\">\ud83d\ude02 K\u0131z Karde\u015fe Do\u011fum G\u00fcn\u00fc Mesaj\u0131 Komik<\/h2>\n\n\n\n<p>Komik mesajlar, karde\u015fler aras\u0131ndaki samimi ve e\u011flenceli ba\u011f\u0131 yans\u0131t\u0131r. Dozunda mizah \u00f6nemlidir.<\/p>\n\n\n\n<p><strong>Komik Do\u011fum G\u00fcn\u00fc Mesajlar\u0131<\/strong><\/p>\n\n\n\n<ul class=\"wp-block-list\">\n<li>Bir ya\u015f daha b\u00fcy\u00fcd\u00fcn ama h\u00e2l\u00e2 bensin k\u00fc\u00e7\u00fck karde\u015fim.<\/li>\n\n\n\n<li>Pasta var diye do\u011fum g\u00fcnlerini seviyorum.<\/li>\n\n\n\n<li>Ya\u015f\u0131n b\u00fcy\u00fcyor ama huylar\u0131n sabit.<\/li>\n\n\n\n<li>Bug\u00fcn sana k\u0131zmak yasakm\u0131\u015f, \u00f6yle diyorlar.<\/li>\n\n\n\n<li>En sevdi\u011fim karde\u015fim\u2026 Zaten tek sensin.<\/li>\n\n\n\n<li>Ya\u015f\u0131n\u0131 s\u00f6ylemeyece\u011fim, merak etme.<\/li>\n\n\n\n<li>Do\u011fum g\u00fcn\u00fcn var diye sana katlan\u0131yorum.<\/li>\n\n\n\n<li>\u0130yi ki do\u011fdun, e\u011flencem.<\/li>\n<\/ul>\n\n\n\n<h3 class=\"wp-block-heading\">Daha Fazla Komik Mesaj \ud83c\udf89<\/h3>\n\n\n\n<figure class=\"wp-block-table\"><table class=\"has-fixed-layout\"><thead><tr><th>Mesaj T\u00fcr\u00fc<\/th><th>Mesaj<\/th><th>Verdi\u011fi His<\/th><\/tr><\/thead><tbody><tr><td>Komik<\/td><td>Pasta i\u00e7in buraday\u0131m.<\/td><td>E\u011flence<\/td><\/tr><tr><td>Komik<\/td><td>Ya\u015f \u00f6nemli de\u011fil.<\/td><td>Hafiflik<\/td><\/tr><tr><td>Komik<\/td><td>Bug\u00fcnl\u00fck iyiyim.<\/td><td>Mizah<\/td><\/tr><tr><td>Komik<\/td><td>Karde\u015fim olmasan da severdim.<\/td><td>Samimiyet<\/td><\/tr><\/tbody><\/table><\/figure>\n\n\n\n<h2 class=\"wp-block-heading\">\ud83c\udf82 K\u0131z Karde\u015fe Do\u011fum G\u00fcn\u00fc Mesaj\u0131 Pasta \u00dcst\u00fc Yaz\u0131lar\u0131<\/h2>\n\n\n\n<p>Pasta \u00fcst\u00fc yaz\u0131lar\u0131 k\u0131sa, net ve sevimli olmal\u0131d\u0131r. Okunabilirlik \u00f6nceliklidir.<\/p>\n\n\n\n<p><strong>Pasta \u00dcst\u00fc Yaz\u0131 \u00d6rnekleri<\/strong><\/p>\n\n\n\n<ul class=\"wp-block-list\">\n<li>\u0130yi ki do\u011fdun can\u0131m karde\u015fim<\/li>\n\n\n\n<li>Nice mutlu y\u0131llara<\/li>\n\n\n\n<li>Do\u011fum g\u00fcn\u00fcn kutlu olsun<\/li>\n\n\n\n<li>Seni seviyoruz<\/li>\n\n\n\n<li>\u0130yi ki vars\u0131n<\/li>\n\n\n\n<li>Mutluluklar seninle olsun<\/li>\n\n\n\n<li>Hep g\u00fcl<\/li>\n\n\n\n<li>Nice ya\u015flara<\/li>\n<\/ul>\n\n\n\n<h3 class=\"wp-block-heading\">Daha Fazla Pasta Yaz\u0131s\u0131 \ud83c\udf70<\/h3>\n\n\n\n<figure class=\"wp-block-table\"><table class=\"has-fixed-layout\"><thead><tr><th>Yaz\u0131<\/th><th>Kullan\u0131m<\/th><th>Verdi\u011fi His<\/th><\/tr><\/thead><tbody><tr><td>\u0130yi ki do\u011fdun<\/td><td>Pasta<\/td><td>Sevgi<\/td><\/tr><tr><td>Nice y\u0131llara<\/td><td>Pasta<\/td><td>Kutlama<\/td><\/tr><tr><td>Seni seviyoruz<\/td><td>Pasta<\/td><td>Aidiyet<\/td><\/tr><tr><td>Hep g\u00fcl<\/td><td>Pasta<\/td><td>Ne\u015fe<\/td><\/tr><\/tbody><\/table><\/figure>\n\n\n\n<h2 class=\"wp-block-heading\">En S\u0131k Yap\u0131lan Hatalar<\/h2>\n\n\n\n<ul class=\"wp-block-list\">\n<li>Mesaj\u0131 a\u015f\u0131r\u0131 resmi tutmak<\/li>\n\n\n\n<li>Karde\u015flik ba\u011f\u0131na uymayan kli\u015fe s\u00f6zler kullanmak<\/li>\n\n\n\n<li>Komik mesajlarda k\u0131r\u0131c\u0131 olmak<\/li>\n\n\n\n<li>Ya\u015fa uygun olmayan ifadeler se\u00e7mek<\/li>\n\n\n\n<li>Uzun ama duygusuz metinler yazmak<\/li>\n<\/ul>\n\n\n\n<h2 class=\"wp-block-heading\">Uzman \u00d6nerisi<\/h2>\n\n\n\n<p>Uzmanlara g\u00f6re karde\u015fler aras\u0131nda yaz\u0131lan mesajlarda en g\u00fc\u00e7l\u00fc etkiyi yaratan unsur <strong>samimiyet ve ortak ge\u00e7mi\u015f vurgusudur<\/strong>. \u201cBirlikte b\u00fcy\u00fcd\u00fck\u201d, \u201cayn\u0131 evin hat\u0131ralar\u0131\u201d gibi ifadeler, mesaj\u0131 s\u0131radanl\u0131ktan \u00e7\u0131kar\u0131r ve karde\u015flik ba\u011f\u0131n\u0131 peki\u015ftirir.<\/p>\n\n\n\n<p><strong>Di\u011fer \u0130\u00e7erik: <a href=\"https:\/\/backlinkdanismani.com\/icerik\/kizima-dogum-gunu-mesajlari\/\" data-type=\"post\" data-id=\"8084\">Do\u011fum G\u00fcn\u00fc Mesajlar\u0131<\/a><\/strong><\/p>\n","protected":false},"excerpt":{"rendered":"<p>K\u0131z karde\u015fe do\u011fum g\u00fcn\u00fc mesaj\u0131, yaln\u0131zca bir kutlama de\u011fil; ayn\u0131 evde b\u00fcy\u00fcmenin, s\u0131r payla\u015fman\u0131n ve ko\u015fulsuz ba\u011f\u0131n kelimelere d\u00f6k\u00fclm\u00fc\u015f h\u00e2lidir. K\u0131z karde\u015fe yaz\u0131lan mesajlar hem sevgi hem dostluk hem de aile s\u0131cakl\u0131\u011f\u0131 ta\u015f\u0131r. Mikro Bilgi: Aile i\u00e7i ileti\u015fim \u00fczerine yap\u0131lan ara\u015ft\u0131rmalar, karde\u015fler aras\u0131nda kullan\u0131lan olumlu ve destekleyici dilin, \u00f6m\u00fcr boyu s\u00fcren g\u00fcven ili\u015fkisini g\u00fc\u00e7lendirdi\u011fini g\u00f6sterir.<\/p>\n","protected":false},"author":3,"featured_media":8088,"comment_status":"open","ping_status":"open","sticky":false,"template":"","format":"standard","meta":{"footnotes":"","_wpscppro_dont_share_socialmedia":false,"_wpscppro_custom_social_share_image":0,"_facebook_share_type":"default","_twitter_share_type":"default","_linkedin_share_type":"default","_pinterest_share_type":"default","_linkedin_share_type_page":"","_instagram_share_type":"default","_medium_share_type":"default","_threads_share_type":"default","_google_business_share_type":"default","_selected_social_profile":[],"_wpsp_enable_custom_social_template":false,"_wpsp_social_scheduling":{"enabled":false,"datetime":null,"platforms":[],"status":"template_only","dateOption":"today","timeOption":"now","customDays":"","customHours":"","customDate":"","customTime":"","schedulingType":"absolute"},"_wpsp_active_default_template":true},"categories":[34],"tags":[],"class_list":{"0":"post-8087","1":"post","2":"type-post","3":"status-publish","4":"format-standard","5":"has-post-thumbnail","7":"category-iliskiler-yasam"},"_links":{"self":[{"href":"https:\/\/backlinkdanismani.com\/icerik\/wp-json\/wp\/v2\/posts\/8087","targetHints":{"allow":["GET"]}}],"collection":[{"href":"https:\/\/backlinkdanismani.com\/icerik\/wp-json\/wp\/v2\/posts"}],"about":[{"href":"https:\/\/backlinkdanismani.com\/icerik\/wp-json\/wp\/v2\/types\/post"}],"author":[{"embeddable":true,"href":"https:\/\/backlinkdanismani.com\/icerik\/wp-json\/wp\/v2\/users\/3"}],"replies":[{"embeddable":true,"href":"https:\/\/backlinkdanismani.com\/icerik\/wp-json\/wp\/v2\/comments?post=8087"}],"version-history":[{"count":2,"href":"https:\/\/backlinkdanismani.com\/icerik\/wp-json\/wp\/v2\/posts\/8087\/revisions"}],"predecessor-version":[{"id":8090,"href":"https:\/\/backlinkdanismani.com\/icerik\/wp-json\/wp\/v2\/posts\/8087\/revisions\/8090"}],"wp:featuredmedia":[{"embeddable":true,"href":"https:\/\/backlinkdanismani.com\/icerik\/wp-json\/wp\/v2\/media\/8088"}],"wp:attachment":[{"href":"https:\/\/backlinkdanismani.com\/icerik\/wp-json\/wp\/v2\/media?parent=8087"}],"wp:term":[{"taxonomy":"category","embeddable":true,"href":"https:\/\/backlinkdanismani.com\/icerik\/wp-json\/wp\/v2\/categories?post=8087"},{"taxonomy":"post_tag","embeddable":true,"href":"https:\/\/backlinkdanismani.com\/icerik\/wp-json\/wp\/v2\/tags?post=8087"}],"curies":[{"name":"wp","href":"https:\/\/api.w.org\/{rel}","templated":true}]}}