{"id":8084,"date":"2026-01-02T03:20:00","date_gmt":"2026-01-02T00:20:00","guid":{"rendered":"https:\/\/backlinkdanismani.com\/icerik\/?p=8084"},"modified":"2026-01-02T03:20:03","modified_gmt":"2026-01-02T00:20:03","slug":"kizima-dogum-gunu-mesajlari","status":"publish","type":"post","link":"https:\/\/backlinkdanismani.com\/icerik\/kizima-dogum-gunu-mesajlari\/","title":{"rendered":"K\u0131z\u0131ma Do\u011fum G\u00fcn\u00fc Mesajlar\u0131 (Uzun, K\u0131sa)"},"content":{"rendered":"\n<p>K\u0131z\u0131ma do\u011fum g\u00fcn\u00fc mesajlar\u0131, bir evlad\u0131n b\u00fcy\u00fcy\u00fc\u015f\u00fcne tan\u0131kl\u0131k eden kalbin kelimelere d\u00f6k\u00fclm\u00fc\u015f h\u00e2lidir. Bu mesajlar yaln\u0131zca sevgi de\u011fil; <strong>koruma, gurur, dua ve gelecek temennisi<\/strong> de ta\u015f\u0131r. Bir anne ya da baba i\u00e7in k\u0131z\u0131na yaz\u0131lan her c\u00fcmle, \u00f6m\u00fcrl\u00fck bir izdir.<\/p>\n\n\n\n<blockquote class=\"wp-block-quote is-layout-flow wp-block-quote-is-layout-flow\">\n<p>Mikro Bilgi: Aile ileti\u015fimi \u00fczerine yap\u0131lan \u00e7al\u0131\u015fmalara g\u00f6re ebeveynlerden gelen yaz\u0131l\u0131 duygusal mesajlar, \u00e7ocuklarda <strong>\u00f6z de\u011fer ve g\u00fcven duygusunu<\/strong> g\u00fc\u00e7lendirir. \u00d6zellikle do\u011fum g\u00fcnleri, bu ba\u011f\u0131n g\u00f6r\u00fcn\u00fcr h\u00e2le gelmesi i\u00e7in g\u00fc\u00e7l\u00fc bir f\u0131rsatt\u0131r.<\/p>\n<\/blockquote>\n\n\n\n<h2 class=\"wp-block-heading\">\ud83c\udf80 Anneden K\u0131z\u0131na Duygusal Do\u011fum G\u00fcn\u00fc Mesaj\u0131<\/h2>\n\n\n\n<p>Anneden k\u0131z\u0131na yaz\u0131lan duygusal do\u011fum g\u00fcn\u00fc mesajlar\u0131, sevginin en saf h\u00e2lidir. Bu mesajlar \u015fefkat, koruma ve ko\u015fulsuz ba\u011fl\u0131l\u0131k i\u00e7erir.<\/p>\n\n\n\n<p><strong>Anneden K\u0131z\u0131na Duygusal Do\u011fum G\u00fcn\u00fc Mesajlar\u0131<\/strong><\/p>\n\n\n\n<ul class=\"wp-block-list\">\n<li>Seni kuca\u011f\u0131ma ald\u0131\u011f\u0131m g\u00fcn, hayat\u0131m\u0131n en g\u00fczel g\u00fcn\u00fcyd\u00fc.<\/li>\n\n\n\n<li>Kalbim, att\u0131\u011f\u0131 her an seninle.<\/li>\n\n\n\n<li>Sen b\u00fcy\u00fcrken ben de seninle \u00f6\u011frendim.<\/li>\n\n\n\n<li>G\u00fcl\u00fc\u015f\u00fcn bana her zaman umut oldu.<\/li>\n\n\n\n<li>Sen benim en g\u00fczel mucizemsin.<\/li>\n\n\n\n<li>Hayat sana hep nazik davrans\u0131n k\u0131z\u0131m.<\/li>\n\n\n\n<li>Kalbin hep temiz kals\u0131n.<\/li>\n\n\n\n<li>Seni sevmek benim en b\u00fcy\u00fck g\u00fcc\u00fcm.<\/li>\n<\/ul>\n\n\n\n<h3 class=\"wp-block-heading\">Daha Fazla Mesaj \ud83c\udf38<\/h3>\n\n\n\n<figure class=\"wp-block-table\"><table class=\"has-fixed-layout\"><thead><tr><th>Mesaj T\u00fcr\u00fc<\/th><th>Mesaj<\/th><th>Verdi\u011fi His<\/th><\/tr><\/thead><tbody><tr><td>Anneden<\/td><td>Sen benim kalbimsin.<\/td><td>Ko\u015fulsuz sevgi<\/td><\/tr><tr><td>Anneden<\/td><td>Seninle gurur duyuyorum.<\/td><td>Gurur<\/td><\/tr><tr><td>Anneden<\/td><td>Hep yan\u0131nda olaca\u011f\u0131m.<\/td><td>G\u00fcven<\/td><\/tr><tr><td>Anneden<\/td><td>\u0130yi ki benim k\u0131z\u0131ms\u0131n.<\/td><td>Aidiyet<\/td><\/tr><\/tbody><\/table><\/figure>\n\n\n\n<h2 class=\"wp-block-heading\">\ud83d\udc68\u200d\ud83d\udc67 Babadan K\u0131z\u0131na Duygusal Do\u011fum G\u00fcn\u00fc Mesaj\u0131<\/h2>\n\n\n\n<p>Babadan k\u0131z\u0131na yaz\u0131lan mesajlar, g\u00fcven ve koruyuculu\u011fun ifadesidir. K\u0131z \u00e7ocuklar\u0131 i\u00e7in babadan gelen s\u00f6zler g\u00fc\u00e7l\u00fc bir dayanak hissi olu\u015fturur.<\/p>\n\n\n\n<p><strong>Babadan K\u0131z\u0131na Duygusal Do\u011fum G\u00fcn\u00fc Mesajlar\u0131<\/strong><\/p>\n\n\n\n<ul class=\"wp-block-list\">\n<li>G\u00f6zlerin d\u00fcnyaya geldi\u011finde, kalbim de\u011fi\u015fti.<\/li>\n\n\n\n<li>Seni her zaman koruyaca\u011f\u0131m.<\/li>\n\n\n\n<li>G\u00fc\u00e7l\u00fc olmay\u0131 senden \u00f6\u011frendim.<\/li>\n\n\n\n<li>Hayat yolunda arkanday\u0131m k\u0131z\u0131m.<\/li>\n\n\n\n<li>Sen benim en k\u0131ymetli hazinemsin.<\/li>\n\n\n\n<li>G\u00fcl\u00fc\u015f\u00fcn bana cesaret veriyor.<\/li>\n\n\n\n<li>Sen olduk\u00e7a ben hep g\u00fc\u00e7l\u00fcy\u00fcm.<\/li>\n\n\n\n<li>Do\u011fum g\u00fcn\u00fcn kutlu olsun g\u00fczel k\u0131z\u0131m.<\/li>\n<\/ul>\n\n\n\n<h3 class=\"wp-block-heading\">Daha Fazla Mesaj \ud83d\udee1\ufe0f<\/h3>\n\n\n\n<figure class=\"wp-block-table\"><table class=\"has-fixed-layout\"><thead><tr><th>Mesaj T\u00fcr\u00fc<\/th><th>Mesaj<\/th><th>Verdi\u011fi His<\/th><\/tr><\/thead><tbody><tr><td>Babadan<\/td><td>Her zaman yan\u0131nday\u0131m.<\/td><td>G\u00fcven<\/td><\/tr><tr><td>Babadan<\/td><td>Sen benim gururumsun.<\/td><td>Gurur<\/td><\/tr><tr><td>Babadan<\/td><td>Seni korumak g\u00f6revim.<\/td><td>G\u00fcvence<\/td><\/tr><tr><td>Babadan<\/td><td>G\u00fc\u00e7l\u00fc bir kalbin var.<\/td><td>Destek<\/td><\/tr><\/tbody><\/table><\/figure>\n\n\n\n<h2 class=\"wp-block-heading\">\ud83d\udc8c Anneden K\u0131z\u0131na Duygusal Do\u011fum G\u00fcn\u00fc Mesaj\u0131 Uzun<\/h2>\n\n\n\n<p>Uzun mesajlar, anne\u2013k\u0131z aras\u0131ndaki ba\u011f\u0131n ge\u00e7mi\u015ften gelece\u011fe uzanan hik\u00e2yesini anlat\u0131r.<\/p>\n\n\n\n<p><strong>Uzun Duygusal Mesajlar<\/strong><\/p>\n\n\n\n<ul class=\"wp-block-list\">\n<li>Seni ilk kez kuca\u011f\u0131ma ald\u0131\u011f\u0131m an\u0131 hi\u00e7 unutmad\u0131m. O g\u00fcnden beri hayat\u0131m seninle anlam kazand\u0131.<\/li>\n\n\n\n<li>Her ya\u015f\u0131nda seninle gurur duydum, her ad\u0131m\u0131nda seni hayranl\u0131kla izledim.<\/li>\n\n\n\n<li>Sen benim hem en b\u00fcy\u00fck sevgim hem en b\u00fcy\u00fck \u00f6\u011fretmenimsin.<\/li>\n\n\n\n<li>Hayat yolunda d\u00fc\u015fersen elini tutacak ilk ki\u015fi ben olaca\u011f\u0131m.<\/li>\n\n\n\n<li>Kalbin hep \u0131\u015f\u0131kla dolsun k\u0131z\u0131m.<\/li>\n\n\n\n<li>Senin varl\u0131\u011f\u0131n bana her g\u00fcn \u015f\u00fckretmeyi \u00f6\u011fretti.<\/li>\n\n\n\n<li>\u0130yi ki do\u011fdun, iyi ki benim k\u0131z\u0131ms\u0131n.<\/li>\n\n\n\n<li>Seni sevmek \u00f6m\u00fcrl\u00fck bir dua.<\/li>\n<\/ul>\n\n\n\n<h3 class=\"wp-block-heading\">Daha Fazla Uzun Mesaj \ud83c\udf37<\/h3>\n\n\n\n<figure class=\"wp-block-table\"><table class=\"has-fixed-layout\"><thead><tr><th>Mesaj T\u00fcr\u00fc<\/th><th>Mesaj<\/th><th>Verdi\u011fi His<\/th><\/tr><\/thead><tbody><tr><td>Uzun<\/td><td>Sen benim hayat yolumsun.<\/td><td>Derin ba\u011f<\/td><\/tr><tr><td>Uzun<\/td><td>Seninle b\u00fcy\u00fcd\u00fcm.<\/td><td>Yak\u0131nl\u0131k<\/td><\/tr><tr><td>Uzun<\/td><td>Seni her ko\u015fulda severim.<\/td><td>Ko\u015fulsuzluk<\/td><\/tr><tr><td>Uzun<\/td><td>Kalbim seninle.<\/td><td>\u015eefkat<\/td><\/tr><\/tbody><\/table><\/figure>\n\n\n\n<h2 class=\"wp-block-heading\">\ud83c\udf3a Gelin K\u0131z\u0131ma Do\u011fum G\u00fcn\u00fc Mesajlar\u0131<\/h2>\n\n\n\n<p>Gelin k\u0131z\u0131ma do\u011fum g\u00fcn\u00fc mesajlar\u0131, kabul, sevgi ve aile ba\u011f\u0131n\u0131 g\u00fc\u00e7lendiren ifadelerdir.<\/p>\n\n\n\n<p><strong>Gelin K\u0131z\u0131ma Do\u011fum G\u00fcn\u00fc Mesajlar\u0131<\/strong><\/p>\n\n\n\n<ul class=\"wp-block-list\">\n<li>Ailemize katt\u0131\u011f\u0131n g\u00fczellik i\u00e7in te\u015fekk\u00fcr ederim.<\/li>\n\n\n\n<li>Seni k\u0131z\u0131m bildim, kalbime ald\u0131m.<\/li>\n\n\n\n<li>\u0130yi ki ailemizin bir par\u00e7as\u0131s\u0131n.<\/li>\n\n\n\n<li>Sevgin ve eme\u011fin \u00e7ok k\u0131ymetli.<\/li>\n\n\n\n<li>Seninle gurur duyuyoruz.<\/li>\n\n\n\n<li>Hayat sana hep g\u00fcl\u00fcmsesin.<\/li>\n\n\n\n<li>Evimize ne\u015fe getirdin.<\/li>\n\n\n\n<li>Do\u011fum g\u00fcn\u00fcn kutlu olsun k\u0131z\u0131m.<\/li>\n<\/ul>\n\n\n\n<h3 class=\"wp-block-heading\">Daha Fazla Mesaj \ud83c\udf3c<\/h3>\n\n\n\n<figure class=\"wp-block-table\"><table class=\"has-fixed-layout\"><thead><tr><th>Mesaj T\u00fcr\u00fc<\/th><th>Mesaj<\/th><th>Verdi\u011fi His<\/th><\/tr><\/thead><tbody><tr><td>Gelin<\/td><td>Seni seviyoruz.<\/td><td>Kabul<\/td><\/tr><tr><td>Gelin<\/td><td>Ailemize ho\u015f geldin.<\/td><td>Aidiyet<\/td><\/tr><tr><td>Gelin<\/td><td>\u00c7ok k\u0131ymetlisin.<\/td><td>De\u011fer<\/td><\/tr><tr><td>Gelin<\/td><td>\u0130yi ki vars\u0131n.<\/td><td>Samimiyet<\/td><\/tr><\/tbody><\/table><\/figure>\n\n\n\n<h2 class=\"wp-block-heading\">\u2728 K\u0131z\u0131ma Do\u011fum G\u00fcn\u00fc S\u00f6zleri K\u0131sa<\/h2>\n\n\n\n<p>K\u0131sa do\u011fum g\u00fcn\u00fc s\u00f6zleri, az kelimeyle g\u00fc\u00e7l\u00fc sevgi sunar. Notlarda ve kartlarda s\u0131k\u00e7a tercih edilir.<\/p>\n\n\n\n<p><strong>K\u0131sa Do\u011fum G\u00fcn\u00fc S\u00f6zleri<\/strong><\/p>\n\n\n\n<ul class=\"wp-block-list\">\n<li>\u0130yi ki do\u011fdun k\u0131z\u0131m.<\/li>\n\n\n\n<li>Kalbim seninle.<\/li>\n\n\n\n<li>Seni \u00e7ok seviyorum.<\/li>\n\n\n\n<li>G\u00fcl\u00fc\u015f\u00fcn hep s\u00fcrs\u00fcn.<\/li>\n\n\n\n<li>Benim mucizemsin.<\/li>\n\n\n\n<li>Hayat sana g\u00fczel olsun.<\/li>\n\n\n\n<li>Gururumsun.<\/li>\n\n\n\n<li>\u0130yi ki vars\u0131n.<\/li>\n<\/ul>\n\n\n\n<h3 class=\"wp-block-heading\">Daha Fazla K\u0131sa S\u00f6z \u2728<\/h3>\n\n\n\n<figure class=\"wp-block-table\"><table class=\"has-fixed-layout\"><thead><tr><th>S\u00f6z T\u00fcr\u00fc<\/th><th>S\u00f6z<\/th><th>Verdi\u011fi His<\/th><\/tr><\/thead><tbody><tr><td>K\u0131sa<\/td><td>\u0130yi ki vars\u0131n.<\/td><td>Sevgi<\/td><\/tr><tr><td>K\u0131sa<\/td><td>Gururumsun.<\/td><td>Gurur<\/td><\/tr><tr><td>K\u0131sa<\/td><td>Kalbim seninle.<\/td><td>Yak\u0131nl\u0131k<\/td><\/tr><tr><td>K\u0131sa<\/td><td>Hep g\u00fcl.<\/td><td>Umut<\/td><\/tr><\/tbody><\/table><\/figure>\n\n\n\n<h2 class=\"wp-block-heading\">\ud83d\udcdd K\u0131z\u0131ma Do\u011fum G\u00fcn\u00fc Notu<\/h2>\n\n\n\n<p>Do\u011fum g\u00fcn\u00fc notlar\u0131, hediyelere eklenen k\u00fc\u00e7\u00fck ama anlaml\u0131 hat\u0131ralard\u0131r. Samimi ve sade olmal\u0131d\u0131r.<\/p>\n\n\n\n<p><strong>Do\u011fum G\u00fcn\u00fc Notu \u00d6rnekleri<\/strong><\/p>\n\n\n\n<ul class=\"wp-block-list\">\n<li>Bu hediye kadar g\u00fczel bir kalbin var.<\/li>\n\n\n\n<li>Seni sevmek en b\u00fcy\u00fck mutlulu\u011fum.<\/li>\n\n\n\n<li>Hayat\u0131n hep \u0131\u015f\u0131kla dolsun.<\/li>\n\n\n\n<li>Yan\u0131nda olamasam da kalbim seninle.<\/li>\n\n\n\n<li>Her zaman seninleyim.<\/li>\n\n\n\n<li>Bu not bir \u00f6m\u00fcrl\u00fck sevgi ta\u015f\u0131yor.<\/li>\n\n\n\n<li>G\u00fcl\u00fc\u015f\u00fcn\u00fc hi\u00e7 kaybetme.<\/li>\n\n\n\n<li>Seni \u00e7ok seviyorum k\u0131z\u0131m.<\/li>\n<\/ul>\n\n\n\n<h3 class=\"wp-block-heading\">Daha Fazla Not \u270d\ufe0f<\/h3>\n\n\n\n<figure class=\"wp-block-table\"><table class=\"has-fixed-layout\"><thead><tr><th>Not<\/th><th>Kullan\u0131m<\/th><th>Verdi\u011fi His<\/th><\/tr><\/thead><tbody><tr><td>Seni seviyorum.<\/td><td>Kart<\/td><td>Samimiyet<\/td><\/tr><tr><td>Gurur duyuyorum.<\/td><td>Hediye<\/td><td>Takdir<\/td><\/tr><tr><td>Yan\u0131nday\u0131m.<\/td><td>Not<\/td><td>G\u00fcven<\/td><\/tr><tr><td>Hep g\u00fcl.<\/td><td>K\u0131sa not<\/td><td>Umut<\/td><\/tr><\/tbody><\/table><\/figure>\n\n\n\n<h2 class=\"wp-block-heading\">En S\u0131k Yap\u0131lan Hatalar<\/h2>\n\n\n\n<ul class=\"wp-block-list\">\n<li>Mesaj\u0131 fazla genel tutmak<\/li>\n\n\n\n<li>K\u0131z\u0131n ya\u015f\u0131na ve karakterine uymayan ifadeler kullanmak<\/li>\n\n\n\n<li>Kopya ve kli\u015fe s\u00f6zler se\u00e7mek<\/li>\n\n\n\n<li>A\u015f\u0131r\u0131 uzun ama duygusuz metinler yazmak<\/li>\n\n\n\n<li>Kendi duygusunu merkeze al\u0131p \u00e7ocu\u011fu geri plana itmek<\/li>\n<\/ul>\n\n\n\n<h2 class=\"wp-block-heading\">Uzman \u00d6nerisi<\/h2>\n\n\n\n<p>Uzmanlara g\u00f6re ebeveynlerin \u00e7ocuklar\u0131na yazd\u0131\u011f\u0131 mesajlarda en g\u00fc\u00e7l\u00fc etkiyi yaratan unsur <strong>samimi takdir ve ko\u015fulsuz sevgi vurgusudur<\/strong>. \u201cSeninle gurur duyuyorum\u201d gibi net ifadeler, \u00e7ocuklar\u0131n kendilerini de\u011ferli ve g\u00fcvende hissetmelerini sa\u011flar. Bu nedenle mesajlarda beklenti de\u011fil, kabul \u00f6n planda olmal\u0131d\u0131r.<\/p>\n\n\n\n<p><em><strong>Di\u011fer \u0130\u00e7erik: <a href=\"https:\/\/backlinkdanismani.com\/icerik\/dogum-gunu-mesajlari\/\" data-type=\"post\" data-id=\"8064\">Do\u011fum G\u00fcn\u00fc Mesajlar\u0131<\/a><\/strong><\/em><\/p>\n","protected":false},"excerpt":{"rendered":"<p>K\u0131z\u0131ma do\u011fum g\u00fcn\u00fc mesajlar\u0131, bir evlad\u0131n b\u00fcy\u00fcy\u00fc\u015f\u00fcne tan\u0131kl\u0131k eden kalbin kelimelere d\u00f6k\u00fclm\u00fc\u015f h\u00e2lidir. Bu mesajlar yaln\u0131zca sevgi de\u011fil; koruma, gurur, dua ve gelecek temennisi de ta\u015f\u0131r. Bir anne ya da baba i\u00e7in k\u0131z\u0131na yaz\u0131lan her c\u00fcmle, \u00f6m\u00fcrl\u00fck bir izdir. Mikro Bilgi: Aile ileti\u015fimi \u00fczerine yap\u0131lan \u00e7al\u0131\u015fmalara g\u00f6re ebeveynlerden gelen yaz\u0131l\u0131 duygusal mesajlar, \u00e7ocuklarda \u00f6z de\u011fer<\/p>\n","protected":false},"author":3,"featured_media":8085,"comment_status":"open","ping_status":"open","sticky":false,"template":"","format":"standard","meta":{"footnotes":"","_wpscppro_dont_share_socialmedia":false,"_wpscppro_custom_social_share_image":0,"_facebook_share_type":"default","_twitter_share_type":"default","_linkedin_share_type":"default","_pinterest_share_type":"default","_linkedin_share_type_page":"","_instagram_share_type":"default","_medium_share_type":"default","_threads_share_type":"default","_google_business_share_type":"default","_selected_social_profile":[],"_wpsp_enable_custom_social_template":false,"_wpsp_social_scheduling":{"enabled":false,"datetime":null,"platforms":[],"status":"template_only","dateOption":"today","timeOption":"now","customDays":"","customHours":"","customDate":"","customTime":"","schedulingType":"absolute"},"_wpsp_active_default_template":true},"categories":[34],"tags":[],"class_list":{"0":"post-8084","1":"post","2":"type-post","3":"status-publish","4":"format-standard","5":"has-post-thumbnail","7":"category-iliskiler-yasam"},"_links":{"self":[{"href":"https:\/\/backlinkdanismani.com\/icerik\/wp-json\/wp\/v2\/posts\/8084","targetHints":{"allow":["GET"]}}],"collection":[{"href":"https:\/\/backlinkdanismani.com\/icerik\/wp-json\/wp\/v2\/posts"}],"about":[{"href":"https:\/\/backlinkdanismani.com\/icerik\/wp-json\/wp\/v2\/types\/post"}],"author":[{"embeddable":true,"href":"https:\/\/backlinkdanismani.com\/icerik\/wp-json\/wp\/v2\/users\/3"}],"replies":[{"embeddable":true,"href":"https:\/\/backlinkdanismani.com\/icerik\/wp-json\/wp\/v2\/comments?post=8084"}],"version-history":[{"count":1,"href":"https:\/\/backlinkdanismani.com\/icerik\/wp-json\/wp\/v2\/posts\/8084\/revisions"}],"predecessor-version":[{"id":8086,"href":"https:\/\/backlinkdanismani.com\/icerik\/wp-json\/wp\/v2\/posts\/8084\/revisions\/8086"}],"wp:featuredmedia":[{"embeddable":true,"href":"https:\/\/backlinkdanismani.com\/icerik\/wp-json\/wp\/v2\/media\/8085"}],"wp:attachment":[{"href":"https:\/\/backlinkdanismani.com\/icerik\/wp-json\/wp\/v2\/media?parent=8084"}],"wp:term":[{"taxonomy":"category","embeddable":true,"href":"https:\/\/backlinkdanismani.com\/icerik\/wp-json\/wp\/v2\/categories?post=8084"},{"taxonomy":"post_tag","embeddable":true,"href":"https:\/\/backlinkdanismani.com\/icerik\/wp-json\/wp\/v2\/tags?post=8084"}],"curies":[{"name":"wp","href":"https:\/\/api.w.org\/{rel}","templated":true}]}}