{"id":8070,"date":"2026-01-01T16:57:12","date_gmt":"2026-01-01T13:57:12","guid":{"rendered":"https:\/\/backlinkdanismani.com\/icerik\/?p=8070"},"modified":"2026-01-01T16:57:17","modified_gmt":"2026-01-01T13:57:17","slug":"yalnizlik-sozleri-duygusal-kaliteli-kisa","status":"publish","type":"post","link":"https:\/\/backlinkdanismani.com\/icerik\/yalnizlik-sozleri-duygusal-kaliteli-kisa\/","title":{"rendered":"Yaln\u0131zl\u0131k S\u00f6zleri (Duygusal, Kaliteli, K\u0131sa)"},"content":{"rendered":"\n<p>Yaln\u0131zl\u0131k s\u00f6zleri, insan\u0131n kendi i\u00e7ine \u00e7ekildi\u011fi, sessizlikle y\u00fczle\u015fti\u011fi anlar\u0131n ifadesidir. Bu s\u00f6zler her zaman mutsuzluk anlatmaz; bazen g\u00fc\u00e7lenmeyi, bazen kabulleni\u015fi, bazen de k\u0131r\u0131lganl\u0131\u011f\u0131 dile getirir. Yaln\u0131zl\u0131k, do\u011fru kelimelerle anlat\u0131ld\u0131\u011f\u0131nda derin bir anlam kazan\u0131r.<\/p>\n\n\n\n<blockquote class=\"wp-block-quote is-layout-flow wp-block-quote-is-layout-flow\">\n<p><strong>Mikro Bilgi: <\/strong>Psikoloji alan\u0131ndaki \u00e7al\u0131\u015fmalara g\u00f6re yaln\u0131zl\u0131k, her zaman sosyal eksiklikten de\u011fil; <strong>duygusal anla\u015f\u0131lmam\u0131\u015fl\u0131k hissinden<\/strong> kaynaklan\u0131r. Bu nedenle yaln\u0131zl\u0131k s\u00f6zleri, ki\u015finin i\u00e7 d\u00fcnyas\u0131n\u0131 d\u0131\u015fa vurmas\u0131nda \u00f6nemli bir rol oynar.<\/p>\n<\/blockquote>\n\n\n\n<h2 class=\"wp-block-heading\">\ud83c\udf19 Duygusal Yaln\u0131zl\u0131k S\u00f6zleri<\/h2>\n\n\n\n<p>Duygusal yaln\u0131zl\u0131k s\u00f6zleri, kalabal\u0131klar i\u00e7inde hissedilen bo\u015flu\u011fu anlat\u0131r. Bu s\u00f6zlerde sessiz bir sitem, derin bir i\u00e7 \u00e7eki\u015f vard\u0131r.<\/p>\n\n\n\n<p><strong>Duygusal Yaln\u0131zl\u0131k S\u00f6zleri<\/strong><\/p>\n\n\n\n<ul class=\"wp-block-list\">\n<li>Kalabal\u0131klar i\u00e7indeyim ama kimseye dokunam\u0131yorum.<\/li>\n\n\n\n<li>Yaln\u0131zl\u0131k, i\u00e7imde b\u00fcy\u00fcyen sessiz bir bo\u015fluk.<\/li>\n\n\n\n<li>En \u00e7ok anla\u015f\u0131lamad\u0131\u011f\u0131mda yaln\u0131z\u0131m.<\/li>\n\n\n\n<li>Yan\u0131mda olanlar var ama beni g\u00f6ren yok.<\/li>\n\n\n\n<li>Sessizlik, duygular\u0131m\u0131n tek tan\u0131\u011f\u0131.<\/li>\n\n\n\n<li>Yaln\u0131zl\u0131k bazen bir \u00e7\u0131\u011fl\u0131k, bazen bir f\u0131s\u0131lt\u0131.<\/li>\n\n\n\n<li>\u0130\u00e7imdeki bo\u015flu\u011fu kimse fark etmiyor.<\/li>\n\n\n\n<li>En zor yaln\u0131zl\u0131k, anlatamad\u0131\u011f\u0131n yaln\u0131zl\u0131kt\u0131r.<\/li>\n<\/ul>\n\n\n\n<h3 class=\"wp-block-heading\">Daha Fazla Yaln\u0131zl\u0131k S\u00f6z\u00fc \ud83c\udf2b\ufe0f<\/h3>\n\n\n\n<figure class=\"wp-block-table\"><table class=\"has-fixed-layout\"><thead><tr><th>S\u00f6z T\u00fcr\u00fc<\/th><th>Yaln\u0131zl\u0131k S\u00f6z\u00fc<\/th><th>Verdi\u011fi His<\/th><\/tr><\/thead><tbody><tr><td>Duygusal<\/td><td>Anla\u015f\u0131lmad\u0131\u011f\u0131m yerde yaln\u0131z\u0131m.<\/td><td>H\u00fcz\u00fcn<\/td><\/tr><tr><td>Duygusal<\/td><td>Sessizlik beni daha iyi anl\u0131yor.<\/td><td>\u0130\u00e7e d\u00f6n\u00fc\u015f<\/td><\/tr><tr><td>Duygusal<\/td><td>Yaln\u0131zl\u0131k kalbime yerle\u015fti.<\/td><td>Bo\u015fluk<\/td><\/tr><tr><td>Duygusal<\/td><td>Kalbim kalabal\u0131k, ruhum yaln\u0131z.<\/td><td>\u00c7eli\u015fki<\/td><\/tr><\/tbody><\/table><\/figure>\n\n\n\n<h2 class=\"wp-block-heading\">\ud83d\udda4 Kaliteli Yaln\u0131zl\u0131k S\u00f6zleri<\/h2>\n\n\n\n<p>Kaliteli yaln\u0131zl\u0131k s\u00f6zleri, yaln\u0131zl\u0131\u011f\u0131 bir eksiklik de\u011fil, <strong>bilin\u00e7li bir tercih<\/strong> olarak ele al\u0131r. Bu s\u00f6zler, kendini se\u00e7menin g\u00fcc\u00fcn\u00fc yans\u0131t\u0131r.<\/p>\n\n\n\n<p><strong>Kaliteli Yaln\u0131zl\u0131k S\u00f6zleri<\/strong><\/p>\n\n\n\n<ul class=\"wp-block-list\">\n<li>Her kalabal\u0131k huzur getirmez.<\/li>\n\n\n\n<li>Yaln\u0131z kalmay\u0131 \u00f6\u011frendi\u011fimde g\u00fc\u00e7lendim.<\/li>\n\n\n\n<li>Sessizlik, kendimle kurdu\u011fum en d\u00fcr\u00fcst ba\u011f.<\/li>\n\n\n\n<li>Yaln\u0131zl\u0131k bazen \u00f6zg\u00fcrl\u00fckt\u00fcr.<\/li>\n\n\n\n<li>Kendimle ba\u015f ba\u015fa olmak bana yetiyor.<\/li>\n\n\n\n<li>Kalabal\u0131klar i\u00e7inde kaybolmaktansa yaln\u0131zl\u0131\u011f\u0131 se\u00e7tim.<\/li>\n\n\n\n<li>Yaln\u0131zl\u0131k, ruhumu dinlendiren bir durak.<\/li>\n\n\n\n<li>Kendimi se\u00e7ti\u011fim yerde yaln\u0131z\u0131m.<\/li>\n<\/ul>\n\n\n\n<h3 class=\"wp-block-heading\">Daha Fazla Kaliteli S\u00f6z \ud83c\udf31<\/h3>\n\n\n\n<figure class=\"wp-block-table\"><table class=\"has-fixed-layout\"><thead><tr><th>S\u00f6z T\u00fcr\u00fc<\/th><th>Yaln\u0131zl\u0131k S\u00f6z\u00fc<\/th><th>Verdi\u011fi His<\/th><\/tr><\/thead><tbody><tr><td>Kaliteli<\/td><td>Yaln\u0131zl\u0131k bana alan a\u00e7t\u0131.<\/td><td>G\u00fc\u00e7<\/td><\/tr><tr><td>Kaliteli<\/td><td>Sessizlik huzur verir.<\/td><td>Denge<\/td><\/tr><tr><td>Kaliteli<\/td><td>Kendimle kalmay\u0131 \u00f6\u011frendim.<\/td><td>Olgunluk<\/td><\/tr><tr><td>Kaliteli<\/td><td>Yaln\u0131zl\u0131k bir ka\u00e7\u0131\u015f de\u011fil.<\/td><td>Bilin\u00e7<\/td><\/tr><\/tbody><\/table><\/figure>\n\n\n\n<h2 class=\"wp-block-heading\">\ud83d\udd4a\ufe0f Mevlana Yaln\u0131zl\u0131k S\u00f6zleri<\/h2>\n\n\n\n<p>Mevlana\u2019n\u0131n yaln\u0131zl\u0131\u011fa bak\u0131\u015f\u0131, insan\u0131n kendini bulma yolculu\u011funu anlat\u0131r. Bu s\u00f6zlerde yaln\u0131zl\u0131k, hakikate giden bir kap\u0131d\u0131r.<\/p>\n\n\n\n<p><strong>Mevlana Yaln\u0131zl\u0131k S\u00f6zleri<\/strong><\/p>\n\n\n\n<ul class=\"wp-block-list\">\n<li>Yaln\u0131zl\u0131k, dostsuzluk de\u011fildir; hakikate yakla\u015f\u0131\u015ft\u0131r.<\/li>\n\n\n\n<li>Sessizlikte olgunla\u015f\u0131r insan.<\/li>\n\n\n\n<li>Kendini arayan, yaln\u0131z kalmay\u0131 \u00f6\u011frenir.<\/li>\n\n\n\n<li>Yaln\u0131zl\u0131k, g\u00f6nl\u00fcn aynas\u0131d\u0131r.<\/li>\n\n\n\n<li>Kalabal\u0131klar hakikati \u00f6rter.<\/li>\n\n\n\n<li>Yaln\u0131z kalan, \u00f6z\u00fcyle konu\u015fur.<\/li>\n\n\n\n<li>Sessizli\u011fin dili vard\u0131r.<\/li>\n\n\n\n<li>Yaln\u0131zl\u0131k, Allah\u2019a yak\u0131nl\u0131kt\u0131r.<\/li>\n<\/ul>\n\n\n\n<h3 class=\"wp-block-heading\">Daha Fazla Mevlana S\u00f6z\u00fc \ud83c\udf00<\/h3>\n\n\n\n<figure class=\"wp-block-table\"><table class=\"has-fixed-layout\"><thead><tr><th>S\u00f6z T\u00fcr\u00fc<\/th><th>Yaln\u0131zl\u0131k S\u00f6z\u00fc<\/th><th>Verdi\u011fi His<\/th><\/tr><\/thead><tbody><tr><td>Mevlana<\/td><td>Yaln\u0131zl\u0131k g\u00f6nl\u00fc ar\u0131t\u0131r.<\/td><td>Manevi huzur<\/td><\/tr><tr><td>Mevlana<\/td><td>Sessizlikte s\u0131r vard\u0131r.<\/td><td>Derinlik<\/td><\/tr><tr><td>Mevlana<\/td><td>Kendinle kal ki kendini bul.<\/td><td>Fark\u0131ndal\u0131k<\/td><\/tr><tr><td>Mevlana<\/td><td>Yaln\u0131zl\u0131k \u00f6\u011fretmendir.<\/td><td>Bilgelik<\/td><\/tr><\/tbody><\/table><\/figure>\n\n\n\n<h2 class=\"wp-block-heading\">\ud83e\udde0 Felsefi Yaln\u0131zl\u0131k S\u00f6zleri<\/h2>\n\n\n\n<p>Felsefi yaln\u0131zl\u0131k s\u00f6zleri, insan\u0131n varolu\u015funu sorgulad\u0131\u011f\u0131 anlardan do\u011far. Bu s\u00f6zler, d\u00fc\u015f\u00fcnceyle yo\u011frulmu\u015f bir yaln\u0131zl\u0131\u011f\u0131 anlat\u0131r.<\/p>\n\n\n\n<p><strong>Felsefi Yaln\u0131zl\u0131k S\u00f6zleri<\/strong><\/p>\n\n\n\n<ul class=\"wp-block-list\">\n<li>\u0130nsan, en \u00e7ok kendine yabanc\u0131 oldu\u011funda yaln\u0131zd\u0131r.<\/li>\n\n\n\n<li>Yaln\u0131zl\u0131k, d\u00fc\u015f\u00fcncenin g\u00f6lgesidir.<\/li>\n\n\n\n<li>Kalabal\u0131klar, yaln\u0131zl\u0131\u011f\u0131 gizler.<\/li>\n\n\n\n<li>Yaln\u0131zl\u0131k, varolu\u015fun ka\u00e7\u0131n\u0131lmaz y\u00fcz\u00fcd\u00fcr.<\/li>\n\n\n\n<li>Kendini tan\u0131mayan, hep yaln\u0131z kal\u0131r.<\/li>\n\n\n\n<li>D\u00fc\u015f\u00fcnmek, yaln\u0131zl\u0131\u011f\u0131 \u00e7o\u011falt\u0131r.<\/li>\n\n\n\n<li>\u0130nsan, anlam ararken yaln\u0131zla\u015f\u0131r.<\/li>\n\n\n\n<li>Yaln\u0131zl\u0131k, bilincin bedelidir.<\/li>\n<\/ul>\n\n\n\n<h3 class=\"wp-block-heading\">Daha Fazla Felsefi S\u00f6z \ud83d\udcda<\/h3>\n\n\n\n<figure class=\"wp-block-table\"><table class=\"has-fixed-layout\"><thead><tr><th>S\u00f6z T\u00fcr\u00fc<\/th><th>Yaln\u0131zl\u0131k S\u00f6z\u00fc<\/th><th>Verdi\u011fi His<\/th><\/tr><\/thead><tbody><tr><td>Felsefi<\/td><td>Yaln\u0131zl\u0131k varolu\u015fun ger\u00e7e\u011fidir.<\/td><td>Derin d\u00fc\u015f\u00fcnce<\/td><\/tr><tr><td>Felsefi<\/td><td>Bilin\u00e7 yaln\u0131zl\u0131k getirir.<\/td><td>Sorgulama<\/td><\/tr><tr><td>Felsefi<\/td><td>\u0130nsan kendine yabanc\u0131d\u0131r.<\/td><td>Anlamsall\u0131k<\/td><\/tr><tr><td>Felsefi<\/td><td>D\u00fc\u015f\u00fcnen yaln\u0131zd\u0131r.<\/td><td>\u0130\u00e7 sorgu<\/td><\/tr><\/tbody><\/table><\/figure>\n\n\n\n<h2 class=\"wp-block-heading\">\u2712\ufe0f K\u0131sa Yaln\u0131zl\u0131k S\u00f6zleri<\/h2>\n\n\n\n<p>K\u0131sa yaln\u0131zl\u0131k s\u00f6zleri, az kelimeyle derin hisler anlat\u0131r. \u00d6zellikle sosyal payla\u015f\u0131mlarda tercih edilir.<\/p>\n\n\n\n<p><strong>K\u0131sa Yaln\u0131zl\u0131k S\u00f6zleri<\/strong><\/p>\n\n\n\n<ul class=\"wp-block-list\">\n<li>Yaln\u0131z\u0131m ama eksik de\u011filim.<\/li>\n\n\n\n<li>Sessizlik yetiyor.<\/li>\n\n\n\n<li>Kalbimle ba\u015f ba\u015fay\u0131m.<\/li>\n\n\n\n<li>Yaln\u0131zl\u0131k al\u0131\u015fkanl\u0131k oldu.<\/li>\n\n\n\n<li>Kendimleyim.<\/li>\n\n\n\n<li>Sessiz ama g\u00fc\u00e7l\u00fcy\u00fcm.<\/li>\n\n\n\n<li>Yaln\u0131z ama ayaktay\u0131m.<\/li>\n\n\n\n<li>Kalabal\u0131klar yordu.<\/li>\n<\/ul>\n\n\n\n<h3 class=\"wp-block-heading\">Daha Fazla K\u0131sa S\u00f6z \u2728<\/h3>\n\n\n\n<figure class=\"wp-block-table\"><table class=\"has-fixed-layout\"><thead><tr><th>S\u00f6z T\u00fcr\u00fc<\/th><th>Yaln\u0131zl\u0131k S\u00f6z\u00fc<\/th><th>Verdi\u011fi His<\/th><\/tr><\/thead><tbody><tr><td>K\u0131sa<\/td><td>Yaln\u0131z\u0131m.<\/td><td>Netlik<\/td><\/tr><tr><td>K\u0131sa<\/td><td>Sessizlik bana yeter.<\/td><td>S\u00fck\u00fbnet<\/td><\/tr><tr><td>K\u0131sa<\/td><td>Kendimleyim.<\/td><td>\u00d6zg\u00fcven<\/td><\/tr><tr><td>K\u0131sa<\/td><td>Kalabal\u0131klar yorar.<\/td><td>B\u0131kk\u0131nl\u0131k<\/td><\/tr><\/tbody><\/table><\/figure>\n\n\n\n<h2 class=\"wp-block-heading\">\ud83d\udc94 K\u0131rg\u0131nl\u0131k Yaln\u0131zl\u0131k S\u00f6zleri<\/h2>\n\n\n\n<p>K\u0131rg\u0131nl\u0131k yaln\u0131zl\u0131\u011f\u0131, hayal k\u0131r\u0131kl\u0131klar\u0131n\u0131n ard\u0131ndan gelen i\u00e7e kapan\u0131\u015f\u0131 anlat\u0131r. Bu s\u00f6zlerde hem sitem hem kabulleni\u015f vard\u0131r.<\/p>\n\n\n\n<p><strong>K\u0131rg\u0131nl\u0131k Yaln\u0131zl\u0131k S\u00f6zleri<\/strong><\/p>\n\n\n\n<ul class=\"wp-block-list\">\n<li>K\u0131r\u0131ld\u0131k\u00e7a yaln\u0131zla\u015ft\u0131m.<\/li>\n\n\n\n<li>\u0130nsan incindik\u00e7e susar.<\/li>\n\n\n\n<li>Yaln\u0131zl\u0131k, k\u0131rg\u0131nl\u0131\u011f\u0131n sessiz hali.<\/li>\n\n\n\n<li>G\u00fcvendi\u011fim yerde yaln\u0131z kald\u0131m.<\/li>\n\n\n\n<li>K\u0131rg\u0131nl\u0131k, kalabal\u0131klar\u0131 susturdu.<\/li>\n\n\n\n<li>Yaln\u0131zl\u0131k bazen korunmakt\u0131r.<\/li>\n\n\n\n<li>K\u0131r\u0131ld\u0131m ama anlatmad\u0131m.<\/li>\n\n\n\n<li>Sessizlik en b\u00fcy\u00fck cevab\u0131m oldu.<\/li>\n<\/ul>\n\n\n\n<h3 class=\"wp-block-heading\">Daha Fazla K\u0131rg\u0131nl\u0131k S\u00f6z\u00fc \ud83d\udd6f\ufe0f<\/h3>\n\n\n\n<figure class=\"wp-block-table\"><table class=\"has-fixed-layout\"><thead><tr><th>S\u00f6z T\u00fcr\u00fc<\/th><th>Yaln\u0131zl\u0131k S\u00f6z\u00fc<\/th><th>Verdi\u011fi His<\/th><\/tr><\/thead><tbody><tr><td>K\u0131rg\u0131n<\/td><td>G\u00fcvendi\u011fim yerde yaln\u0131z\u0131m.<\/td><td>Hayal k\u0131r\u0131kl\u0131\u011f\u0131<\/td><\/tr><tr><td>K\u0131rg\u0131n<\/td><td>Susmak en kolay\u0131.<\/td><td>Kabulleni\u015f<\/td><\/tr><tr><td>K\u0131rg\u0131n<\/td><td>K\u0131r\u0131ld\u0131m ama sustum.<\/td><td>\u0130\u00e7sel sitem<\/td><\/tr><tr><td>K\u0131rg\u0131n<\/td><td>Yaln\u0131zl\u0131k korur.<\/td><td>Savunma<\/td><\/tr><\/tbody><\/table><\/figure>\n\n\n\n<h2 class=\"wp-block-heading\">\ud83d\udd25 Etkileyici Yaln\u0131zl\u0131k S\u00f6zleri<\/h2>\n\n\n\n<p>Etkileyici yaln\u0131zl\u0131k s\u00f6zleri, g\u00fc\u00e7l\u00fc ifadelerle iz b\u0131rak\u0131r. Bu s\u00f6zler yaln\u0131zl\u0131\u011f\u0131 bir duru\u015f h\u00e2line getirir.<\/p>\n\n\n\n<p><strong>Etkileyici Yaln\u0131zl\u0131k S\u00f6zleri<\/strong><\/p>\n\n\n\n<ul class=\"wp-block-list\">\n<li>Yaln\u0131zl\u0131k beni zay\u0131flatmad\u0131, g\u00fc\u00e7lendirdi.<\/li>\n\n\n\n<li>Sessizlikte kendimi buldum.<\/li>\n\n\n\n<li>Kalabal\u0131klar kaybettirdi, yaln\u0131zl\u0131k \u00f6\u011fretti.<\/li>\n\n\n\n<li>Yaln\u0131zl\u0131k bir duru\u015ftur.<\/li>\n\n\n\n<li>Kendimle kald\u0131\u011f\u0131mda ger\u00e7ek oldum.<\/li>\n\n\n\n<li>Yaln\u0131zl\u0131k, filtresiz hayatt\u0131r.<\/li>\n\n\n\n<li>Sessizlikte netle\u015ftim.<\/li>\n\n\n\n<li>Yaln\u0131zl\u0131k beni ben yapt\u0131.<\/li>\n<\/ul>\n\n\n\n<h3 class=\"wp-block-heading\">Daha Fazla Etkileyici S\u00f6z \u26a1<\/h3>\n\n\n\n<figure class=\"wp-block-table\"><table class=\"has-fixed-layout\"><thead><tr><th>S\u00f6z T\u00fcr\u00fc<\/th><th>Yaln\u0131zl\u0131k S\u00f6z\u00fc<\/th><th>Verdi\u011fi His<\/th><\/tr><\/thead><tbody><tr><td>Etkileyici<\/td><td>Yaln\u0131zl\u0131k g\u00fc\u00e7 verir.<\/td><td>G\u00fc\u00e7lenme<\/td><\/tr><tr><td>Etkileyici<\/td><td>Sessizlik \u00f6\u011fretir.<\/td><td>Fark\u0131ndal\u0131k<\/td><\/tr><tr><td>Etkileyici<\/td><td>Yaln\u0131zl\u0131k bir duru\u015ftur.<\/td><td>Kararl\u0131l\u0131k<\/td><\/tr><tr><td>Etkileyici<\/td><td>Kendimi se\u00e7tim.<\/td><td>\u00d6zg\u00fcven<\/td><\/tr><\/tbody><\/table><\/figure>\n\n\n\n<h2 class=\"wp-block-heading\">En S\u0131k Yap\u0131lan Hatalar<\/h2>\n\n\n\n<ul class=\"wp-block-list\">\n<li>Yaln\u0131zl\u0131\u011f\u0131 sadece mutsuzlukla tan\u0131mlamak<\/li>\n\n\n\n<li>Duyguyu abart\u0131l\u0131 ve yapay s\u00f6zlerle ifade etmek<\/li>\n\n\n\n<li>Kopya ve kli\u015fe ifadeler kullanmak<\/li>\n\n\n\n<li>Yaln\u0131zl\u0131\u011f\u0131 romantize etmek<\/li>\n\n\n\n<li>Ba\u011flamdan kopuk s\u00f6zler payla\u015fmak<\/li>\n<\/ul>\n\n\n\n<h2 class=\"wp-block-heading\">Uzman \u00d6nerisi<\/h2>\n\n\n\n<p>Uzmanlara g\u00f6re yaln\u0131zl\u0131k s\u00f6zleri, bir ka\u00e7\u0131\u015f de\u011fil; <strong>kendini ifade etme arac\u0131d\u0131r<\/strong>. Yaln\u0131zl\u0131\u011f\u0131 anlat\u0131rken ama\u00e7 ac\u0131y\u0131 b\u00fcy\u00fctmek de\u011fil, i\u00e7 d\u00fcnyay\u0131 d\u00fcr\u00fcst\u00e7e yans\u0131tmakt\u0131r. Bu nedenle s\u00f6z se\u00e7erken ba\u015fkalar\u0131n\u0131n be\u011fenisinden \u00e7ok, kendi duygusal ger\u00e7ekli\u011finize odaklanman\u0131z daha sa\u011fl\u0131kl\u0131d\u0131r.<\/p>\n","protected":false},"excerpt":{"rendered":"<p>Yaln\u0131zl\u0131k s\u00f6zleri, insan\u0131n kendi i\u00e7ine \u00e7ekildi\u011fi, sessizlikle y\u00fczle\u015fti\u011fi anlar\u0131n ifadesidir. Bu s\u00f6zler her zaman mutsuzluk anlatmaz; bazen g\u00fc\u00e7lenmeyi, bazen kabulleni\u015fi, bazen de k\u0131r\u0131lganl\u0131\u011f\u0131 dile getirir. Yaln\u0131zl\u0131k, do\u011fru kelimelerle anlat\u0131ld\u0131\u011f\u0131nda derin bir anlam kazan\u0131r. Mikro Bilgi: Psikoloji alan\u0131ndaki \u00e7al\u0131\u015fmalara g\u00f6re yaln\u0131zl\u0131k, her zaman sosyal eksiklikten de\u011fil; duygusal anla\u015f\u0131lmam\u0131\u015fl\u0131k hissinden kaynaklan\u0131r. Bu nedenle yaln\u0131zl\u0131k s\u00f6zleri, ki\u015finin i\u00e7<\/p>\n","protected":false},"author":3,"featured_media":8071,"comment_status":"open","ping_status":"open","sticky":false,"template":"","format":"standard","meta":{"footnotes":"","_wpscppro_dont_share_socialmedia":false,"_wpscppro_custom_social_share_image":0,"_facebook_share_type":"default","_twitter_share_type":"default","_linkedin_share_type":"default","_pinterest_share_type":"default","_linkedin_share_type_page":"","_instagram_share_type":"default","_medium_share_type":"default","_threads_share_type":"default","_google_business_share_type":"default","_selected_social_profile":[],"_wpsp_enable_custom_social_template":false,"_wpsp_social_scheduling":{"enabled":false,"datetime":null,"platforms":[],"status":"template_only","dateOption":"today","timeOption":"now","customDays":"","customHours":"","customDate":"","customTime":"","schedulingType":"absolute"},"_wpsp_active_default_template":true},"categories":[34],"tags":[],"class_list":{"0":"post-8070","1":"post","2":"type-post","3":"status-publish","4":"format-standard","5":"has-post-thumbnail","7":"category-iliskiler-yasam"},"_links":{"self":[{"href":"https:\/\/backlinkdanismani.com\/icerik\/wp-json\/wp\/v2\/posts\/8070","targetHints":{"allow":["GET"]}}],"collection":[{"href":"https:\/\/backlinkdanismani.com\/icerik\/wp-json\/wp\/v2\/posts"}],"about":[{"href":"https:\/\/backlinkdanismani.com\/icerik\/wp-json\/wp\/v2\/types\/post"}],"author":[{"embeddable":true,"href":"https:\/\/backlinkdanismani.com\/icerik\/wp-json\/wp\/v2\/users\/3"}],"replies":[{"embeddable":true,"href":"https:\/\/backlinkdanismani.com\/icerik\/wp-json\/wp\/v2\/comments?post=8070"}],"version-history":[{"count":1,"href":"https:\/\/backlinkdanismani.com\/icerik\/wp-json\/wp\/v2\/posts\/8070\/revisions"}],"predecessor-version":[{"id":8072,"href":"https:\/\/backlinkdanismani.com\/icerik\/wp-json\/wp\/v2\/posts\/8070\/revisions\/8072"}],"wp:featuredmedia":[{"embeddable":true,"href":"https:\/\/backlinkdanismani.com\/icerik\/wp-json\/wp\/v2\/media\/8071"}],"wp:attachment":[{"href":"https:\/\/backlinkdanismani.com\/icerik\/wp-json\/wp\/v2\/media?parent=8070"}],"wp:term":[{"taxonomy":"category","embeddable":true,"href":"https:\/\/backlinkdanismani.com\/icerik\/wp-json\/wp\/v2\/categories?post=8070"},{"taxonomy":"post_tag","embeddable":true,"href":"https:\/\/backlinkdanismani.com\/icerik\/wp-json\/wp\/v2\/tags?post=8070"}],"curies":[{"name":"wp","href":"https:\/\/api.w.org\/{rel}","templated":true}]}}