{"id":8067,"date":"2026-01-01T16:51:51","date_gmt":"2026-01-01T13:51:51","guid":{"rendered":"https:\/\/backlinkdanismani.com\/icerik\/?p=8067"},"modified":"2026-01-01T16:51:55","modified_gmt":"2026-01-01T13:51:55","slug":"bassagligi-mesajlari","status":"publish","type":"post","link":"https:\/\/backlinkdanismani.com\/icerik\/bassagligi-mesajlari\/","title":{"rendered":"Ba\u015fsa\u011fl\u0131\u011f\u0131 Mesajlar\u0131 (Duygusal, Arkada\u015fa, Dual\u0131)"},"content":{"rendered":"\n<p>Ba\u015fsa\u011fl\u0131\u011f\u0131 mesajlar\u0131, ac\u0131n\u0131n en yo\u011fun ya\u015fand\u0131\u011f\u0131 anlarda kurulan en hassas ileti\u015fim bi\u00e7imidir. Bu mesajlar, kayb\u0131 hafifletmez; ancak <strong>yaln\u0131z olmad\u0131\u011f\u0131n\u0131 hissettirmek<\/strong>, sessizce yan\u0131nda durmak ve sayg\u0131 sunmak i\u00e7in g\u00fc\u00e7l\u00fc bir ara\u00e7t\u0131r. S\u00f6ylenen her kelime, bu y\u00fczden dikkatle se\u00e7ilmelidir.<\/p>\n\n\n\n<blockquote class=\"wp-block-quote is-layout-flow wp-block-quote-is-layout-flow\">\n<p><strong>Mikro Bilgi: <\/strong>Uzmanlara g\u00f6re yas d\u00f6neminde al\u0131nan k\u0131sa ama samimi mesajlar, ki\u015finin sosyal destek alg\u0131s\u0131n\u0131 g\u00fc\u00e7lendirir. \u00d6zellikle empati i\u00e7eren, yarg\u0131s\u0131z ve sade ifadeler, kar\u015f\u0131 tarafta g\u00fcven ve anla\u015f\u0131lma hissi olu\u015fturur.<\/p>\n<\/blockquote>\n\n\n\n<h2 class=\"wp-block-heading\">\ud83d\udd4a\ufe0f Ba\u015fsa\u011fl\u0131\u011f\u0131 Mesaj\u0131 Nas\u0131l Yaz\u0131l\u0131r?<\/h2>\n\n\n\n<p>Ba\u015fsa\u011fl\u0131\u011f\u0131 mesaj\u0131 yazarken ama\u00e7, ac\u0131y\u0131 anlatmak de\u011fil; <strong>ac\u0131y\u0131 payla\u015fmaya haz\u0131r oldu\u011funuzu<\/strong> g\u00f6stermektir. Abart\u0131dan uzak, sayg\u0131l\u0131 ve sakin bir dil tercih edilmelidir.<\/p>\n\n\n\n<p><strong>Ba\u015fsa\u011fl\u0131\u011f\u0131 Mesaj\u0131 Yazarken Kullan\u0131labilecek \u0130fadeler<\/strong><\/p>\n\n\n\n<ul class=\"wp-block-list\">\n<li>Ba\u015f\u0131n\u0131z sa\u011f olsun, ac\u0131n\u0131z\u0131 payla\u015f\u0131yorum.<\/li>\n\n\n\n<li>Kayb\u0131n\u0131z i\u00e7in \u00e7ok \u00fczg\u00fcn\u00fcm.<\/li>\n\n\n\n<li>Bu zor zamanda yan\u0131n\u0131zday\u0131m.<\/li>\n\n\n\n<li>Ac\u0131n\u0131z\u0131 y\u00fcrekten hissediyorum.<\/li>\n\n\n\n<li>Dilerim sab\u0131r ve g\u00fc\u00e7 bulursunuz.<\/li>\n\n\n\n<li>Her zaman destek olmaya haz\u0131r\u0131m.<\/li>\n\n\n\n<li>Sessizce de olsa yan\u0131n\u0131zday\u0131m.<\/li>\n\n\n\n<li>Mek\u00e2n\u0131 huzur dolu olsun.<\/li>\n<\/ul>\n\n\n\n<h3 class=\"wp-block-heading\">Daha Fazla Ba\u015fsa\u011fl\u0131\u011f\u0131 Mesaj\u0131 \ud83d\udd6f\ufe0f<\/h3>\n\n\n\n<figure class=\"wp-block-table\"><table class=\"has-fixed-layout\"><thead><tr><th>Mesaj T\u00fcr\u00fc<\/th><th>Ba\u015fsa\u011fl\u0131\u011f\u0131 Mesaj\u0131<\/th><th>Verdi\u011fi His<\/th><\/tr><\/thead><tbody><tr><td>Genel<\/td><td>Ac\u0131n\u0131z\u0131 payla\u015f\u0131yorum.<\/td><td>Empati<\/td><\/tr><tr><td>Genel<\/td><td>Ba\u015f\u0131n\u0131z sa\u011f olsun.<\/td><td>Sayg\u0131<\/td><\/tr><tr><td>Genel<\/td><td>Yan\u0131n\u0131zday\u0131m.<\/td><td>Destek<\/td><\/tr><tr><td>Genel<\/td><td>Sab\u0131r diliyorum.<\/td><td>G\u00fc\u00e7<\/td><\/tr><tr><td>Genel<\/td><td>Bu zor g\u00fcnlerde sizinleyim.<\/td><td>Yaln\u0131z olmad\u0131\u011f\u0131n\u0131 hissettirme<\/td><\/tr><\/tbody><\/table><\/figure>\n\n\n\n<h2 class=\"wp-block-heading\">\ud83c\udf3f En G\u00fczel Taziye Mesajlar\u0131<\/h2>\n\n\n\n<p>Taziye mesajlar\u0131, kayb\u0131n ard\u0131ndan duyulan sayg\u0131y\u0131 ve nezaketi yans\u0131t\u0131r. En g\u00fczel taziye mesajlar\u0131 sade, \u00f6l\u00e7\u00fcl\u00fc ve i\u00e7ten olur.<\/p>\n\n\n\n<p><strong>En G\u00fczel Taziye Mesajlar\u0131<\/strong><\/p>\n\n\n\n<ul class=\"wp-block-list\">\n<li>Ba\u015f\u0131n\u0131z sa\u011f olsun, sab\u0131rlar diliyorum.<\/li>\n\n\n\n<li>Ac\u0131n\u0131z\u0131 y\u00fcrekten payla\u015f\u0131yorum.<\/li>\n\n\n\n<li>Mek\u00e2n\u0131 huzurla dolsun.<\/li>\n\n\n\n<li>Dualar\u0131m sizinle.<\/li>\n\n\n\n<li>Bu zor zamanda yan\u0131n\u0131zday\u0131m.<\/li>\n\n\n\n<li>Allah sab\u0131r versin.<\/li>\n\n\n\n<li>Ailenize ve size ba\u015fsa\u011fl\u0131\u011f\u0131 diliyorum.<\/li>\n\n\n\n<li>G\u00fc\u00e7l\u00fc kalman\u0131z\u0131 diliyorum.<\/li>\n<\/ul>\n\n\n\n<h3 class=\"wp-block-heading\">Daha Fazla Taziye Mesaj\u0131 \ud83c\udf38<\/h3>\n\n\n\n<figure class=\"wp-block-table\"><table class=\"has-fixed-layout\"><thead><tr><th>Mesaj T\u00fcr\u00fc<\/th><th>Taziye Mesaj\u0131<\/th><th>Verdi\u011fi His<\/th><\/tr><\/thead><tbody><tr><td>Taziye<\/td><td>Allah rahmet eylesin.<\/td><td>Manevi destek<\/td><\/tr><tr><td>Taziye<\/td><td>Sab\u0131r ve metanet diliyorum.<\/td><td>G\u00fc\u00e7<\/td><\/tr><tr><td>Taziye<\/td><td>Dualar\u0131m sizinle.<\/td><td>Yak\u0131nl\u0131k<\/td><\/tr><tr><td>Taziye<\/td><td>Ba\u015f\u0131n\u0131z sa\u011f olsun.<\/td><td>Sayg\u0131<\/td><\/tr><tr><td>Taziye<\/td><td>Ac\u0131n\u0131z\u0131 payla\u015f\u0131yorum.<\/td><td>Empati<\/td><\/tr><\/tbody><\/table><\/figure>\n\n\n\n<h2 class=\"wp-block-heading\">\ud83d\udc94 Duygusal Ba\u015fsa\u011fl\u0131\u011f\u0131 Mesaj\u0131<\/h2>\n\n\n\n<p>Duygusal ba\u015fsa\u011fl\u0131\u011f\u0131 mesajlar\u0131, yak\u0131n ili\u015fkilerde tercih edilir. Bu mesajlar, ac\u0131y\u0131 tarif etmekten \u00e7ok <strong>anla\u015f\u0131ld\u0131\u011f\u0131n\u0131 hissettirmeyi<\/strong> ama\u00e7lar.<\/p>\n\n\n\n<p><strong>Duygusal Ba\u015fsa\u011fl\u0131\u011f\u0131 Mesajlar\u0131<\/strong><\/p>\n\n\n\n<ul class=\"wp-block-list\">\n<li>Ac\u0131n\u0131z\u0131 y\u00fcre\u011fimde hissediyorum.<\/li>\n\n\n\n<li>Kayb\u0131n\u0131z beni derinden \u00fczd\u00fc.<\/li>\n\n\n\n<li>Kelimeler yetersiz ama yan\u0131n\u0131zday\u0131m.<\/li>\n\n\n\n<li>Bu ac\u0131y\u0131 yaln\u0131z ta\u015f\u0131mak zorunda de\u011filsiniz.<\/li>\n\n\n\n<li>Sessizli\u011fim bile sizinle.<\/li>\n\n\n\n<li>Kalbinizin y\u00fck\u00fcn\u00fc hissediyorum.<\/li>\n\n\n\n<li>Dilerim zaman ac\u0131n\u0131z\u0131 biraz olsun hafifletir.<\/li>\n\n\n\n<li>Sizin i\u00e7in buraday\u0131m.<\/li>\n<\/ul>\n\n\n\n<h3 class=\"wp-block-heading\">Daha Fazla Duygusal Mesaj \ud83c\udf19<\/h3>\n\n\n\n<figure class=\"wp-block-table\"><table class=\"has-fixed-layout\"><thead><tr><th>Mesaj T\u00fcr\u00fc<\/th><th>Mesaj<\/th><th>Verdi\u011fi His<\/th><\/tr><\/thead><tbody><tr><td>Duygusal<\/td><td>Yaln\u0131z de\u011filsiniz.<\/td><td>G\u00fcven<\/td><\/tr><tr><td>Duygusal<\/td><td>Ac\u0131n\u0131z\u0131 hissediyorum.<\/td><td>Anla\u015f\u0131lma<\/td><\/tr><tr><td>Duygusal<\/td><td>Yan\u0131n\u0131zday\u0131m.<\/td><td>Yak\u0131nl\u0131k<\/td><\/tr><tr><td>Duygusal<\/td><td>Sessizce de olsa buraday\u0131m.<\/td><td>Destek<\/td><\/tr><\/tbody><\/table><\/figure>\n\n\n\n<h2 class=\"wp-block-heading\">\u26ab Vefat Mesaj\u0131<\/h2>\n\n\n\n<p>Vefat mesajlar\u0131, do\u011frudan kayb\u0131 ifade eden ve genellikle resm\u00ee ya da yar\u0131 resm\u00ee bir dil i\u00e7eren mesajlard\u0131r.<\/p>\n\n\n\n<p><strong>Vefat Mesajlar\u0131<\/strong><\/p>\n\n\n\n<ul class=\"wp-block-list\">\n<li>Vefat haberini derin bir \u00fcz\u00fcnt\u00fcyle \u00f6\u011frendim.<\/li>\n\n\n\n<li>Allah rahmet eylesin, mek\u00e2n\u0131 cennet olsun.<\/li>\n\n\n\n<li>Ba\u015f\u0131n\u0131z sa\u011f olsun.<\/li>\n\n\n\n<li>Sab\u0131r diliyorum.<\/li>\n\n\n\n<li>Ailenize ba\u015fsa\u011fl\u0131\u011f\u0131 dilerim.<\/li>\n\n\n\n<li>Mek\u00e2n\u0131 nurla dolsun.<\/li>\n\n\n\n<li>Dualar\u0131m\u0131z onunla.<\/li>\n\n\n\n<li>Allah geride kalanlara g\u00fc\u00e7 versin.<\/li>\n<\/ul>\n\n\n\n<h3 class=\"wp-block-heading\">Daha Fazla Vefat Mesaj\u0131 \ud83d\udd4a\ufe0f<\/h3>\n\n\n\n<figure class=\"wp-block-table\"><table class=\"has-fixed-layout\"><thead><tr><th>Mesaj T\u00fcr\u00fc<\/th><th>Mesaj<\/th><th>Verdi\u011fi His<\/th><\/tr><\/thead><tbody><tr><td>Vefat<\/td><td>Allah rahmet eylesin.<\/td><td>Manevi huzur<\/td><\/tr><tr><td>Vefat<\/td><td>Mek\u00e2n\u0131 cennet olsun.<\/td><td>Teselli<\/td><\/tr><tr><td>Vefat<\/td><td>Ba\u015f\u0131n\u0131z sa\u011f olsun.<\/td><td>Sayg\u0131<\/td><\/tr><tr><td>Vefat<\/td><td>Sab\u0131rlar diliyorum.<\/td><td>G\u00fc\u00e7<\/td><\/tr><\/tbody><\/table><\/figure>\n\n\n\n<h2 class=\"wp-block-heading\">\ud83d\udcdd Ba\u015fsa\u011fl\u0131\u011f\u0131 Mesaj\u0131 K\u0131sa<\/h2>\n\n\n\n<p>K\u0131sa ba\u015fsa\u011fl\u0131\u011f\u0131 mesajlar\u0131, \u00f6zellikle mesajla\u015fma uygulamalar\u0131nda s\u0131k tercih edilir. Az kelimeyle sayg\u0131 sunmay\u0131 ama\u00e7lar.<\/p>\n\n\n\n<p><strong>K\u0131sa Ba\u015fsa\u011fl\u0131\u011f\u0131 Mesajlar\u0131<\/strong><\/p>\n\n\n\n<ul class=\"wp-block-list\">\n<li>Ba\u015f\u0131n\u0131z sa\u011f olsun.<\/li>\n\n\n\n<li>Sab\u0131rlar diliyorum.<\/li>\n\n\n\n<li>Ac\u0131n\u0131z\u0131 payla\u015f\u0131yorum.<\/li>\n\n\n\n<li>Allah rahmet eylesin.<\/li>\n\n\n\n<li>Yan\u0131n\u0131zday\u0131m.<\/li>\n\n\n\n<li>Mek\u00e2n\u0131 cennet olsun.<\/li>\n\n\n\n<li>Dualar\u0131m sizinle.<\/li>\n\n\n\n<li>G\u00fc\u00e7 diliyorum.<\/li>\n<\/ul>\n\n\n\n<h3 class=\"wp-block-heading\">Daha Fazla K\u0131sa Mesaj<\/h3>\n\n\n\n<figure class=\"wp-block-table\"><table class=\"has-fixed-layout\"><thead><tr><th>Mesaj T\u00fcr\u00fc<\/th><th>Mesaj<\/th><th>Verdi\u011fi His<\/th><\/tr><\/thead><tbody><tr><td>K\u0131sa<\/td><td>Ba\u015f\u0131n\u0131z sa\u011f olsun.<\/td><td>Sayg\u0131<\/td><\/tr><tr><td>K\u0131sa<\/td><td>Sab\u0131rlar.<\/td><td>G\u00fc\u00e7<\/td><\/tr><tr><td>K\u0131sa<\/td><td>Yan\u0131n\u0131zday\u0131m.<\/td><td>Destek<\/td><\/tr><tr><td>K\u0131sa<\/td><td>Dualar\u0131m sizinle.<\/td><td>Manevi yak\u0131nl\u0131k<\/td><\/tr><\/tbody><\/table><\/figure>\n\n\n\n<h2 class=\"wp-block-heading\">\ud83e\udd0d Arkada\u015fa Taziye Mesaj\u0131<\/h2>\n\n\n\n<p>Arkada\u015fa taziye mesajlar\u0131, daha ki\u015fisel ama yine de \u00f6l\u00e7\u00fcl\u00fc olmal\u0131d\u0131r. Samimiyet, sayg\u0131n\u0131n \u00f6n\u00fcne ge\u00e7memelidir.<\/p>\n\n\n\n<p><strong>Arkada\u015fa Taziye Mesajlar\u0131<\/strong><\/p>\n\n\n\n<ul class=\"wp-block-list\">\n<li>Ac\u0131n\u0131 payla\u015f\u0131yorum dostum.<\/li>\n\n\n\n<li>Yan\u0131nday\u0131m, ne zaman istersen.<\/li>\n\n\n\n<li>Bu zor g\u00fcnleri birlikte a\u015faca\u011f\u0131z.<\/li>\n\n\n\n<li>Yaln\u0131z de\u011filsin.<\/li>\n\n\n\n<li>Sessizce de olsa buraday\u0131m.<\/li>\n\n\n\n<li>Seni anl\u0131yorum.<\/li>\n\n\n\n<li>G\u00fc\u00e7l\u00fc kalmaya \u00e7al\u0131\u015f.<\/li>\n\n\n\n<li>Her zaman yan\u0131nday\u0131m.<\/li>\n<\/ul>\n\n\n\n<h3 class=\"wp-block-heading\">Daha Fazla Arkada\u015f Mesaj\u0131 \ud83e\udd1d<\/h3>\n\n\n\n<figure class=\"wp-block-table\"><table class=\"has-fixed-layout\"><thead><tr><th>Mesaj T\u00fcr\u00fc<\/th><th>Mesaj<\/th><th>Verdi\u011fi His<\/th><\/tr><\/thead><tbody><tr><td>Arkada\u015f<\/td><td>Yan\u0131nday\u0131m.<\/td><td>G\u00fcven<\/td><\/tr><tr><td>Arkada\u015f<\/td><td>Yaln\u0131z de\u011filsin.<\/td><td>Destek<\/td><\/tr><tr><td>Arkada\u015f<\/td><td>Seni anl\u0131yorum.<\/td><td>Anla\u015f\u0131lma<\/td><\/tr><tr><td>Arkada\u015f<\/td><td>Buraday\u0131m.<\/td><td>Yak\u0131nl\u0131k<\/td><\/tr><\/tbody><\/table><\/figure>\n\n\n\n<h2 class=\"wp-block-heading\">\ud83d\ude4f Dual\u0131 Ba\u015fsa\u011fl\u0131\u011f\u0131 Mesaj\u0131<\/h2>\n\n\n\n<p>Dual\u0131 ba\u015fsa\u011fl\u0131\u011f\u0131 mesajlar\u0131, inan\u00e7 temelli bir teselli sunar. Kar\u015f\u0131 taraf\u0131n inan\u00e7 yap\u0131s\u0131 mutlaka g\u00f6zetilmelidir.<\/p>\n\n\n\n<p><strong>Dual\u0131 Ba\u015fsa\u011fl\u0131\u011f\u0131 Mesajlar\u0131<\/strong><\/p>\n\n\n\n<ul class=\"wp-block-list\">\n<li>Allah rahmet eylesin.<\/li>\n\n\n\n<li>Mek\u00e2n\u0131 cennet olsun.<\/li>\n\n\n\n<li>Allah sab\u0131r versin.<\/li>\n\n\n\n<li>Dualar\u0131m\u0131z sizinle.<\/li>\n\n\n\n<li>Rabbim geride kalanlara g\u00fc\u00e7 versin.<\/li>\n\n\n\n<li>Allah gani gani rahmet eylesin.<\/li>\n\n\n\n<li>\u0130n\u015fallah huzur bulur.<\/li>\n\n\n\n<li>Dualarla an\u0131yoruz.<\/li>\n<\/ul>\n\n\n\n<h3 class=\"wp-block-heading\">Daha Fazla Dual\u0131 Mesaj \ud83d\udcff<\/h3>\n\n\n\n<figure class=\"wp-block-table\"><table class=\"has-fixed-layout\"><thead><tr><th>Mesaj T\u00fcr\u00fc<\/th><th>Mesaj<\/th><th>Verdi\u011fi His<\/th><\/tr><\/thead><tbody><tr><td>Dual\u0131<\/td><td>Allah rahmet eylesin.<\/td><td>Manevi huzur<\/td><\/tr><tr><td>Dual\u0131<\/td><td>Sab\u0131r diliyorum.<\/td><td>G\u00fc\u00e7<\/td><\/tr><tr><td>Dual\u0131<\/td><td>Dualar\u0131m sizinle.<\/td><td>Yak\u0131nl\u0131k<\/td><\/tr><tr><td>Dual\u0131<\/td><td>Mek\u00e2n\u0131 cennet olsun.<\/td><td>Teselli<\/td><\/tr><\/tbody><\/table><\/figure>\n\n\n\n<h2 class=\"wp-block-heading\">En S\u0131k Yap\u0131lan Hatalar<\/h2>\n\n\n\n<ul class=\"wp-block-list\">\n<li>Ac\u0131y\u0131 k\u00fc\u00e7\u00fcmseyen c\u00fcmleler kurmak<\/li>\n\n\n\n<li>\u201cGe\u00e7er\u201d, \u201czamanla unutulur\u201d gibi ifadeler kullanmak<\/li>\n\n\n\n<li>A\u015f\u0131r\u0131 uzun ve ki\u015fisel hik\u00e2yelere girmek<\/li>\n\n\n\n<li>\u0130nan\u00e7 varsay\u0131m\u0131 yapmak<\/li>\n\n\n\n<li>Kli\u015fe ama duygusuz mesajlar g\u00f6ndermek<\/li>\n<\/ul>\n\n\n\n<h2 class=\"wp-block-heading\">Uzman \u00d6nerisi<\/h2>\n\n\n\n<p>Yas s\u00fcrecinde en etkili mesajlar, <strong>az kelimeyle samimiyet sunan<\/strong> mesajlard\u0131r. Uzmanlara g\u00f6re \u201cyan\u0131nday\u0131m\u201d gibi basit ama d\u00fcr\u00fcst ifadeler, uzun ve s\u00fcsl\u00fc c\u00fcmlelerden \u00e7ok daha g\u00fc\u00e7l\u00fc bir destek hissi yarat\u0131r. Bu nedenle ba\u015fsa\u011fl\u0131\u011f\u0131 mesajlar\u0131nda ama\u00e7 konu\u015fmak de\u011fil, <strong>orada olmay\u0131 hissettirmektir<\/strong>.<\/p>\n\n\n\n<p><\/p>\n","protected":false},"excerpt":{"rendered":"<p>Ba\u015fsa\u011fl\u0131\u011f\u0131 mesajlar\u0131, ac\u0131n\u0131n en yo\u011fun ya\u015fand\u0131\u011f\u0131 anlarda kurulan en hassas ileti\u015fim bi\u00e7imidir. Bu mesajlar, kayb\u0131 hafifletmez; ancak yaln\u0131z olmad\u0131\u011f\u0131n\u0131 hissettirmek, sessizce yan\u0131nda durmak ve sayg\u0131 sunmak i\u00e7in g\u00fc\u00e7l\u00fc bir ara\u00e7t\u0131r. S\u00f6ylenen her kelime, bu y\u00fczden dikkatle se\u00e7ilmelidir. Mikro Bilgi: Uzmanlara g\u00f6re yas d\u00f6neminde al\u0131nan k\u0131sa ama samimi mesajlar, ki\u015finin sosyal destek alg\u0131s\u0131n\u0131 g\u00fc\u00e7lendirir. \u00d6zellikle empati<\/p>\n","protected":false},"author":3,"featured_media":8068,"comment_status":"open","ping_status":"open","sticky":false,"template":"","format":"standard","meta":{"footnotes":"","_wpscppro_dont_share_socialmedia":false,"_wpscppro_custom_social_share_image":0,"_facebook_share_type":"default","_twitter_share_type":"default","_linkedin_share_type":"default","_pinterest_share_type":"default","_linkedin_share_type_page":"","_instagram_share_type":"default","_medium_share_type":"default","_threads_share_type":"default","_google_business_share_type":"default","_selected_social_profile":[],"_wpsp_enable_custom_social_template":false,"_wpsp_social_scheduling":{"enabled":false,"datetime":null,"platforms":[],"status":"template_only","dateOption":"today","timeOption":"now","customDays":"","customHours":"","customDate":"","customTime":"","schedulingType":"absolute"},"_wpsp_active_default_template":true},"categories":[34],"tags":[],"class_list":{"0":"post-8067","1":"post","2":"type-post","3":"status-publish","4":"format-standard","5":"has-post-thumbnail","7":"category-iliskiler-yasam"},"_links":{"self":[{"href":"https:\/\/backlinkdanismani.com\/icerik\/wp-json\/wp\/v2\/posts\/8067","targetHints":{"allow":["GET"]}}],"collection":[{"href":"https:\/\/backlinkdanismani.com\/icerik\/wp-json\/wp\/v2\/posts"}],"about":[{"href":"https:\/\/backlinkdanismani.com\/icerik\/wp-json\/wp\/v2\/types\/post"}],"author":[{"embeddable":true,"href":"https:\/\/backlinkdanismani.com\/icerik\/wp-json\/wp\/v2\/users\/3"}],"replies":[{"embeddable":true,"href":"https:\/\/backlinkdanismani.com\/icerik\/wp-json\/wp\/v2\/comments?post=8067"}],"version-history":[{"count":1,"href":"https:\/\/backlinkdanismani.com\/icerik\/wp-json\/wp\/v2\/posts\/8067\/revisions"}],"predecessor-version":[{"id":8069,"href":"https:\/\/backlinkdanismani.com\/icerik\/wp-json\/wp\/v2\/posts\/8067\/revisions\/8069"}],"wp:featuredmedia":[{"embeddable":true,"href":"https:\/\/backlinkdanismani.com\/icerik\/wp-json\/wp\/v2\/media\/8068"}],"wp:attachment":[{"href":"https:\/\/backlinkdanismani.com\/icerik\/wp-json\/wp\/v2\/media?parent=8067"}],"wp:term":[{"taxonomy":"category","embeddable":true,"href":"https:\/\/backlinkdanismani.com\/icerik\/wp-json\/wp\/v2\/categories?post=8067"},{"taxonomy":"post_tag","embeddable":true,"href":"https:\/\/backlinkdanismani.com\/icerik\/wp-json\/wp\/v2\/tags?post=8067"}],"curies":[{"name":"wp","href":"https:\/\/api.w.org\/{rel}","templated":true}]}}