{"id":8052,"date":"2025-08-31T20:43:33","date_gmt":"2025-08-31T17:43:33","guid":{"rendered":"https:\/\/backlinkdanismani.com\/icerik\/?p=8052"},"modified":"2025-08-31T20:45:14","modified_gmt":"2025-08-31T17:45:14","slug":"eltiye-dogum-gunu-mesaji-komik-anlamli-kisa","status":"publish","type":"post","link":"https:\/\/backlinkdanismani.com\/icerik\/eltiye-dogum-gunu-mesaji-komik-anlamli-kisa\/","title":{"rendered":"Eltiye Do\u011fum G\u00fcn\u00fc Mesaj\u0131 (Komik, Anlaml\u0131, K\u0131sa)"},"content":{"rendered":"\n<p>Eltiye do\u011fum g\u00fcn\u00fc mesaj\u0131, aile ba\u011flar\u0131n\u0131 g\u00fc\u00e7lendiren, aradaki dostlu\u011fu ve samimiyeti yans\u0131tan bir f\u0131rsatt\u0131r.\u00a0<strong>Kimi zaman esprili, kimi zaman anlaml\u0131 bir do\u011fum g\u00fcn\u00fc kutlamas\u0131 ile elti ili\u015fkisine renk ve sevgi katmak m\u00fcmk\u00fcnd\u00fcr.<\/strong><\/p>\n\n\n\n<blockquote class=\"wp-block-quote is-layout-flow wp-block-quote-is-layout-flow\">\n<p><strong>Ara\u015ft\u0131rmalara g\u00f6re: <\/strong>\u00d6zel g\u00fcnlerde, eltiye g\u00f6nderilen do\u011fum g\u00fcn\u00fc mesajlar\u0131nda mizah ve i\u00e7ten dilekler etkisini iki kat art\u0131r\u0131yor. \u00d6zellikle sosyal medya veya WhatsApp \u00fczerinden yaz\u0131lan k\u0131sa, net ve samimi mesajlar \u00e7ok daha kal\u0131c\u0131 oluyor.<\/p>\n<\/blockquote>\n\n\n\n<p>Kimi do\u011fum g\u00fcn\u00fc mesajlar\u0131n\u0131n fazla haz\u0131r kal\u0131pl\u0131, y\u00fczeysel veya so\u011fuk hissettirmesi, \u201clay\u0131k\u0131yla kutlamad\u0131m\u201d duygusu yaratabilir.\u00a0<strong>Ayn\u0131 mesaj\u0131 herkese g\u00f6ndermekten, fazla abart\u0131l\u0131 \u00f6vg\u00fcler ya da samimiyetsiz tebriklerden uzak durmak gerekir.<\/strong><\/p>\n\n\n\n<h2 class=\"wp-block-heading\">Eltiye Do\u011fum G\u00fcn\u00fc Mesajlar\u0131 \ud83d\udc6d<\/h2>\n\n\n\n<figure class=\"wp-block-table\"><table class=\"has-fixed-layout\"><thead><tr><th>Mesaj Anlam\u0131<\/th><th>Eltiye Do\u011fum G\u00fcn\u00fc Mesaj\u0131<\/th><\/tr><\/thead><tbody><tr><td>Komik<\/td><td>\u201cCan\u0131m eltim, ya\u015f\u0131n\u0131 soran olursa \u2018tecr\u00fcbelerim artt\u0131\u2019 de! Pastadaki mumlar de\u011fil, kalbindeki ne\u015fe \u00f6nemli! \u0130tfaiyeyi haz\u0131rlad\u0131k, iyi ki do\u011fdun!\u201d<\/td><\/tr><tr><td>Komik<\/td><td>\u201cYa\u015fland\u0131k\u00e7a de\u011fil, tecr\u00fcbeler kazand\u0131k\u00e7a g\u00fczelle\u015fiyorsun! Neyse ki bu h\u0131zla bir asra gidiyoruz. Do\u011fum g\u00fcn\u00fcn kutlu olsun!\u201d<\/td><\/tr><tr><td>Komik<\/td><td>\u201cYa\u015f\u0131n\u0131 saklama, yan\u0131nda seni gen\u00e7 g\u00f6sterecek biri var: Ben! \u0130yi ki do\u011fdun, elti dostum!\u201d<\/td><\/tr><tr><td>Anlaml\u0131<\/td><td>\u201cEltim, senin gibi i\u00e7ten ve sevgi dolu bir insan\u0131 tan\u0131mak ger\u00e7ek bir zenginlik. Do\u011fum g\u00fcn\u00fcn kutlu olsun, seni \u00e7ok seviyorum!\u201d<\/td><\/tr><tr><td>Anlaml\u0131<\/td><td>\u201cSen hayat\u0131ma girdi\u011finden beri her \u015fey daha renkli. Hem bir dostum hem de karde\u015fim oldu\u011fun i\u00e7in te\u015fekk\u00fcrler! Nice ya\u015flara elticim!\u201d<\/td><\/tr><tr><td>Klasik<\/td><td>\u201cMutlu y\u0131llar eltim, her \u015fey g\u00f6nl\u00fcnce olsun! \u0130yi ki do\u011fdun, ne\u015fen daim olsun.\u201d<\/td><\/tr><tr><td>Klasik<\/td><td>\u201cDo\u011fum g\u00fcn\u00fcn kutlu olsun elticim! Yeni ya\u015f\u0131n ba\u015far\u0131, sa\u011fl\u0131k ve mutluluk getirsin.\u201d<\/td><\/tr><tr><td>Anlaml\u0131<\/td><td>\u201cElti olmak kolay de\u011fil, ama seninle olmak \u00e7ok e\u011flenceli! Birlikte nice g\u00fczel y\u0131l dile\u011fimle, iyi ki vars\u0131n!\u201d<\/td><\/tr><tr><td>Komik<\/td><td>\u201cPastadaki mumlar\u0131n say\u0131s\u0131 ile \u00f6v\u00fcnmekten vazge\u00e7, as\u0131l g\u00fczellik her y\u0131l daha da komik olman!\u201d<\/td><\/tr><tr><td>Esprili<\/td><td>\u201cOrtal\u0131\u011f\u0131 kar\u0131\u015ft\u0131raca\u011f\u0131n, kaynanam\u0131 \u00e7ileden \u00e7\u0131karaca\u011f\u0131n harika bir ya\u015f dilerim!\u201d<\/td><\/tr><tr><td>Klasik<\/td><td>\u201cDo\u011fum g\u00fcn\u00fcn kutlu olsun eltim! Dilerim yeni ya\u015f\u0131n yepyeni mutluluklar getirir. Hep g\u00fcl, hep parla!\u201d<\/td><\/tr><tr><td>Anlaml\u0131<\/td><td>\u201cBirlikte nice g\u00fczel an\u0131lar biriktirece\u011fimize inan\u0131yorum. Bug\u00fcn yine iyi ki do\u011fdun eltim!\u201d<\/td><\/tr><\/tbody><\/table><\/figure>\n\n\n\n<h2 class=\"wp-block-heading\" id=\"doum-gnn-kutlu-olsun-elticiim-szleri\">Eltiye Do\u011fum G\u00fcn\u00fc Mesaj\u0131 Anlaml\u0131<\/h2>\n\n\n\n<ul class=\"wp-block-list\">\n<li>\u201cDo\u011fum g\u00fcn\u00fcn kutlu olsun elticim, yeni ya\u015f\u0131nda hayallerin hep ger\u00e7ek olsun.\u201d<\/li>\n\n\n\n<li>\u201cHer zaman g\u00fcl\u00fcmsemeni ve ne\u015feni koru, iyi ki do\u011fdun can\u0131m eltim.\u201d<\/li>\n\n\n\n<li>\u201cDo\u011fum g\u00fcn\u00fcn seni daha mutlu, sa\u011fl\u0131kl\u0131 ve huzurlu yaps\u0131n. Hep beraber nice g\u00fczel y\u0131llara!\u201d<\/li>\n\n\n\n<li>\u201cSenin gibi bir eltiye sahip olmak b\u00fcy\u00fck \u015fans. \u0130yi ki do\u011fdun, nice y\u0131llara!\u201d<\/li>\n\n\n\n<li>\u201cHayat\u0131ndaki her an\u0131n en az bug\u00fcn kadar parlak ge\u00e7sin elticim. Do\u011fum g\u00fcn\u00fcn kutlu olsun!\u201d<\/li>\n<\/ul>\n\n\n\n<h2 class=\"wp-block-heading\" id=\"doum-gn-olan-birine-neler-yaplabilir\">Do\u011fum G\u00fcn\u00fc Olan Birine Neler Yap\u0131labilir? \ud83c\udf89<\/h2>\n\n\n\n<p>\u00d6zel bir do\u011fum g\u00fcn\u00fc mesaj\u0131 haricinde k\u00fc\u00e7\u00fck ama anlaml\u0131 bir hediye verilebilir. Hediye verilmese dahi not b\u0131rakabilirsiniz. Beraber e\u011flenceli olan aktiviteleri yapmay\u0131 deneyebilirsiniz. Piknik, film izleme gibi aktiviteler de\u011ferli hissettirecektir. <\/p>\n\n\n\n<h2 class=\"wp-block-heading\">Do\u011fum G\u00fcn\u00fc Kutlamas\u0131nda Yap\u0131labilecekler<\/h2>\n\n\n\n<figure class=\"wp-block-table\"><table class=\"has-fixed-layout\"><thead><tr><th>Do\u011fum G\u00fcn\u00fc Fikri<\/th><th>Duygu\/Etkisi<\/th><\/tr><\/thead><tbody><tr><td>S\u00fcrpriz mesaj ya da kart<\/td><td>De\u011ferli ve \u00f6zel hissetme<\/td><\/tr><tr><td>S\u00fcrpriz kutlama\/parti<\/td><td>Heyecan, aidiyet<\/td><\/tr><tr><td>Ki\u015fisel hediye\/hat\u0131ra<\/td><td>Ba\u011fl\u0131l\u0131k, uzun s\u00fcreli mutluluk<\/td><\/tr><tr><td>Foto\u011fraf alb\u00fcm\u00fc\/an\u0131 defteri<\/td><td>An\u0131lar\u0131n kal\u0131c\u0131l\u0131\u011f\u0131<\/td><\/tr><tr><td>Beraber etkinlik<\/td><td>Ortak e\u011flence ve payla\u015f\u0131m<\/td><\/tr><tr><td>Video mesaj<\/td><td>Uzakta dahi olunsa yak\u0131n olma<\/td><\/tr><\/tbody><\/table><\/figure>\n","protected":false},"excerpt":{"rendered":"<p>Eltiye do\u011fum g\u00fcn\u00fc mesaj\u0131, aile ba\u011flar\u0131n\u0131 g\u00fc\u00e7lendiren, aradaki dostlu\u011fu ve samimiyeti yans\u0131tan bir f\u0131rsatt\u0131r.\u00a0Kimi zaman esprili, kimi zaman anlaml\u0131 bir do\u011fum g\u00fcn\u00fc kutlamas\u0131 ile elti ili\u015fkisine renk ve sevgi katmak m\u00fcmk\u00fcnd\u00fcr. Ara\u015ft\u0131rmalara g\u00f6re: \u00d6zel g\u00fcnlerde, eltiye g\u00f6nderilen do\u011fum g\u00fcn\u00fc mesajlar\u0131nda mizah ve i\u00e7ten dilekler etkisini iki kat art\u0131r\u0131yor. \u00d6zellikle sosyal medya veya WhatsApp \u00fczerinden yaz\u0131lan<\/p>\n","protected":false},"author":3,"featured_media":8053,"comment_status":"open","ping_status":"open","sticky":false,"template":"","format":"standard","meta":{"footnotes":"","_wpscppro_dont_share_socialmedia":false,"_wpscppro_custom_social_share_image":0,"_facebook_share_type":"default","_twitter_share_type":"default","_linkedin_share_type":"default","_pinterest_share_type":"default","_linkedin_share_type_page":"","_instagram_share_type":"default","_medium_share_type":"default","_threads_share_type":"default","_google_business_share_type":"default","_selected_social_profile":[],"_wpsp_enable_custom_social_template":false,"_wpsp_social_scheduling":{"enabled":false,"datetime":null,"platforms":[],"status":"template_only","dateOption":"today","timeOption":"now","customDays":"","customHours":"","customDate":"","customTime":"","schedulingType":"absolute"},"_wpsp_active_default_template":true},"categories":[34],"tags":[],"class_list":{"0":"post-8052","1":"post","2":"type-post","3":"status-publish","4":"format-standard","5":"has-post-thumbnail","7":"category-iliskiler-yasam"},"_links":{"self":[{"href":"https:\/\/backlinkdanismani.com\/icerik\/wp-json\/wp\/v2\/posts\/8052","targetHints":{"allow":["GET"]}}],"collection":[{"href":"https:\/\/backlinkdanismani.com\/icerik\/wp-json\/wp\/v2\/posts"}],"about":[{"href":"https:\/\/backlinkdanismani.com\/icerik\/wp-json\/wp\/v2\/types\/post"}],"author":[{"embeddable":true,"href":"https:\/\/backlinkdanismani.com\/icerik\/wp-json\/wp\/v2\/users\/3"}],"replies":[{"embeddable":true,"href":"https:\/\/backlinkdanismani.com\/icerik\/wp-json\/wp\/v2\/comments?post=8052"}],"version-history":[{"count":1,"href":"https:\/\/backlinkdanismani.com\/icerik\/wp-json\/wp\/v2\/posts\/8052\/revisions"}],"predecessor-version":[{"id":8054,"href":"https:\/\/backlinkdanismani.com\/icerik\/wp-json\/wp\/v2\/posts\/8052\/revisions\/8054"}],"wp:featuredmedia":[{"embeddable":true,"href":"https:\/\/backlinkdanismani.com\/icerik\/wp-json\/wp\/v2\/media\/8053"}],"wp:attachment":[{"href":"https:\/\/backlinkdanismani.com\/icerik\/wp-json\/wp\/v2\/media?parent=8052"}],"wp:term":[{"taxonomy":"category","embeddable":true,"href":"https:\/\/backlinkdanismani.com\/icerik\/wp-json\/wp\/v2\/categories?post=8052"},{"taxonomy":"post_tag","embeddable":true,"href":"https:\/\/backlinkdanismani.com\/icerik\/wp-json\/wp\/v2\/tags?post=8052"}],"curies":[{"name":"wp","href":"https:\/\/api.w.org\/{rel}","templated":true}]}}