{"id":8019,"date":"2025-08-31T03:15:30","date_gmt":"2025-08-31T00:15:30","guid":{"rendered":"https:\/\/backlinkdanismani.com\/icerik\/?p=8019"},"modified":"2026-01-02T03:42:52","modified_gmt":"2026-01-02T00:42:52","slug":"ayrilik-sozleri","status":"publish","type":"post","link":"https:\/\/backlinkdanismani.com\/icerik\/ayrilik-sozleri\/","title":{"rendered":"Ayr\u0131l\u0131k S\u00f6zleri (A\u011f\u0131r, Anlaml\u0131, K\u0131sa, K\u0131rmadan)"},"content":{"rendered":"\n<p>Ayr\u0131l\u0131k s\u00f6zleri, zor bir vedan\u0131n duygusunu, ya\u015fanm\u0131\u015fl\u0131\u011f\u0131n\u0131 ve dersini ifade eder.&nbsp;<strong>A\u011f\u0131r, anlaml\u0131, k\u0131sa ve k\u0131rmadan ayr\u0131l\u0131k s\u00f6zleriyle; duygunuzu, centilmenli\u011finizi ve yeniden ba\u015flama g\u00fcc\u00fcn\u00fcz\u00fc ortaya koyars\u0131n\u0131z.<\/strong>&nbsp;Hayat\u0131n her d\u00f6neminde, ayr\u0131l\u0131k bir son de\u011fil; yeni ba\u015flang\u0131\u00e7lar\u0131n habercisidir.<\/p>\n\n\n\n<blockquote class=\"wp-block-quote is-layout-flow wp-block-quote-is-layout-flow\">\n<p><strong>Mikro Bilgi: <\/strong>Ara\u015ft\u0131rmalara g\u00f6re, nezaketle yap\u0131lan ayr\u0131l\u0131k konu\u015fmalar\u0131, ki\u015filerin ilerleyen s\u00fcre\u00e7te daha sa\u011fl\u0131kl\u0131 ili\u015fkiler kurmas\u0131na katk\u0131 sa\u011flar. \u00d6zellikle k\u0131sa ve net ayr\u0131l\u0131k s\u00f6zleri, \u00e7at\u0131\u015fman\u0131n \u00f6n\u00fcne ge\u00e7er ve psikolojik y\u0131pranmay\u0131 en aza indirir.<\/p>\n<\/blockquote>\n\n\n\n<p><strong>Ayr\u0131l\u0131k an\u0131nda;<\/strong> \u201cSenin y\u00fcz\u00fcnden!\u201d, \u201cAsla affetmeyece\u011fim!\u201d gibi su\u00e7lay\u0131c\u0131, travmatik ve bask\u0131 olu\u015fturan c\u00fcmlelerden uzak durmal\u0131s\u0131n\u0131z. Uzmanlara g\u00f6re, duygunun t\u00fcm y\u00fck\u00fcn\u00fc kar\u015f\u0131ya b\u0131rakmak ili\u015fkilerde kal\u0131c\u0131 hasar yarat\u0131r ve ileride kar\u015f\u0131la\u015f\u0131lacak ileti\u015fim sorunlar\u0131na zemin haz\u0131rlar.<\/p>\n\n\n\n<h2 class=\"wp-block-heading\">A\u011f\u0131r Ayr\u0131l\u0131k S\u00f6zleri<\/h2>\n\n\n\n<p>A\u011f\u0131r ayr\u0131l\u0131k s\u00f6zleri, derin bir pi\u015fmanl\u0131k, k\u0131rg\u0131nl\u0131k veya hayal k\u0131r\u0131kl\u0131\u011f\u0131n\u0131 ifade eder. Bu tip c\u00fcmleler \u00e7o\u011funlukla i\u00e7sel bir y\u00fczle\u015fmeyi ve vedan\u0131n a\u011f\u0131rl\u0131\u011f\u0131n\u0131 ta\u015f\u0131r.<\/p>\n\n\n\n<figure class=\"wp-block-table\"><table class=\"has-fixed-layout\"><thead><tr><th>Ayr\u0131l\u0131k S\u00f6z\u00fc<\/th><th>Duygusu<\/th><\/tr><\/thead><tbody><tr><td>Benimle ya\u015fad\u0131\u011f\u0131n\u0131 sand\u0131n, \u015fimdi bensizli\u011fe al\u0131\u015f.<\/td><td>Hayal k\u0131r\u0131kl\u0131\u011f\u0131<\/td><\/tr><tr><td>K\u0131r\u0131kl\u0131klar\u0131m\u0131n sorumlusu bir daha ba\u015fkas\u0131 olamaz.<\/td><td>Derin k\u0131zg\u0131nl\u0131k<\/td><\/tr><tr><td>Bana sordu\u011fun ama hi\u00e7 cevap beklemedi\u011fin vedalar\u2026<\/td><td>Yorgunluk<\/td><\/tr><tr><td>Gidi\u015fin kadar sessiz, varl\u0131\u011f\u0131n kadar \u0131ss\u0131z kald\u0131m.<\/td><td>\u00c7aresizlik<\/td><\/tr><tr><td>Ger\u00e7ek sevgi de\u011filmi\u015f; maskeni ayr\u0131l\u0131k d\u00fc\u015f\u00fcrd\u00fc.<\/td><td>Anlama, \u00e7\u00f6z\u00fclme<\/td><\/tr><\/tbody><\/table><\/figure>\n\n\n\n<h2 class=\"wp-block-heading\" id=\"ksa-ayrlk-szleri\">K\u0131sa Ayr\u0131l\u0131k S\u00f6zleri<\/h2>\n\n\n\n<p>K\u0131sa ayr\u0131l\u0131k s\u00f6zleri, duyguyu sade ve net \u015fekilde aktarmak isteyenler i\u00e7in idealdir. Genellikle, gereksiz detay i\u00e7ermeyen, do\u011frudan veda ifadeleriyle kar\u015f\u0131ya olumlu mesaj b\u0131rak\u0131r.<\/p>\n\n\n\n<ul class=\"wp-block-list\">\n<li>Ho\u015f\u00e7a kal, yolun hep a\u00e7\u0131k olsun.<\/li>\n\n\n\n<li>Y\u00fcre\u011fim serbest, senle mahkumdu.<\/li>\n\n\n\n<li>Ne yana d\u00f6nsem sendeyim, art\u0131k kendime d\u00f6n\u00fcyorum.<\/li>\n\n\n\n<li>Delice sevdim, sessizce unutaca\u011f\u0131m.<\/li>\n\n\n\n<li>Tek tarafl\u0131 ya\u015fanan yer a\u015fk de\u011fil, yaln\u0131zl\u0131km\u0131\u015f.<\/li>\n<\/ul>\n\n\n\n<h2 class=\"wp-block-heading\" id=\"duygusal-ayrlk-szleri\">Duygusal Ayr\u0131l\u0131k S\u00f6zleri<\/h2>\n\n\n\n<p>Bu b\u00f6l\u00fcm,&nbsp;<strong>duygular\u0131 derinlemesine ileten s\u00f6zler<\/strong>&nbsp;bar\u0131nd\u0131r\u0131r. Duygusal ayr\u0131l\u0131k c\u00fcmleleri, h\u00fcz\u00fcn ve \u00f6zlem i\u00e7erir; ili\u015fkilerin biti\u015fini olgunluk ve sayg\u0131 ile ifade eder.<\/p>\n\n\n\n<ul class=\"wp-block-list\">\n<li>Sana dair umutlar\u0131mdan vazge\u00e7mek en \u00e7ok kendimi \u00fcz\u00fcyor.<\/li>\n\n\n\n<li>Ayr\u0131l\u0131k dedi\u011fin; senle ya\u015fanan en uzun sessizlik.<\/li>\n\n\n\n<li>Birlikte b\u00fcy\u00fcd\u00fck ama ayr\u0131l\u0131\u011fa k\u00fc\u00e7\u00fck kald\u0131k.<\/li>\n\n\n\n<li>Ak\u015famlar uzun, ama sensiz her an daha zor.<\/li>\n\n\n\n<li>Elini b\u0131rak\u0131nca ruhum da eksildi.<\/li>\n<\/ul>\n\n\n\n<h2 class=\"wp-block-heading\" id=\"severek-ayrlma-szleri\">Severek Ayr\u0131lma S\u00f6zleri<\/h2>\n\n\n\n<p>Severek ayr\u0131lma, kar\u015f\u0131l\u0131kl\u0131 sayg\u0131y\u0131 ve sevgiyi s\u00fcrd\u00fcr\u00fcr. Birbirine zarar vermemek, veda an\u0131nda duyguyu k\u0131rmadan aktarmak i\u00e7in bu tarz s\u00f6zler tercih edilir.<\/p>\n\n\n\n<ul class=\"wp-block-list\">\n<li>Sana duydu\u011fum sevgi, bizi ay\u0131rmaya yetmedi.<\/li>\n\n\n\n<li>Bazen sevmek gitmeyi gerektirir.<\/li>\n\n\n\n<li>Kalbimde yerin h\u00e2l\u00e2 var, yollar\u0131m\u0131z ba\u015fka.<\/li>\n\n\n\n<li>Elveda, seni sevmedi\u011fim i\u00e7in de\u011fil, sana zarar vermemek i\u00e7in.<\/li>\n\n\n\n<li>G\u00fczel ba\u015flad\u0131k, g\u00fczel bitirmek isterdim.<\/li>\n<\/ul>\n\n\n\n<h2 class=\"wp-block-heading\" id=\"erkee-ayrlk-szleri\">Erke\u011fe Ayr\u0131l\u0131k S\u00f6zleri<\/h2>\n\n\n\n<p>Erkekler i\u00e7in ayr\u0131l\u0131k c\u00fcmlelerinde; \u00f6zg\u00fcnl\u00fck, netlik ve sayg\u0131 \u00f6n plana \u00e7\u0131kar. K\u0131rmadan yap\u0131lan veda, incelikli bir final sa\u011flar.<\/p>\n\n\n\n<ul class=\"wp-block-list\">\n<li>G\u00fcc\u00fcne hep imrenirdim, \u015fimdi kendi g\u00fcc\u00fcm\u00fc buluyorum.<\/li>\n\n\n\n<li>Seni \u00fczmek istemezdim, ama mutsuz kalmak da istemem.<\/li>\n\n\n\n<li>Erke\u011fe yak\u0131\u015fan vedalar, sessiz ve olgun olmal\u0131.<\/li>\n\n\n\n<li>Seninle ge\u00e7irdi\u011fim zaman i\u00e7in minnettar\u0131m.<\/li>\n\n\n\n<li>Yolun a\u00e7\u0131k, hayat\u0131n huzurlu olsun.<\/li>\n<\/ul>\n\n\n\n<h2 class=\"wp-block-heading\" id=\"bu-szleri-nasl-paylamalsnz\">Bu S\u00f6zleri Nas\u0131l Payla\u015fmal\u0131s\u0131n\u0131z? \ud83e\udd1d<\/h2>\n\n\n\n<p>Payla\u015f\u0131rken uzun a\u00e7\u0131klamalar yerine \u00f6zl\u00fc ve duygusal kelimeler kullan\u0131n. \u00d6zellikle zor ayr\u0131l\u0131klarda, s\u00f6zleri y\u00fcz y\u00fcze ve sakin bir ortamda dile getirmek en do\u011frusudur. Kesinlikle ba\u015fkalar\u0131n\u0131n yan\u0131nda, alayc\u0131 veya i\u011fneleyici ifadelerden uzak durarak ileti\u015fim kurmal\u0131s\u0131n\u0131z.<\/p>\n\n\n\n<p>Di\u011fer \u0130\u00e7erik: <a href=\"https:\/\/backlinkdanismani.com\/icerik\/gonul-alma-sozleri\/\" data-type=\"post\" data-id=\"8015\">\u00d6z\u00fcr Mesajlar\u0131<\/a><\/p>\n","protected":false},"excerpt":{"rendered":"<p>Ayr\u0131l\u0131k s\u00f6zleri, zor bir vedan\u0131n duygusunu, ya\u015fanm\u0131\u015fl\u0131\u011f\u0131n\u0131 ve dersini ifade eder.&nbsp;A\u011f\u0131r, anlaml\u0131, k\u0131sa ve k\u0131rmadan ayr\u0131l\u0131k s\u00f6zleriyle; duygunuzu, centilmenli\u011finizi ve yeniden ba\u015flama g\u00fcc\u00fcn\u00fcz\u00fc ortaya koyars\u0131n\u0131z.&nbsp;Hayat\u0131n her d\u00f6neminde, ayr\u0131l\u0131k bir son de\u011fil; yeni ba\u015flang\u0131\u00e7lar\u0131n habercisidir. Mikro Bilgi: Ara\u015ft\u0131rmalara g\u00f6re, nezaketle yap\u0131lan ayr\u0131l\u0131k konu\u015fmalar\u0131, ki\u015filerin ilerleyen s\u00fcre\u00e7te daha sa\u011fl\u0131kl\u0131 ili\u015fkiler kurmas\u0131na katk\u0131 sa\u011flar. \u00d6zellikle k\u0131sa ve net<\/p>\n","protected":false},"author":3,"featured_media":8020,"comment_status":"open","ping_status":"open","sticky":false,"template":"","format":"standard","meta":{"footnotes":"","_wpscppro_dont_share_socialmedia":false,"_wpscppro_custom_social_share_image":0,"_facebook_share_type":"default","_twitter_share_type":"default","_linkedin_share_type":"default","_pinterest_share_type":"default","_linkedin_share_type_page":"","_instagram_share_type":"default","_medium_share_type":"default","_threads_share_type":"","_google_business_share_type":"","_selected_social_profile":[],"_wpsp_enable_custom_social_template":false,"_wpsp_social_scheduling":{"enabled":false,"datetime":null,"platforms":[],"status":"template_only","dateOption":"today","timeOption":"now","customDays":"","customHours":"","customDate":"","customTime":"","schedulingType":"absolute"},"_wpsp_active_default_template":true},"categories":[34],"tags":[],"class_list":{"0":"post-8019","1":"post","2":"type-post","3":"status-publish","4":"format-standard","5":"has-post-thumbnail","7":"category-iliskiler-yasam"},"_links":{"self":[{"href":"https:\/\/backlinkdanismani.com\/icerik\/wp-json\/wp\/v2\/posts\/8019","targetHints":{"allow":["GET"]}}],"collection":[{"href":"https:\/\/backlinkdanismani.com\/icerik\/wp-json\/wp\/v2\/posts"}],"about":[{"href":"https:\/\/backlinkdanismani.com\/icerik\/wp-json\/wp\/v2\/types\/post"}],"author":[{"embeddable":true,"href":"https:\/\/backlinkdanismani.com\/icerik\/wp-json\/wp\/v2\/users\/3"}],"replies":[{"embeddable":true,"href":"https:\/\/backlinkdanismani.com\/icerik\/wp-json\/wp\/v2\/comments?post=8019"}],"version-history":[{"count":2,"href":"https:\/\/backlinkdanismani.com\/icerik\/wp-json\/wp\/v2\/posts\/8019\/revisions"}],"predecessor-version":[{"id":8100,"href":"https:\/\/backlinkdanismani.com\/icerik\/wp-json\/wp\/v2\/posts\/8019\/revisions\/8100"}],"wp:featuredmedia":[{"embeddable":true,"href":"https:\/\/backlinkdanismani.com\/icerik\/wp-json\/wp\/v2\/media\/8020"}],"wp:attachment":[{"href":"https:\/\/backlinkdanismani.com\/icerik\/wp-json\/wp\/v2\/media?parent=8019"}],"wp:term":[{"taxonomy":"category","embeddable":true,"href":"https:\/\/backlinkdanismani.com\/icerik\/wp-json\/wp\/v2\/categories?post=8019"},{"taxonomy":"post_tag","embeddable":true,"href":"https:\/\/backlinkdanismani.com\/icerik\/wp-json\/wp\/v2\/tags?post=8019"}],"curies":[{"name":"wp","href":"https:\/\/api.w.org\/{rel}","templated":true}]}}